{"id":9361,"date":"2021-07-09T15:41:53","date_gmt":"2021-07-09T13:41:53","guid":{"rendered":"https:\/\/www.legipermis.com\/blog\/?p=9361"},"modified":"2021-08-24T13:10:01","modified_gmt":"2021-08-24T11:10:01","slug":"limitation-de-vitesse-30kmh-paris-les-rues-a-50-kmh","status":"publish","type":"post","link":"https:\/\/www.legipermis.com\/blog\/2021\/07\/09\/limitation-de-vitesse-30kmh-paris-les-rues-a-50-kmh\/","title":{"rendered":"Vitesse \u00e0 30km\/h \u00e0 Paris : la liste des rues \u00e0 50 km\/h"},"content":{"rendered":"<div style=\"text-align:right;\"><em style=\"font-size:12.9px;font-weight:bold;\" class=\"last-modified\">Mis \u00e0 jour le 24\/08\/2021.<\/em><\/div>\n<p>A partir de la date du <strong>30 ao\u00fbt 2021<\/strong> et de la rentr\u00e9e de septembre, l&#8217;ensemble de la ville de <a href=\"\/paris.html\">Paris<\/a> conna\u00eetra <strong>une limitation de vitesse \u00e0 30 km\/h<\/strong> \u00e0 l&#8217;exception du boulevard p\u00e9riph\u00e9rique et des quelques avenues et rues dont nous allons vous faire la liste dans cet article. Cette mesure voulue par la mairie de Paris, s&#8217;inscrit dans un plan int\u00e9grant la r\u00e9duction de la pollution, de s\u00e9curit\u00e9 routi\u00e8re ainsi que d&#8217;un meilleur partage de l\u2019espace public avec les nouvelles formes de mobilit\u00e9.<\/p>\n\n\n\n<h2 class=\"wp-block-heading\">Qui est concern\u00e9 par la nouvelle limitation \u00e0 30 km\/h ?<\/h2>\n\n\n\n<p>L&#8217;ensemble ou presque de la ville de Paris est limit\u00e9e \u00e0 30 km\/h y compris les voies des bois de Boulogne et de Vincennes, \u00e0 l&#8217;exception du boulevard p\u00e9riph\u00e9rique qui reste limit\u00e9 \u00e0 70 km\/h et des zones des rues que nous allons lister plus bas.<\/p>\n\n\n\n<h2 class=\"wp-block-heading\">Quelles sont les zones qui restent \u00e0 50 km\/h ?<\/h2>\n\n\n\n<p>L&#8217;<a href=\"https:\/\/cdn.paris.fr\/paris\/2021\/07\/09\/0537b3f7665d1956261b6524e37dab35.pdf\" target=\"_blank\" rel=\"noreferrer noopener\">arr\u00eat\u00e9 n\u00b02021P110904<\/a> sign\u00e9 par le Pr\u00e9fet de Police de Paris Didier LALLEMENT et la directrice<br>de la Voie et des d\u00e9placements Caroline GRANDJEAN le 8 juillet 2021 d\u00e9finit quelles sont les zones dont la vitesse maximale reste limit\u00e9e \u00e0 50 km\/h.<\/p>\n\n\n\n<ul class=\"wp-block-list\"><li>Boulevard Soult, 12\u00e8me arrondissement, dans sa partie comprise entre l&#8217;avenue de la Porte de Vincennes et la rue Montempoivre;<\/li><li>Boulevard Soult, 12\u00e8me arrondissement, dans sa partie comprise entre la rue Rottembourg et la rue de l&#8217;Amiral la Ronci\u00e8re le Noury ;<\/li><li>Boulevard Poniatowski, 12\u00e8me arrondissement;<\/li><li>Pont National, 12<em>\u00e8me et 13<\/em>\u00e8me arrondissement ;<\/li><li>Boulevard du G\u00e9n\u00e9ral Jean Simon, 13\u00e8me arrondissement;<\/li><li>Boulevard Mass\u00e9na, 13\u00e8me arrondissement;<\/li><li>Boulevard Kellermann, 13\u00e8me arrondissement ;<\/li><li>Boulevard Jourdan, 14\u00e8me arrondissement, \u00e0 l\u2019exception d\u2019une bande de 50 m\u00e8tres de part et d\u2019autre de la Cit\u00e9 Universitaire ;<\/li><li>Boulevard Brune, 14\u00e8me arrondissement;<\/li><li>Boulevard Lefebvre, 15\u00e8me arrondissement ;<\/li><li>Boulevard Victor, 15\u00e8me arrondissement ;<\/li><li>Boulevard du G\u00e9n\u00e9ral Martial Valin, 15 \u00e8me arrondissement;<\/li><li>Pont du Garigliano, 15\u00e8me et 16\u00e8me arrondissement; <\/li><li>Boulevard Exelmans, 16\u00e8me arrondissement;<\/li><li>Boulevard Suchet, 16\u00e8me arrondissement; <\/li><li>Boulevard Lannes, 16\u00e8me arrondissement, dans sa partie comprise entre la Place de la Colombie et la rue Dufrenoy;<\/li><li>Boulevard Lannes, 16\u00e8me arrondissement, dans sa partie comprise entre l&#8217;avenue de Pologne et le passage souterrain Henri Gaillard ;<\/li><li>Passage souterrain Henri Gaillard, 16\u00e8me arrondissement; <\/li><li>Boulevard de l&#8217;Amiral Bruix, 16\u00e8me arrondissement, dans sa partie comprise entre le passage souterrain Henri Gaillard et le boulevard Thierry de Martel; <\/li><li>Boulevard Thierry de Martel, 16\u00e8me arrondissement, dans sa partie comprise entre le boulevard de l\u2019 Amiral Bruix et le passage souterrain Maillot; <\/li><li>Passage souterrain Maillot, 16\u00e8me et 17\u00e8me arrondissements; <\/li><li>Boulevard Pershing, 17\u00e8me arrondissement; <\/li><li>Boulevard Gouvion-Saint-Cyr, 17\u00e8me arrondissement, dans sa partie comprise entre le boulevard Pershing et le passage souterrain Champerret<em> ;<\/em><\/li><li>Passage souterrain Champerret, 17\u00e8me arrondissement;<\/li><li>Boulevard Berthier, 17\u00e8me arrondissement, dans sa partie comprise entre la place Paul L\u00e9autaud et la rue de l&#8217;Abb\u00e9 Rousselot ;<\/li><li>Boulevard Berthier, 17\u00e8me arrondissement, dans sa partie comprise entre le n\u00b0110 et l&#8217;avenue de la Porte d&#8217;Asni\u00e8res ; <\/li><li>Boulevard Berthier, 17\u00e8me arrondissement, dans sa partie comprise entre la rue Marguerite Long et l&#8217;avenue de la Porte de Clichy ; <\/li><li>Boulevard Bessi\u00e8res, 17\u00e8me arrondissement, dans sa partie comprise entre l&#8217;avenue de la Porte de Clichy et la rue Guttin ; <\/li><li>Boulevard Bessi\u00e8res, 17\u00e8me arrondissement, dans sa partie comprise entre la rue Bessi\u00e8res et la rue du Docteur Paul Brousse ; <\/li><li>Boulevard Bessi\u00e8res, 17\u00e8me arrondissement, dans sa partie comprise entre la rue Pouchet et l&#8217;avenue de la Porte de Saint-Ouen ; <\/li><li>Boulevard Ney, 18\u00e8me arrondissement; <\/li><li>Boulevard Macdonald, 19\u00e8me arrondissement, par le passage souterrain Villette ; <\/li><li>Passage souterrain Villette, 19\u00e8me arrondissement; <\/li><li>Boulevard S\u00e9rurier, 19\u00e8me arrondissement, depuis le boulevard Macdonald vers et jusqu\u2019\u00e0 la voie Cz\/19 ;<\/li><li>Voie Cz\/19, 19\u00e8me arrondissement, depuis le boulevard S\u00e9rurier vers et jusqu\u2019au boulevard d\u2019Indochine; <\/li><li>Voie Cy\/19, 19\u00e8me arrondissement, depuis la place de la Porte de Chaumont vers jusqu\u2019au boulevard S\u00e9rurier ; <\/li><li>Boulevard S\u00e9rurier, 19\u00e8me arrondissement, depuis la voie Cy\/19 vers et jusqu\u2019au boulevard Macdonald ; <\/li><li>Boulevard d\u2019Indochine, 19\u00e8me arrondissement, dans sa partie comprise entre la place de la Porte de Chaumont et l\u2019avenue de la Porte Brunet ; <\/li><li>Boulevard d\u2019Alg\u00e9rie, 19\u00e8me arrondissement ; <\/li><li>Boulevard S\u00e9rurier, 19% arrondissement, dans sa partie comprise entre l&#8217;avenue de la Porte du Pr\u00e9-Saint-Gervais et l\u2019avenue de la Porte des Lilas ; <\/li><li>Boulevard Mortier, 20\u00e8me arrondissement; <\/li><li>Boulevard Davout, 20\u00e8me arrondissement, dans sa partie comprise entre l&#8217;avenue de la Porte de Bagnolet et le N\u00b060 ; <\/li><li>Boulevard Davout, 20\u00e8me arrondissement, dans sa partie comprise entre la rue Paganini et l&#8217;avenue de la Porte de Vincennes ; <\/li><li>Avenue des Chanps-\u00c9lys\u00e9es, 8\u00e8me arrondissement ; <\/li><li>Boulevard Malesherbes, 8\u00e8me et 17\u00e8me arrondissements, dans sa partie comprise entre la place de la Madeleine et la rue Cardinet ; <\/li><li>Rue Royale, 8\u00e8me arrondissement ; <\/li><li>Avenue de Gravelle, 12\u00e8me arrondissement ; <\/li><li>Avenue de la Porte de Vincennes, 12\u00e8me et 20\u00e8me arrondissement; <\/li><li>Avenue de Nogent, 12\u00e8me arrondissement; <\/li><li>Avenue de Saint-Maurice, 12\u00e8me arrondissement ; <\/li><li>Avenue du Tremblay, 12\u00e8me arrondissement; <\/li><li>Boulevard Diderot, 12\u00e8me arrondissement, dans sa partie comprise entre la place de la Nation et la rue de Picpus ;<\/li><li>Boulevard Diderot, 12\u00e8me arrondissement, dans sa partie comprise entre la rue Pierre Bourdan et l&#8217;avenue Daumesnil;<\/li><li>Boulevard Diderot, 12\u00e8me arrondissement, dans sa partie comprise entre la rue Jean Bouton et le quai de la R\u00e2p\u00e9e ;<\/li><li>Cours de Vincennes, 12\u00e8me et 20\u00e8me arrondissements ;<\/li><li>Route de la Pyramide, 12\u00e8me arrondissement, dans sa partie comprise entre la route de la Ferme et l&#8217;Esplanade Saint-Louis, \u00e0 l&#8217;exception d&#8217;une bande de 90 m\u00e8tres en amont de l&#8217;intersection avec l&#8217;Esplanade Saint-Louis ;<\/li><li>Avenue de la Porte d&#8217;Orl\u00e9ans, 14\u00e8me arrondissement ;<\/li><li>Avenue Denfert-Rochereau, 14\u00e8me arrondissement;<\/li><li>Avenue du G\u00e9n\u00e9ral Leclerc, 14\u00e8me arrondissement;<\/li><li>Avenue du Maine, 14\u00e8me arrondissement; <\/li><li>Place du 25 ao\u00fbt 1944, 14\u00e8me arrondissement; <\/li><li>Rue de la L\u00e9gion \u00c9trang\u00e8re, 14\u00e8me arrondissement<\/li><li>All\u00e9e de Longchamps, 16\u00e8me arrondissement ;<\/li><li>All\u00e9e du Bord de l&#8217;Eau,16\u00e8me arrondissement ; <\/li><li>Avenue de la Grande Arm\u00e9e, 16\u00e8me et 17\u00e8me arrondissements ;<\/li><li>Avenue de la Porte d&#8217;Auteuil, 16\u00e8me arrondissement;<\/li><li>Avenue de l&#8217;Hippodrome, 16\u00e8me arrondissement; <\/li><li>Avenue Foch, 16\u00e8me arrondissement ; <\/li><li>Boulevard Anatole France, 16\u00e8me arrondissement ;<\/li><li>Route de S\u00e8vres \u00e0 Neuilly, 16\u00e8me arrondissement :<\/li><li>Route de Suresnes, 16\u00e8me arrondissement, dans sa partie comprise entre l&#8217;all\u00e9e du Bord de l&#8217;Eau et le carrefour de Longchamps ;<\/li><li>Route des Lacs \u00e0 Passy, 16\u00e8me arrondissement;<\/li><li>Boulevard Malesherbes, 17\u00e8me arrondissement, dans sa partie comprise entre la rue Jouffroy d&#8217;Abbans et l&#8217;avenue de la Porte d&#8217;Asni\u00e8res;<\/li><li>Avenue de la Porte d&#8217;Asni\u00e8res, 17\u00e8me arrondissement ;<\/li><li>Voie Georges Pompidou, 8\u00e8me et 16\u00e8me arrondissements, depuis le quai Saint-Exup\u00e9ry vers et jusqu\u2019\u00e0 la place de la Concorde ;<\/li><li>Voie Georges Pompidou, 8\u00e8me et 16\u00e8me arrondissements, depuis la place de la Concorde vers et jusqu&#8217;\u00e0 la rue Beethoven ;<\/li><li>Voie Georges Pompidou, 4\u00e8me et 12\u00e8me arrondissements, depuis le boulevard Bourdon vers et jusqu&#8217;\u00e0 la voie Cu\/12 (Porte de Bercy);<\/li><li>Voie Georges Pompidou, 12\u00e8me arrondissements, depuis la voie Ct\/12 (Porte de Bercy) vers et jusqu&#8217;\u00e0 la rue Traversi\u00e8re ;<\/li><\/ul>\n\n\n\n<h2 class=\"wp-block-heading\">Pourquoi limiter la vitesse maximale \u00e0 Paris \u00e0 30 km\/h ?<\/h2>\n\n\n\n<p>Les raisons invoqu\u00e9es par la marie d&#8217;Anne Hidalgo sont multiples :<\/p>\n\n\n\n<ul class=\"wp-block-list\"><li>L&#8217;<strong>am\u00e9lioration de la pollution atmosph\u00e9rique et sonore<\/strong> en lien avec le <a href=\"https:\/\/librairie.ademe.fr\/air-et-bruit\/3637-impacts-des-limitations-de-vitesse-sur-la-qualite-de-l-air-le-climat-l-energie-et-le-bruit.html\" target=\"_blank\" rel=\"noreferrer noopener\">rapport de l&#8217;ADEME de 2014<\/a> de l&#8217;impact des limitations de vitesse sur la qualit\u00e9 de l\u2019air, le climat, l\u2019\u00e9nergie et le bruit en ville.<\/li><li>L&#8217;<strong>am\u00e9lioration de la s\u00e9curit\u00e9 routi\u00e8re<\/strong> notamment en ce qui concerne les distances de freinage qui sont divis\u00e9es par deux \u00e0 30 km\/h par rapport \u00e0 50 km\/h. La protection des pi\u00e9tons en ressort renforc\u00e9e. Diminuer les <a href=\"\/infractions\/exces-de-vitesse.html\">exc\u00e8s de vitesse<\/a> qui repr\u00e9sentent l\u2019une des principales causes d\u2019accidents sur Paris (entre 16% et 23% entre 2010 et 2018 selon les bilans des d\u00e9placements \u00e0 Paris).<\/li><li>Une meilleure cohabitation entre usagers de la route et encourager l\u2019utilisation des moyens de d\u00e9placement actifs comme la marche ou le v\u00e9lo.<\/li><li>Am\u00e9liorer la &#8220;sociabilit\u00e9 de proximit\u00e9 et restaurer l\u2019hospitalit\u00e9 des espaces publics&#8221;.<\/li><\/ul>\n","protected":false},"excerpt":{"rendered":"<p>\nA partir de la date du <strong>30 ao\u00fbt 2021<\/strong> et de la rentr\u00e9e de septembre, l&#8217;ensemble de la ville de Paris conna\u00eetra <strong>une limitation de vitesse \u00e0 30 km\/h<\/strong> \u00e0 l&#8217;exception du boulevard p\u00e9riph\u00e9rique et des quelques avenues et rues dont nous allons vous faire la liste dans cet article. Cette mesure voulue par la mairie de Paris, s&#8217;inscrit dans un plan int\u00e9grant la r\u00e9duction de la pollution, de s\u00e9curit\u00e9 routi\u00e8re ainsi que d&#8217;un meilleur partage de l\u2019espace public avec les nouvelles formes de mobilit\u00e9.<\/p>\n<p>Qui est concern\u00e9 par la nouvelle limitation \u00e0 30 km\/h ?<\/p>\n<p>L&#8217;ensemble ou presque de la ville\u00a0[&#8230;]<\/p>\n","protected":false},"author":2,"featured_media":9363,"comment_status":"open","ping_status":"closed","sticky":false,"template":"","format":"standard","meta":{"footnotes":""},"categories":[3],"tags":[352,96,54,55,11],"class_list":["post-9361","post","type-post","status-publish","format-standard","has-post-thumbnail","hentry","category-securite-routiere","tag-30kmh","tag-anne-hidalgo","tag-departement-75","tag-limitation-de-vitesse","tag-paris","post-1","odd"],"aioseo_notices":[],"_links":{"self":[{"href":"https:\/\/www.legipermis.com\/blog\/wp-json\/wp\/v2\/posts\/9361","targetHints":{"allow":["GET"]}}],"collection":[{"href":"https:\/\/www.legipermis.com\/blog\/wp-json\/wp\/v2\/posts"}],"about":[{"href":"https:\/\/www.legipermis.com\/blog\/wp-json\/wp\/v2\/types\/post"}],"author":[{"embeddable":true,"href":"https:\/\/www.legipermis.com\/blog\/wp-json\/wp\/v2\/users\/2"}],"replies":[{"embeddable":true,"href":"https:\/\/www.legipermis.com\/blog\/wp-json\/wp\/v2\/comments?post=9361"}],"version-history":[{"count":0,"href":"https:\/\/www.legipermis.com\/blog\/wp-json\/wp\/v2\/posts\/9361\/revisions"}],"wp:featuredmedia":[{"embeddable":true,"href":"https:\/\/www.legipermis.com\/blog\/wp-json\/wp\/v2\/media\/9363"}],"wp:attachment":[{"href":"https:\/\/www.legipermis.com\/blog\/wp-json\/wp\/v2\/media?parent=9361"}],"wp:term":[{"taxonomy":"category","embeddable":true,"href":"https:\/\/www.legipermis.com\/blog\/wp-json\/wp\/v2\/categories?post=9361"},{"taxonomy":"post_tag","embeddable":true,"href":"https:\/\/www.legipermis.com\/blog\/wp-json\/wp\/v2\/tags?post=9361"}],"curies":[{"name":"wp","href":"https:\/\/api.w.org\/{rel}","templated":true}]}}