{"id":9272,"date":"2021-03-29T08:59:51","date_gmt":"2021-03-29T06:59:51","guid":{"rendered":"https:\/\/www.legipermis.com\/blog\/?p=9272"},"modified":"2021-03-29T09:22:01","modified_gmt":"2021-03-29T07:22:01","slug":"permis-probatoire-infractions-simultanees-consequences-perte-de-points","status":"publish","type":"post","link":"https:\/\/www.legipermis.com\/blog\/2021\/03\/29\/permis-probatoire-infractions-simultanees-consequences-perte-de-points\/","title":{"rendered":"Permis probatoire, infractions simultan\u00e9es et cons\u00e9quences sur la perte de points"},"content":{"rendered":"<p><strong>Il peut arriver qu\u2019un conducteur commette, dans le m\u00eame temps ou dans un temps tr\u00e8s proche, une ou plusieurs infractions au Code de la route. Cette situation entra\u00eene le cumul des retraits de points sur son permis de conduire. On parle alors de la commission simultan\u00e9e de plusieurs infractions. Quelles cons\u00e9quences sur le permis probatoire d\u2019un jeune conducteur ?<\/strong><\/p>\n\n\n\n<!--more-->\n\n\n\n<p>La r\u00e8gle du cumul des retraits de points est pr\u00e9vue \u00e0 <a href=\"https:\/\/www.legifrance.gouv.fr\/codes\/article_lc\/LEGIARTI000006841413\/\">l\u2019article R223-2<\/a> du Code de la route. Celui-ci pr\u00e9cise que la perte de points a lieu dans la limite des deux tiers du nombre maximal de points. <strong>Soit huit points maximum<\/strong>. Ce dispositif, modifi\u00e9 par la <a href=\"https:\/\/www.legifrance.gouv.fr\/loda\/id\/JORFTEXT000000603464\/\">loi n\u00b02003-495 du 12 juin 2003<\/a>, est plus s\u00e9v\u00e8re que le pr\u00e9c\u00e9dent. En effet, ce dernier plafonnait le total de retraits de points \u00e0 six points en cas de cumul d\u2019infractions.<\/p>\n\n\n\n<p>L\u2019article R223-2 du Code de la route n\u2019a pas \u00e9t\u00e9 adapt\u00e9 aux permis probatoires. Ainsi, un conducteur novice peut se voir appliquer <strong>le m\u00eame plafond de perte de points<\/strong>. Et ce, alors m\u00eame que son permis de conduire n\u2019est dot\u00e9 que de six points. Par cons\u00e9quent, il pourra perdre son permis de conduire \u00e0 la suite d\u2019infractions cumul\u00e9es.<\/p>\n\n\n\n<h2 class=\"wp-block-heading\">La notion de simultan\u00e9it\u00e9 des infractions<\/h2>\n\n\n\n<p>Celle-ci vise des infractions qui ont \u00e9t\u00e9 commises <strong>au m\u00eame moment et en un m\u00eame lieu<\/strong>. Cette co\u00efncidence de temps et de lieu est appr\u00e9ci\u00e9e souverainement par les juges. Pour l\u2019illustrer, prenons l\u2019exemple de Mr A, verbalis\u00e9 le 21 mars 2011 \u00e0 3h30 pour <a href=\"\/infractions\/non-respect-feu-rouge.html\">franchissement d\u2019un feu rouge<\/a>. Puis \u00e0 3h40 pour conduite en \u00e9tat d\u2019alcool\u00e9mie. En th\u00e9orie, les retraits de points cumul\u00e9s repr\u00e9sentent dix points au total.<\/p>\n\n\n\n<p>Or, ces infractions ont \u00e9t\u00e9 relev\u00e9es \u00e0 dix minutes d\u2019intervalle. De plus, leur constatation eut lieu \u00e0 l\u2019angle des m\u00eames rues par des agents du m\u00eame service en charge de les \u00e9tablir. De fait, elles sont donc commises <strong>simultan\u00e9ment<\/strong>. La perte de points ne peut exc\u00e9der 8 points (Cour administrative de Bordeaux, 21 f\u00e9vrier 2013, n\u00b012BX00804).<\/p>\n\n\n\n<h2 class=\"wp-block-heading\">Permis probatoire : stage de r\u00e9cup\u00e9ration obligatoire<\/h2>\n\n\n\n<p><a href=\"https:\/\/www.legifrance.gouv.fr\/codes\/article_lc\/LEGIARTI000031823467\/\">L\u2019article R223-4<\/a> du Code de la route stipule qu\u2019en cas de commission d\u2019une infraction ayant donn\u00e9 lieu au retrait de 3 points ou plus pendant le d\u00e9lai probatoire, un stage de r\u00e9cup\u00e9ration de points est obligatoire. Sa r\u00e9alisation doit intervenir <strong>dans un d\u00e9lai de quatre mois<\/strong> suivant la r\u00e9ception de la <a href=\"\/legislation\/lettre-48n-remboursement-amende.html\">lettre d\u2019information 48N<\/a>.<\/p>\n\n\n\n<figure class=\"wp-block-image size-large is-resized\"><noscript><img decoding=\"async\" src=\"https:\/\/www.legipermis.com\/images\/stages-points\/stage-obligatoire-permis-probatoire.png\" alt=\"Stage obligatoire en permis probatoire apr\u00e8s une infraction au Code de la route\" width=\"770\" height=\"577\"><\/noscript><img decoding=\"async\" src=\"data:image\/svg+xml,%3Csvg%20xmlns%3D%22http%3A%2F%2Fwww.w3.org%2F2000%2Fsvg%22%20viewBox%3D%220%200%20770%20577%22%3E%3C%2Fsvg%3E\" alt=\"Stage obligatoire en permis probatoire apr\u00e8s une infraction au Code de la route\" width=\"770\" height=\"577\" data-src=\"https:\/\/www.legipermis.com\/images\/stages-points\/stage-obligatoire-permis-probatoire.png\" class=\" lazyload\"><figcaption>Le principe du stage obligatoire en permis probatoire.<\/figcaption><\/figure>\n\n\n\n<p>Prenons un autre exemple. Cette fois-ci, celui d\u2019un jeune conducteur. Son permis probatoire compte six points en premi\u00e8re ann\u00e9e. Il commet simultan\u00e9ment l\u2019infraction de non-port de la ceinture au volant puis l\u2019infraction de t\u00e9l\u00e9phone tenu en main. Les retraits de points cumul\u00e9s repr\u00e9sentent six points au total. Aussi encourt-il n\u00e9cessairement <strong>l\u2019invalidation de son permis<\/strong>, en raison de la perte totale de ses points en une fois.<\/p>\n\n\n\n<p>L\u2019issue est la m\u00eame dans le cas d\u2019un jeune conducteur, en deuxi\u00e8me ann\u00e9e probatoire et sans conduite accompagn\u00e9e. Son permis de conduire comptant huit points, s\u2019il cumule l\u2019infraction d\u2019alcool au volant et un exc\u00e8s de vitesse, il risque l\u2019invalidation de celui-ci. Et ce, du fait des retraits de points cumul\u00e9s repr\u00e9sentant huit points au total.<\/p>\n\n\n\n<h2 class=\"wp-block-heading\">Infractions simultan\u00e9es entra\u00eenant la perte de 3 points ou plus<\/h2>\n\n\n\n<p>Qu\u2019en est-il de l\u2019obligation de suivre un stage de r\u00e9cup\u00e9ration de points dans ces circonstances pr\u00e9cises ? En pratique, l\u2019administration ne vous adressera pas de lettre 48N vous informant de votre obligation de r\u00e9aliser un stage de r\u00e9cup\u00e9ration de points. Et ce, en raison de la perte totale des points en une seule fois et parce que deux infractions ont \u00e9t\u00e9 commises. En effet, le Code de la route pr\u00e9cise : <strong><em>\u201cen cas de commission <u>d\u2019une<\/u> infraction\u201d<\/em><\/strong>. (Assembl\u00e9e Nationale. Question n\u00ba 30866, du 16 septembre 2008. S\u00e9curit\u00e9 routi\u00e8re)<\/p>\n\n\n\n<p>Toutefois, il existe des subtilit\u00e9s au Code de la route. Elles permettent de d\u00e9fier cette issue fatale pour le permis. Pour rappel : la perte de points intervient de plein droit <strong>lorsque la r\u00e9alit\u00e9 de l\u2019infraction est \u00e9tablie<\/strong>. Soit, en application de <a href=\"https:\/\/www.legifrance.gouv.fr\/codes\/article_lc\/LEGIARTI000036749888\/\">l\u2019article L223-1<\/a> du Code de la route, par :<\/p>\n\n\n\n<ul class=\"wp-block-list\"><li>Le paiement d\u2019une amende forfaitaire.<\/li><li>L\u2019\u00e9mission du titre ex\u00e9cutoire de l\u2019amende forfaitaire major\u00e9e.<\/li><li>L\u2019ex\u00e9cution d\u2019une composition p\u00e9nale.<\/li><li>Une condamnation d\u00e9finitive, apr\u00e8s \u00e9puisement des voies de recours.<\/li><\/ul>\n\n\n\n<h3 class=\"wp-block-heading\">Vigilance quant aux d\u00e9lais administratifs<\/h3>\n\n\n\n<p>Ainsi, la perte de points cumul\u00e9s d\u00e9pend du d\u00e9lai de traitement des infractions par l\u2019administration. Et il se peut que la perte de points pour les deux infractions cumul\u00e9es intervienne <strong>de mani\u00e8re distincte dans le temps<\/strong>. Cela peut \u00eatre le cas si l\u2019\u00e9dition de chacun des proc\u00e8s-verbaux n\u2019est pas simultan\u00e9e, ce qui est plut\u00f4t rare en pratique mais possible. Voir <a href=\"\/infractions\/retrait-de-points-du-permis.html\">d\u00e9lais des retraits de points<\/a>.<\/p>\n\n\n\n<p>Par exemple, lorsque la simultan\u00e9it\u00e9 des infractions concerne une contravention de classe 4 (non-respect d\u2019un feu rouge) et un d\u00e9lit (alcool au volant &gt; 0,8g\/L dans le sang), la perte de points peut intervenir \u00e0 deux dates distinctes. Les infractions relev\u00e9es par radar automatique (radar au feu) sont trait\u00e9es par l\u2019Officier du Minist\u00e8re Public \u00e0 RENNES. Les infractions relev\u00e9es directement par Officier de police judiciaire (alcool\u00e9mie \u2265 0,8g\/L dans le sang) font l\u2019objet d\u2019un traitement plus long car elles envoy\u00e9es au Tribunal pour convocation du conducteur.<\/p>\n\n\n\n<p>Deux circuits de traitement des infractions distincts peuvent avoir pour effet de ne pas entra\u00eener la perte de points en une seule fois.<\/p>\n\n\n\n<p>Le cas \u00e9ch\u00e9ant, la lettre d\u2019information 48N peut \u00eatre \u00e9dit\u00e9e si l\u2019infraction concerne une perte de 3 points ou plus. Cela suppose que la Pr\u00e9fecture n\u2019a pas encore eu connaissance de l\u2019existence de la seconde infraction. Par cons\u00e9quent, <strong>le stage peut \u00eatre r\u00e9alis\u00e9<\/strong>.<\/p>\n\n\n\n<h3 class=\"wp-block-heading\">Permis probatoire et infractions simultan\u00e9es : adopter le bon timing<\/h3>\n\n\n\n<p>Dans le cas o\u00f9 la r\u00e9alisation du stage soit encore possible, la recommandation majeure consiste \u00e0 <strong>contester la seconde infraction d\u00e8s r\u00e9ception<\/strong>. Et ce, afin de retarder la perte de points et sauver votre permis de conduire.<\/p>\n\n\n\n<p>Si les deux proc\u00e8s-verbaux vous arrivent simultan\u00e9ment, <strong>vous ne recevrez pas la lettre 48N<\/strong> car le cumul de la perte de points sera effectif. D\u00e8s lors, il ne sera pas possible de r\u00e9aliser un stage volontaire de r\u00e9cup\u00e9ration de points car celui-ci ne sera pas pris en compte. Le permis sera donc invalid\u00e9.<\/p>\n\n\n\n<p class=\"has-text-align-center\"><strong>Ma\u00eetre Elfried Dupuy-Chabin<\/strong><\/p>\n\n\n\n<p class=\"has-text-align-center\">Avocat au Barreau de Toulouse<\/p>\n\n\n\n<p class=\"has-text-align-center\"><a href=\"https:\/\/dupuy-chabin-avocat.fr\/\" target=\"_blank\" rel=\"noreferrer noopener\">dupuy-chabin-avocat.fr<\/a><\/p>\n\n\n\n<div class=\"wp-block-image\"><figure class=\"aligncenter size-large is-resized\"><noscript><img decoding=\"async\" src=\"https:\/\/www.legipermis.com\/blog\/wp-content\/uploads\/2021\/03\/Me-Elfried-Dupuy-Chabin-avocat-permis-de-conduire.jpg\" alt=\"Ma\u00eetre Elfried Dupuy-Chabin, avocat du permis de conduire \u00e0 Toulouse\" class=\"wp-image-9273\" width=\"205\" height=\"299\" srcset=\"https:\/\/www.legipermis.com\/blog\/wp-content\/uploads\/2021\/03\/Me-Elfried-Dupuy-Chabin-avocat-permis-de-conduire.jpg 500w, https:\/\/www.legipermis.com\/blog\/wp-content\/uploads\/2021\/03\/Me-Elfried-Dupuy-Chabin-avocat-permis-de-conduire-205x300.jpg 205w, https:\/\/www.legipermis.com\/blog\/wp-content\/uploads\/2021\/03\/Me-Elfried-Dupuy-Chabin-avocat-permis-de-conduire-103x150.jpg 103w\" sizes=\"(max-width: 205px) 100vw, 205px\"><\/noscript><img decoding=\"async\" src=\"data:image\/svg+xml,%3Csvg%20xmlns%3D%22http%3A%2F%2Fwww.w3.org%2F2000%2Fsvg%22%20viewBox%3D%220%200%20205%20299%22%3E%3C%2Fsvg%3E\" alt=\"Ma\u00eetre Elfried Dupuy-Chabin, avocat du permis de conduire \u00e0 Toulouse\" class=\"wp-image-9273 lazyload\" width=\"205\" height=\"299\" srcset=\"data:image\/svg+xml,%3Csvg%20xmlns%3D%22http%3A%2F%2Fwww.w3.org%2F2000%2Fsvg%22%20viewBox%3D%220%200%20205%20299%22%3E%3C%2Fsvg%3E 205w\" sizes=\"(max-width: 205px) 100vw, 205px\" data-srcset=\"https:\/\/www.legipermis.com\/blog\/wp-content\/uploads\/2021\/03\/Me-Elfried-Dupuy-Chabin-avocat-permis-de-conduire.jpg 500w, https:\/\/www.legipermis.com\/blog\/wp-content\/uploads\/2021\/03\/Me-Elfried-Dupuy-Chabin-avocat-permis-de-conduire-205x300.jpg 205w, https:\/\/www.legipermis.com\/blog\/wp-content\/uploads\/2021\/03\/Me-Elfried-Dupuy-Chabin-avocat-permis-de-conduire-103x150.jpg 103w\" data-src=\"https:\/\/www.legipermis.com\/blog\/wp-content\/uploads\/2021\/03\/Me-Elfried-Dupuy-Chabin-avocat-permis-de-conduire.jpg\"><figcaption><strong>Ma\u00eetre Elfried Dupuy-Chabin<\/strong><\/figcaption><\/figure><\/div>\n\n\n\n<p><\/p>\n","protected":false},"excerpt":{"rendered":"<p>\n<strong>Il peut arriver qu\u2019un conducteur commette, dans le m\u00eame temps ou dans un temps tr\u00e8s proche, une ou plusieurs infractions au Code de la route. Cette situation entra\u00eene le cumul des retraits de points sur son permis de conduire. On parle alors de la commission simultan\u00e9e de plusieurs infractions. Quelles cons\u00e9quences sur le permis probatoire d\u2019un jeune conducteur ?<\/strong><\/p>\n<p>\u00a0[&#8230;]<\/p>\n","protected":false},"author":7,"featured_media":9278,"comment_status":"open","ping_status":"closed","sticky":false,"template":"","format":"standard","meta":{"footnotes":""},"categories":[4],"tags":[183,480,216,43],"class_list":["post-9272","post","type-post","status-publish","format-standard","has-post-thumbnail","hentry","category-legislation","tag-avocat","tag-permis-probatoire","tag-perte-de-points","tag-stage-de-recuperation-de-points","post-1","odd"],"aioseo_notices":[],"_links":{"self":[{"href":"https:\/\/www.legipermis.com\/blog\/wp-json\/wp\/v2\/posts\/9272","targetHints":{"allow":["GET"]}}],"collection":[{"href":"https:\/\/www.legipermis.com\/blog\/wp-json\/wp\/v2\/posts"}],"about":[{"href":"https:\/\/www.legipermis.com\/blog\/wp-json\/wp\/v2\/types\/post"}],"author":[{"embeddable":true,"href":"https:\/\/www.legipermis.com\/blog\/wp-json\/wp\/v2\/users\/7"}],"replies":[{"embeddable":true,"href":"https:\/\/www.legipermis.com\/blog\/wp-json\/wp\/v2\/comments?post=9272"}],"version-history":[{"count":0,"href":"https:\/\/www.legipermis.com\/blog\/wp-json\/wp\/v2\/posts\/9272\/revisions"}],"wp:featuredmedia":[{"embeddable":true,"href":"https:\/\/www.legipermis.com\/blog\/wp-json\/wp\/v2\/media\/9278"}],"wp:attachment":[{"href":"https:\/\/www.legipermis.com\/blog\/wp-json\/wp\/v2\/media?parent=9272"}],"wp:term":[{"taxonomy":"category","embeddable":true,"href":"https:\/\/www.legipermis.com\/blog\/wp-json\/wp\/v2\/categories?post=9272"},{"taxonomy":"post_tag","embeddable":true,"href":"https:\/\/www.legipermis.com\/blog\/wp-json\/wp\/v2\/tags?post=9272"}],"curies":[{"name":"wp","href":"https:\/\/api.w.org\/{rel}","templated":true}]}}