{"id":9252,"date":"2021-03-23T15:24:51","date_gmt":"2021-03-23T14:24:51","guid":{"rendered":"https:\/\/www.legipermis.com\/blog\/?p=9252"},"modified":"2021-03-23T16:09:07","modified_gmt":"2021-03-23T15:09:07","slug":"aide-achat-voiture-2021-nouveau-microcredit","status":"publish","type":"post","link":"https:\/\/www.legipermis.com\/blog\/2021\/03\/23\/aide-achat-voiture-2021-nouveau-microcredit\/","title":{"rendered":"Aide \u00e0 l&#8217;achat d&#8217;une voiture en 2021 : nouveau microcr\u00e9dit"},"content":{"rendered":"<p>Le minist\u00e8re des Transports met en place un microcr\u00e9dit d&#8217;une valeur de<strong> 5000\u20ac maximum<\/strong> en fonction des revenus du m\u00e9nage et garanti \u00e0 50% par l&#8217;Etat pour l&#8217;aide \u00e0 achat d&#8217;un v\u00e9hicule propre. La dur\u00e9e de remboursement peut s&#8217;\u00e9taler <strong>sur une dur\u00e9e de 5 ans<\/strong> maximum. <\/p>\n\n\n\n<!--more-->\n\n\n\n<p>Cette aide concerne aussi bien l&#8217;achat, la location longue dur\u00e9e (LDD) ou encore la location avec option d&#8217;achat (LOA).<\/p>\n\n\n\n<h2 class=\"wp-block-heading\">Qui a droit au nouveau cr\u00e9dit garanti par l&#8217;Etat ?<\/h2>\n\n\n\n<p>Le <strong>microcr\u00e9dit v\u00e9hicules propres<\/strong> est r\u00e9serv\u00e9 aux m\u00e9nages &#8220;tr\u00e8s modestes&#8221; dont le revenu fiscal de r\u00e9f\u00e9rence par part ne d\u00e9passe pas 6300\u20ac. Cette aide est cumulable avec la <a href=\"\/estimation-cote-voiture\/prime-a-la-conversion.html\">prime \u00e0 la conversion<\/a> ainsi que le <a href=\"\/estimation-cote-voiture\/bonus-ecologique.html\">bonus \u00e9cologique<\/a>. <\/p>\n\n\n\n<figure class=\"wp-block-image size-large\"><noscript><img decoding=\"async\" width=\"800\" height=\"432\" src=\"https:\/\/www.legipermis.com\/blog\/wp-content\/uploads\/2021\/03\/micro-credit-voiture-propre-france-2021.png\" alt class=\"wp-image-9253\" srcset=\"https:\/\/www.legipermis.com\/blog\/wp-content\/uploads\/2021\/03\/micro-credit-voiture-propre-france-2021.png 800w, https:\/\/www.legipermis.com\/blog\/wp-content\/uploads\/2021\/03\/micro-credit-voiture-propre-france-2021-300x162.png 300w, https:\/\/www.legipermis.com\/blog\/wp-content\/uploads\/2021\/03\/micro-credit-voiture-propre-france-2021-150x81.png 150w, https:\/\/www.legipermis.com\/blog\/wp-content\/uploads\/2021\/03\/micro-credit-voiture-propre-france-2021-768x415.png 768w\" sizes=\"(max-width: 800px) 100vw, 800px\"><\/noscript><img decoding=\"async\" width=\"800\" height=\"432\" src=\"data:image\/svg+xml,%3Csvg%20xmlns%3D%22http%3A%2F%2Fwww.w3.org%2F2000%2Fsvg%22%20viewBox%3D%220%200%20800%20432%22%3E%3C%2Fsvg%3E\" alt class=\"wp-image-9253 lazyload\" srcset=\"data:image\/svg+xml,%3Csvg%20xmlns%3D%22http%3A%2F%2Fwww.w3.org%2F2000%2Fsvg%22%20viewBox%3D%220%200%20800%20432%22%3E%3C%2Fsvg%3E 800w\" sizes=\"(max-width: 800px) 100vw, 800px\" data-srcset=\"https:\/\/www.legipermis.com\/blog\/wp-content\/uploads\/2021\/03\/micro-credit-voiture-propre-france-2021.png 800w, https:\/\/www.legipermis.com\/blog\/wp-content\/uploads\/2021\/03\/micro-credit-voiture-propre-france-2021-300x162.png 300w, https:\/\/www.legipermis.com\/blog\/wp-content\/uploads\/2021\/03\/micro-credit-voiture-propre-france-2021-150x81.png 150w, https:\/\/www.legipermis.com\/blog\/wp-content\/uploads\/2021\/03\/micro-credit-voiture-propre-france-2021-768x415.png 768w\" data-src=\"https:\/\/www.legipermis.com\/blog\/wp-content\/uploads\/2021\/03\/micro-credit-voiture-propre-france-2021.png\"><figcaption>Source : https:\/\/www.ecologie.gouv.fr\/<\/figcaption><\/figure>\n\n\n\n<h2 class=\"wp-block-heading\">Quels sont les v\u00e9hicules \u00e9ligibles au microcr\u00e9dit ?<\/h2>\n\n\n\n<p>Cette aide concerne aussi bien les v\u00e9hicules neufs que d&#8217;occasion dans les cat\u00e9gories suivantes :<\/p>\n\n\n\n<ul class=\"wp-block-list\"><li>Voiture \u00e9lectrique ou hybride rechargeable avec la vignette Crit&#8217;Air 0 ;<\/li><li>Voiture essence Crit&#8217;Air 1 dont la premi\u00e8re immatriculation est apr\u00e8s le 1er janvier 2011 ;<\/li><li>Moto (2-roues, 3-roues motoris\u00e9s) ou quadricycles \u00e9lectriques ;<\/li><\/ul>\n\n\n\n<h2 class=\"wp-block-heading\">A qui s&#8217;adresser ?<\/h2>\n\n\n\n<p>Pour b\u00e9n\u00e9ficier de l&#8217;aide, il faut s&#8217;adresser \u00e0 un conseiller aupr\u00e8s d&#8217;un service d&#8217;accompagnement social comme la Croix-rouge, la F\u00e9d\u00e9ration des familles rurales, le secours catholique, les chambres r\u00e9gionales du surendettement social (Cresus) ou l&#8217;union nationale des associations familiales (Unaf). Ce dernier vous aidera \u00e0 constituer un dossier en vue de le pr\u00e9senter \u00e0 la banque.<\/p>\n\n\n\n<p>Source de l&#8217;image \u00e0 la une : https:\/\/www.ecologie.gouv.fr\/<\/p>\n\n\n\n<p> <\/p>\n","protected":false},"excerpt":{"rendered":"<p>\nLe minist\u00e8re des Transports met en place un microcr\u00e9dit d&#8217;une valeur de<strong> 5000\u20ac maximum<\/strong> en fonction des revenus du m\u00e9nage et garanti \u00e0 50% par l&#8217;Etat pour l&#8217;aide \u00e0 achat d&#8217;un v\u00e9hicule propre. La dur\u00e9e de remboursement peut s&#8217;\u00e9taler <strong>sur une dur\u00e9e de 5 ans<\/strong> maximum. <\/p>\n<p>\u00a0[&#8230;]<\/p>\n","protected":false},"author":2,"featured_media":9256,"comment_status":"open","ping_status":"closed","sticky":false,"template":"","format":"standard","meta":{"footnotes":""},"categories":[2,7],"tags":[97,513,514,105],"class_list":["post-9252","post","type-post","status-publish","format-standard","has-post-thumbnail","hentry","category-auto","category-environnement","tag-ecologie","tag-prime-a-la-casse","tag-prime-a-la-conversion","tag-voiture-electrique","post-1","odd"],"aioseo_notices":[],"_links":{"self":[{"href":"https:\/\/www.legipermis.com\/blog\/wp-json\/wp\/v2\/posts\/9252","targetHints":{"allow":["GET"]}}],"collection":[{"href":"https:\/\/www.legipermis.com\/blog\/wp-json\/wp\/v2\/posts"}],"about":[{"href":"https:\/\/www.legipermis.com\/blog\/wp-json\/wp\/v2\/types\/post"}],"author":[{"embeddable":true,"href":"https:\/\/www.legipermis.com\/blog\/wp-json\/wp\/v2\/users\/2"}],"replies":[{"embeddable":true,"href":"https:\/\/www.legipermis.com\/blog\/wp-json\/wp\/v2\/comments?post=9252"}],"version-history":[{"count":0,"href":"https:\/\/www.legipermis.com\/blog\/wp-json\/wp\/v2\/posts\/9252\/revisions"}],"wp:featuredmedia":[{"embeddable":true,"href":"https:\/\/www.legipermis.com\/blog\/wp-json\/wp\/v2\/media\/9256"}],"wp:attachment":[{"href":"https:\/\/www.legipermis.com\/blog\/wp-json\/wp\/v2\/media?parent=9252"}],"wp:term":[{"taxonomy":"category","embeddable":true,"href":"https:\/\/www.legipermis.com\/blog\/wp-json\/wp\/v2\/categories?post=9252"},{"taxonomy":"post_tag","embeddable":true,"href":"https:\/\/www.legipermis.com\/blog\/wp-json\/wp\/v2\/tags?post=9252"}],"curies":[{"name":"wp","href":"https:\/\/api.w.org\/{rel}","templated":true}]}}