{"id":9238,"date":"2021-02-01T14:25:14","date_gmt":"2021-02-01T13:25:14","guid":{"rendered":"https:\/\/www.legipermis.com\/blog\/?p=9238"},"modified":"2021-05-20T16:16:34","modified_gmt":"2021-05-20T14:16:34","slug":"bilan-securite-routiere-2020","status":"publish","type":"post","link":"https:\/\/www.legipermis.com\/blog\/2021\/02\/01\/bilan-securite-routiere-2020\/","title":{"rendered":"Bilan S\u00e9curit\u00e9 routi\u00e8re 2020 : un record attendu"},"content":{"rendered":"<div style=\"text-align:right;\"><em style=\"font-size:12.9px;font-weight:bold;\" class=\"last-modified\">Mis \u00e0 jour le 20\/05\/2021.<\/em><\/div>\n<p>L&#8217;ann\u00e9e 2020 a enregistr\u00e9 la plus faible mortalit\u00e9 de l&#8217;histoire de la S\u00e9curit\u00e9 routi\u00e8re avec 2782 morts (M\u00e9tropole et Outre-Mer) soit une baisse de 20% <a href=\"\/blog\/2020\/02\/03\/bilan-2019-securite-routiere-la-mortalite-au-plus-bas\/\">par rapport \u00e0 2019<\/a> une ann\u00e9e pourtant d\u00e9j\u00e0 marqu\u00e9e par de bons r\u00e9sultats. <\/p>\n\n\n\n<!--more-->\n\n\n\n<p>Evidemment, cette baisse est due \u00e0 la faible circulation routi\u00e8re relative aux confinements et autres couvre-feux provoqu\u00e9s par la pand\u00e9mie de COVID-19 qui s\u00e9vit sur le pays.<\/p>\n\n\n\n<h2 class=\"wp-block-heading\">Tous les chiffres sont \u00e0 la baisse<\/h2>\n\n\n\n<p>Avec un trafic en tr\u00e8s forte baisse notamment lors de la p\u00e9riode de mars 2020-mai 2020 et dans une moindre mesure novembre 2020, le bilan de la mortalit\u00e9 routi\u00e8re conna\u00eet une chute spectaculaire. <\/p>\n\n\n\n<p>En France m\u00e9tropolitaine avec <strong>-21,4% de morts en moins<\/strong>, on a compt\u00e9 <strong>2550 victimes<\/strong> sur la route contre 3239 en 2019, ce qui correspond en pratique \u00e0 700 vies \u00e9pargn\u00e9es.<\/p>\n\n\n\n<figure class=\"wp-block-image size-large\"><noscript><img decoding=\"async\" width=\"600\" height=\"587\" src=\"https:\/\/www.legipermis.com\/blog\/wp-content\/uploads\/2021\/02\/mort-sur-les-routes-en-france-graphique-2020-covid.png\" alt=\"Evolution du nombre de morts sur les routes de France de 2009 \u00e0 2020 dans le contexte du COVID-19.\" class=\"wp-image-9239\" srcset=\"https:\/\/www.legipermis.com\/blog\/wp-content\/uploads\/2021\/02\/mort-sur-les-routes-en-france-graphique-2020-covid.png 600w, https:\/\/www.legipermis.com\/blog\/wp-content\/uploads\/2021\/02\/mort-sur-les-routes-en-france-graphique-2020-covid-300x294.png 300w, https:\/\/www.legipermis.com\/blog\/wp-content\/uploads\/2021\/02\/mort-sur-les-routes-en-france-graphique-2020-covid-150x147.png 150w\" sizes=\"(max-width: 600px) 100vw, 600px\"><\/noscript><img decoding=\"async\" width=\"600\" height=\"587\" src=\"data:image\/svg+xml,%3Csvg%20xmlns%3D%22http%3A%2F%2Fwww.w3.org%2F2000%2Fsvg%22%20viewBox%3D%220%200%20600%20587%22%3E%3C%2Fsvg%3E\" alt=\"Evolution du nombre de morts sur les routes de France de 2009 \u00e0 2020 dans le contexte du COVID-19.\" class=\"wp-image-9239 lazyload\" srcset=\"data:image\/svg+xml,%3Csvg%20xmlns%3D%22http%3A%2F%2Fwww.w3.org%2F2000%2Fsvg%22%20viewBox%3D%220%200%20600%20587%22%3E%3C%2Fsvg%3E 600w\" sizes=\"(max-width: 600px) 100vw, 600px\" data-srcset=\"https:\/\/www.legipermis.com\/blog\/wp-content\/uploads\/2021\/02\/mort-sur-les-routes-en-france-graphique-2020-covid.png 600w, https:\/\/www.legipermis.com\/blog\/wp-content\/uploads\/2021\/02\/mort-sur-les-routes-en-france-graphique-2020-covid-300x294.png 300w, https:\/\/www.legipermis.com\/blog\/wp-content\/uploads\/2021\/02\/mort-sur-les-routes-en-france-graphique-2020-covid-150x147.png 150w\" data-src=\"https:\/\/www.legipermis.com\/blog\/wp-content\/uploads\/2021\/02\/mort-sur-les-routes-en-france-graphique-2020-covid.png\"><\/figure>\n\n\n\n<h3 class=\"wp-block-heading\">Autres chiffres remarquables<\/h3>\n\n\n\n<ul class=\"wp-block-list\"><li><strong>-19,7% pour le nombre d&#8217;accidents corporels<\/strong> (France m\u00e9tropolitaine) ;<\/li><li><strong>-20,9% de bless\u00e9s<\/strong> (France m\u00e9tropolitaine) ;<\/li><li><strong>En d\u00e9cembre 2020<\/strong> : 209 morts en France m\u00e9tropolitaine c&#8217;est-\u00e0-dire <strong>75 de moins<\/strong> qu&#8217;en 2019 pour le m\u00eame mois ;<\/li><\/ul>\n\n\n\n<!-- Responsive Blog en-t\u00eate -->\n<ins class=\"adsbygoogle\" style=\"display:block\" data-ad-client=\"ca-pub-0319615741565724\" data-ad-slot=\"3542437151\" data-ad-format=\"auto\" data-full-width-responsive=\"true\"><\/ins>\n<script>\n     (tarteaucitron.job = tarteaucitron.job || []).push('adsense');\n     (adsbygoogle = window.adsbygoogle || []).push({});\n<\/script>\n\n\n\n<h2 class=\"wp-block-heading\">Une chute historique du trafic routier<\/h2>\n\n\n\n<p>Si ces chiffres sont bons, il n&#8217;en demeure pas moins qu&#8217;ils sont inexploitables en l&#8217;\u00e9tat tant le trafic routier a baiss\u00e9 en 2020 particuli\u00e8rement du 16 mars 2020 au 11 mai 2020 avec <strong>une baisse du trafic de l&#8217;ordre de -70% durant ce premier confinement<\/strong> (-75% en avril 2020 d&#8217;apr\u00e8s le CEREMA).<\/p>\n\n\n\n<figure class=\"wp-block-image size-large\"><noscript><img decoding=\"async\" width=\"800\" height=\"422\" src=\"https:\/\/www.legipermis.com\/blog\/wp-content\/uploads\/2021\/02\/evolution-du-trafic-routier-en-france-2020-covid.png\" alt=\"Graphique de l'\u00e9volution du trafic routier en France en 2020 dans le contexte du COVID-19.\" class=\"wp-image-9241\" srcset=\"https:\/\/www.legipermis.com\/blog\/wp-content\/uploads\/2021\/02\/evolution-du-trafic-routier-en-france-2020-covid.png 800w, https:\/\/www.legipermis.com\/blog\/wp-content\/uploads\/2021\/02\/evolution-du-trafic-routier-en-france-2020-covid-300x158.png 300w, https:\/\/www.legipermis.com\/blog\/wp-content\/uploads\/2021\/02\/evolution-du-trafic-routier-en-france-2020-covid-150x79.png 150w, https:\/\/www.legipermis.com\/blog\/wp-content\/uploads\/2021\/02\/evolution-du-trafic-routier-en-france-2020-covid-768x405.png 768w\" sizes=\"(max-width: 800px) 100vw, 800px\"><\/noscript><img decoding=\"async\" width=\"800\" height=\"422\" src=\"data:image\/svg+xml,%3Csvg%20xmlns%3D%22http%3A%2F%2Fwww.w3.org%2F2000%2Fsvg%22%20viewBox%3D%220%200%20800%20422%22%3E%3C%2Fsvg%3E\" alt=\"Graphique de l'\u00e9volution du trafic routier en France en 2020 dans le contexte du COVID-19.\" class=\"wp-image-9241 lazyload\" srcset=\"data:image\/svg+xml,%3Csvg%20xmlns%3D%22http%3A%2F%2Fwww.w3.org%2F2000%2Fsvg%22%20viewBox%3D%220%200%20800%20422%22%3E%3C%2Fsvg%3E 800w\" sizes=\"(max-width: 800px) 100vw, 800px\" data-srcset=\"https:\/\/www.legipermis.com\/blog\/wp-content\/uploads\/2021\/02\/evolution-du-trafic-routier-en-france-2020-covid.png 800w, https:\/\/www.legipermis.com\/blog\/wp-content\/uploads\/2021\/02\/evolution-du-trafic-routier-en-france-2020-covid-300x158.png 300w, https:\/\/www.legipermis.com\/blog\/wp-content\/uploads\/2021\/02\/evolution-du-trafic-routier-en-france-2020-covid-150x79.png 150w, https:\/\/www.legipermis.com\/blog\/wp-content\/uploads\/2021\/02\/evolution-du-trafic-routier-en-france-2020-covid-768x405.png 768w\" data-src=\"https:\/\/www.legipermis.com\/blog\/wp-content\/uploads\/2021\/02\/evolution-du-trafic-routier-en-france-2020-covid.png\"><figcaption>Source ONISR &#8211; en France m\u00e9tropolitaine<\/figcaption><\/figure>\n\n\n\n<p>L&#8217;Observatoire National Interminist\u00e9riel de la S\u00e9curit\u00e9 Routi\u00e8re conclu en indiquant que ces donn\u00e9es ne pourront servir de point de comparaison en ce qui concerne les statistiques des futures ann\u00e9es. Il faudra ainsi imp\u00e9rativement se baser sur 2019 voire &#8220;une moyenne 2017-2019 ou 2015-2019, en fonction de la significativit\u00e9 des indicateurs&#8221;.<\/p>\n\n\n\n<p><\/p>\n\n\n\n<p>Source : <a href=\"https:\/\/www.onisr.securite-routiere.gouv.fr\/etat-de-l-insecurite-routiere\/bilans-annuels-de-la-securite-routiere\/bilan-2020-de-la-securite-routiere\" target=\"_blank\" rel=\"noreferrer noopener\">Bilan provisoire ONISR s\u00e9curit\u00e9 routi\u00e8re 2020<\/a><\/p>\n","protected":false},"excerpt":{"rendered":"<p>\nL&#8217;ann\u00e9e 2020 a enregistr\u00e9 la plus faible mortalit\u00e9 de l&#8217;histoire de la S\u00e9curit\u00e9 routi\u00e8re avec 2782 morts (M\u00e9tropole et Outre-Mer) soit une baisse de 20% par rapport \u00e0 2019 une ann\u00e9e pourtant d\u00e9j\u00e0 marqu\u00e9e par de bons r\u00e9sultats. <\/p>\n<p>\u00a0[&#8230;]<\/p>\n","protected":false},"author":3,"featured_media":9243,"comment_status":"open","ping_status":"closed","sticky":false,"template":"","format":"standard","meta":{"footnotes":""},"categories":[3],"tags":[165,240,70,90],"class_list":["post-9238","post","type-post","status-publish","format-standard","has-post-thumbnail","hentry","category-securite-routiere","tag-bilan","tag-morts-sur-la-route","tag-securite-routiere-2","tag-statistiques","post-1","odd"],"aioseo_notices":[],"_links":{"self":[{"href":"https:\/\/www.legipermis.com\/blog\/wp-json\/wp\/v2\/posts\/9238","targetHints":{"allow":["GET"]}}],"collection":[{"href":"https:\/\/www.legipermis.com\/blog\/wp-json\/wp\/v2\/posts"}],"about":[{"href":"https:\/\/www.legipermis.com\/blog\/wp-json\/wp\/v2\/types\/post"}],"author":[{"embeddable":true,"href":"https:\/\/www.legipermis.com\/blog\/wp-json\/wp\/v2\/users\/3"}],"replies":[{"embeddable":true,"href":"https:\/\/www.legipermis.com\/blog\/wp-json\/wp\/v2\/comments?post=9238"}],"version-history":[{"count":0,"href":"https:\/\/www.legipermis.com\/blog\/wp-json\/wp\/v2\/posts\/9238\/revisions"}],"wp:featuredmedia":[{"embeddable":true,"href":"https:\/\/www.legipermis.com\/blog\/wp-json\/wp\/v2\/media\/9243"}],"wp:attachment":[{"href":"https:\/\/www.legipermis.com\/blog\/wp-json\/wp\/v2\/media?parent=9238"}],"wp:term":[{"taxonomy":"category","embeddable":true,"href":"https:\/\/www.legipermis.com\/blog\/wp-json\/wp\/v2\/categories?post=9238"},{"taxonomy":"post_tag","embeddable":true,"href":"https:\/\/www.legipermis.com\/blog\/wp-json\/wp\/v2\/tags?post=9238"}],"curies":[{"name":"wp","href":"https:\/\/api.w.org\/{rel}","templated":true}]}}