{"id":7664,"date":"2020-06-11T10:13:58","date_gmt":"2020-06-11T08:13:58","guid":{"rendered":"https:\/\/www.legipermis.com\/blog\/?p=7664"},"modified":"2022-04-12T11:15:46","modified_gmt":"2022-04-12T09:15:46","slug":"denonciation-pv-professions-liberales-non-concernees","status":"publish","type":"post","link":"https:\/\/www.legipermis.com\/blog\/2020\/06\/11\/denonciation-pv-professions-liberales-non-concernees\/","title":{"rendered":"D\u00e9nonciation pv : les professions lib\u00e9rales non concern\u00e9es"},"content":{"rendered":"<div style=\"text-align:right;\"><em style=\"font-size:12.9px;font-weight:bold;\" class=\"last-modified\">Mis \u00e0 jour le 12\/04\/2022.<\/em><\/div>\n<p>En place depuis le 1er janvier 2017, l&#8217;obligation de <a href=\"\/blog\/2018\/04\/11\/avis-de-contravention-pour-non-designation-de-conducteur\/\" title=\"D\u00e9signation du conducteur\">d\u00e9signation du conducteur<\/a> au volant, notamment lors des exc\u00e8s de vitesse verbalis\u00e9s par des radars automatiques, a \u00e9t\u00e9 largement d\u00e9cri\u00e9e par l&#8217;ensemble des professionnels. Un arr\u00eat de la Cour de cassation vient pr\u00e9ciser l&#8217;article L121-6 du Code de la route et limite cette obligation de d\u00e9signation <strong>uniquement aux personnes morales<\/strong>. Un v\u00e9ritable soulagement pour beaucoup de petits patrons qui \u00e9taient oblig\u00e9s de s&#8217;autod\u00e9noncer.<\/p>\n\n\n\n<h2 class=\"wp-block-heading\">Une obligation limit\u00e9e aux personnes morales<\/h2>\n\n\n\n<p>L&#8217;arr\u00eat n\u00b0530 du 21 avril 2020 de la Cour de cassation, qui est totalement pass\u00e9 au travers de nos radars avec le confinement (sans jeu de mot), vient de pr\u00e9ciser le cadre d&#8217;application de l&#8217;<a href=\"https:\/\/www.legifrance.gouv.fr\/codes\/article_lc\/LEGIARTI000033425486\/\" target=\"_blank\" rel=\"noreferrer noopener\">article L121-6<\/a> du Code de la route et le limite <strong>exclusivement aux entreprises avec une personnalit\u00e9 morale.<\/strong><\/p>\n\n\n\n<p>Ainsi cette jurisprudence implique que <strong>les professions lib\u00e9rales, les artisans (sans personnalit\u00e9 morale), les entreprises unipersonnelles ou encore les auto-entrepreneurs au volant de leur v\u00e9hicule professionnel ne sont pas oblig\u00e9 de s&#8217;autod\u00e9noncer.<\/strong> Ces derniers ont une personnalit\u00e9 physique uniquement.<\/p>\n\n\n\n<blockquote class=\"wp-block-quote is-layout-flow wp-block-quote-is-layout-flow\"><p>&#8220;l&#8217;immatriculation d&#8217;un v\u00e9hicule avec le num\u00e9ro Siret de l&#8217;entrepreneur ne conf\u00e8re pas, pour ce seul motif, \u00e0 son propri\u00e9taire ou d\u00e9tenteur la qualit\u00e9 de personne morale, de sorte que son dirigeant ne peut \u00eatre poursuivi&nbsp;&#8220;<\/p><cite>Arr\u00eat 530 de la Cour de Cassation<\/cite><\/blockquote>\n\n\n\n<h3 class=\"wp-block-heading\">Comment diff\u00e9rencier les entreprises ?<\/h3>\n\n\n\n<p>C&#8217;est l&#8217;autre enjeu de cette jurisprudence, c&#8217;est comment l&#8217;Etat va faire la diff\u00e9rence lors de l&#8217;envoi des avis de contraventions entre une petite entreprise sans personne morale, d&#8217;une PME de type SARL ou SAS  ou encore d&#8217;une grosse entreprise. L&#8217;administration devra donc interroger automatiquement un fichier et on imagine ais\u00e9ment la complexit\u00e9 de la situation durant les prochains mois.<\/p>\n\n\n\n<h2 class=\"wp-block-heading\">Rappel des sanctions<\/h2>\n\n\n\n<p>L&#8217;<a href=\"\/blog\/2018\/04\/11\/avis-de-contravention-pour-non-designation-de-conducteur\/\">amende pour non-designation du conducteur<\/a> au volant pour une personne morale est une <strong>amende forfaitaire de 675\u20ac<\/strong> (minor\u00e9e \u00e0 450\u20ac en cas de paiement sous 15 jours).<\/p>\n\n\n\n<p>On rappelle que cet article du Code de la route avait pour vocation initiale de responsabiliser les salari\u00e9s au volant de leur v\u00e9hicule professionnel. Auparavant, l&#8217;entreprise payait l&#8217;amende et le conducteur pouvait ainsi \u00e9chapper \u00e0 la perte de points. Et on sait que beaucoup d&#8217;incivilit\u00e9s au volant sont commises durant les heures de travail. N\u00e9anmoins il y a maintenant trois ans, cette modification a engendr\u00e9 une v\u00e9ritable incompr\u00e9hension (un euph\u00e9misme) dans de nombreuses professions comme chez les m\u00e9decins par exemple qui \u00e9taient oblig\u00e9s de s&#8217;autod\u00e9noncer.<\/p>\n\n\n\n<p>Cet arr\u00eat de la Cour de cassation est venu &#8220;r\u00e9parer&#8221; une situation pouvant \u00eatre largement jug\u00e9e comme &#8220;injuste&#8221; pour beaucoup de petits patrons qui ont pay\u00e9 leur amende de bonne foi.<\/p>\n","protected":false},"excerpt":{"rendered":"<p>\nEn place depuis le 1er janvier 2017, l&#8217;obligation de d\u00e9signation du conducteur au volant, notamment lors des exc\u00e8s de vitesse verbalis\u00e9s par des radars automatiques, a \u00e9t\u00e9 largement d\u00e9cri\u00e9e par l&#8217;ensemble des professionnels. Un arr\u00eat de la Cour de cassation vient pr\u00e9ciser l&#8217;article L121-6 du Code de la route et limite cette obligation de d\u00e9signation <strong>uniquement aux personnes morales<\/strong>. Un v\u00e9ritable soulagement pour beaucoup de petits patrons qui \u00e9taient oblig\u00e9s de s&#8217;autod\u00e9noncer.<\/p>\n<p>Une obligation limit\u00e9e aux personnes morales<\/p>\n<p>L&#8217;arr\u00eat n\u00b0530 du 21 avril 2020 de la Cour de cassation, qui est totalement pass\u00e9 au travers de nos radars avec le confinement (sans\u00a0[&#8230;]<\/p>\n","protected":false},"author":3,"featured_media":7666,"comment_status":"open","ping_status":"closed","sticky":false,"template":"","format":"standard","meta":{"footnotes":""},"categories":[4,437],"tags":[41,472,317,148,91],"class_list":["post-7664","post","type-post","status-publish","format-standard","has-post-thumbnail","hentry","category-legislation","category-radar-automatique","tag-amende","tag-cour-de-cassation","tag-entreprise","tag-exces-de-vitesse","tag-pv","post-1","odd"],"aioseo_notices":[],"_links":{"self":[{"href":"https:\/\/www.legipermis.com\/blog\/wp-json\/wp\/v2\/posts\/7664","targetHints":{"allow":["GET"]}}],"collection":[{"href":"https:\/\/www.legipermis.com\/blog\/wp-json\/wp\/v2\/posts"}],"about":[{"href":"https:\/\/www.legipermis.com\/blog\/wp-json\/wp\/v2\/types\/post"}],"author":[{"embeddable":true,"href":"https:\/\/www.legipermis.com\/blog\/wp-json\/wp\/v2\/users\/3"}],"replies":[{"embeddable":true,"href":"https:\/\/www.legipermis.com\/blog\/wp-json\/wp\/v2\/comments?post=7664"}],"version-history":[{"count":0,"href":"https:\/\/www.legipermis.com\/blog\/wp-json\/wp\/v2\/posts\/7664\/revisions"}],"wp:featuredmedia":[{"embeddable":true,"href":"https:\/\/www.legipermis.com\/blog\/wp-json\/wp\/v2\/media\/7666"}],"wp:attachment":[{"href":"https:\/\/www.legipermis.com\/blog\/wp-json\/wp\/v2\/media?parent=7664"}],"wp:term":[{"taxonomy":"category","embeddable":true,"href":"https:\/\/www.legipermis.com\/blog\/wp-json\/wp\/v2\/categories?post=7664"},{"taxonomy":"post_tag","embeddable":true,"href":"https:\/\/www.legipermis.com\/blog\/wp-json\/wp\/v2\/tags?post=7664"}],"curies":[{"name":"wp","href":"https:\/\/api.w.org\/{rel}","templated":true}]}}