{"id":7442,"date":"2020-05-04T11:38:36","date_gmt":"2020-05-04T09:38:36","guid":{"rendered":"https:\/\/www.legipermis.com\/blog\/?p=7442"},"modified":"2022-04-08T09:05:11","modified_gmt":"2022-04-08T07:05:11","slug":"delai-de-paiement-des-pv-et-covid-19","status":"publish","type":"post","link":"https:\/\/www.legipermis.com\/blog\/2020\/05\/04\/delai-de-paiement-des-pv-et-covid-19\/","title":{"rendered":"D\u00e9lai de paiement des PV et Covid-19"},"content":{"rendered":"<div style=\"text-align:right;\"><em style=\"font-size:12.9px;font-weight:bold;\" class=\"last-modified\">Mis \u00e0 jour le 08\/04\/2022.<\/em><\/div>\n<div class=\"wp-block-group\"><div class=\"wp-block-group__inner-container is-layout-flow wp-block-group-is-layout-flow\">\n<p>Recevoir un <strong>avis de contravention<\/strong> pendant le confinement, un sacr\u00e9 d\u00e9fi en perspective ! Avec l&#8217;\u00e9pid\u00e9mie de Coronavirus, de nombreuses questions ont \u00e9merg\u00e9es quant aux <strong>d\u00e9lais de paiement des contraventions<\/strong> ainsi que des <strong>d\u00e9lais de contestation<\/strong>. Les d\u00e9lais de paiement sont les m\u00eames que les d\u00e9lais de contestation. Ainsi, la modification des d\u00e9lais de contestations entra\u00eenent de fait la modification des d\u00e9lais de <a href=\"\/infractions\/comment-payer-une-amende.html\">paiement des amendes<\/a>.<\/p>\n<\/div><\/div>\n\n\n\n<h2>Pour les amendes forfaitaires<\/h2>\n<p>Pour les contraventions avec <a href=\"\/infractions\/amende-forfaitaire.html\">amende forfaitaire<\/a> ou encore les amendes forfaitaires d\u00e9lictuelles (par exemple pour la conduite sans assurance ou sans permis), cette \u00e9ch\u00e9ance passe de 60 jours (d\u00e9lai de paiement par internet) \u00e0 un d\u00e9lai de <strong>90 jours<\/strong> quel que soit le mode de paiement choisi.<\/p>\n<p>Ce d\u00e9lai est valable \u00e0 compter du 12 mars 2020 et jusqu&#8217;\u00e0 1 mois apr\u00e8s la fin de l&#8217;\u00e9tat d&#8217;urgence sanitaire qui est pour le moment pr\u00e9vu au 24 juillet 2020 apr\u00e8s le prolongement r\u00e9cent du gouvernement d&#8217;Edouard Philippe. Donc en pratique pour le moment, <strong>jusqu&#8217;au 24 ao\u00fbt 2020<\/strong>.<\/p>\n<p>La date \u00e0 prendre en compte est la <strong>date de l&#8217;\u00e9mission de l&#8217;avis de contravention<\/strong> en page 1. A cette occasion, les&nbsp;<strong>d\u00e9lais de contestation<\/strong> de PV ont \u00e9t\u00e9 doubl\u00e9s aussi et passent \u00e0 90 jours.<\/p>\n<h2>Pour les amendes major\u00e9es<\/h2>\n<p>Pour les amendes major\u00e9es, le d\u00e9lai de paiement est pass\u00e9 de 30 jours \u00e0 60 jours pour toute la dur\u00e9e de l&#8217;Etat d&#8217;urgence sanitaire et m\u00eame jusqu&#8217;\u00e0 1 mois apr\u00e8s.<\/p>\n<p>Les d\u00e9lais de <strong>r\u00e9clamation<\/strong> (contestation d&#8217;avis d\u2019amende forfaitaire major\u00e9e) passent aussi de 30 jours \u00e0 <strong>60 jours<\/strong>.<\/p>\n<p>Si l&#8217;avis d&#8217;amende forfaitaire major\u00e9e a \u00e9t\u00e9 envoy\u00e9 <strong>en recommand\u00e9<\/strong>, le d\u00e9lai de contestation passe de 3 mois \u00e0 <strong>6 mois<\/strong>.<\/p>\n<h2>Pour la d\u00e9signation du conducteur en entreprise<\/h2>\n<p>Pour les entreprises, le d\u00e9lai de d\u00e9signation du conducteur d&#8217;un v\u00e9hicule immatricul\u00e9 au nom d&#8217;une personne morale est de 90 jours contre 45 jours auparavant.<\/p>\n<p>Pour rappel pour payer vos amendes : <a href=\"https:\/\/www.amendes.gouv.fr\/tai\" target=\"_blank\" rel=\"noopener noreferrer\">https:\/\/www.amendes.gouv.fr\/tai<\/a><\/p>\n\n\n<p>Sources :<\/p>\n<ul>\n<li><a title=\"Ordonnance n\u00b0 2020-303 du 25 mars 2020\" href=\"https:\/\/www.legifrance.gouv.fr\/loda\/id\/JORFTEXT000041755529\/\" target=\"_blank\" rel=\"noopener noreferrer\">Ordonnance n\u00b0 2020-303 du 25 mars 2020<\/a><\/li>\n<li><a title=\"Covid-19 - Adaptation des r\u00e8gles de la proc\u00e9dure p\u00e9nale\" href=\"https:\/\/www.antai.gouv.fr\/actualites\/covid-19-adaptation-des-delais-de-contestation\/\" target=\"_blank\" rel=\"noopener noreferrer\">Covid-19 &#8211; Adaptation des r\u00e8gles de la proc\u00e9dure p\u00e9nale<\/a><\/li>\n<\/ul>","protected":false},"excerpt":{"rendered":"<p>Recevoir un <strong>avis de contravention<\/strong> pendant le confinement, un sacr\u00e9 d\u00e9fi en perspective ! Avec l&#8217;\u00e9pid\u00e9mie de Coronavirus, de nombreuses questions ont \u00e9merg\u00e9es quant aux <strong>d\u00e9lais de paiement des contraventions<\/strong> ainsi que des <strong>d\u00e9lais de contestation<\/strong>. Les d\u00e9lais de paiement sont les m\u00eames que les d\u00e9lais de contestation. Ainsi, la modification des d\u00e9lais de contestations entra\u00eenent de fait la modification des d\u00e9lais de paiement des amendes.<\/p>\n<p>Pour les amendes forfaitaires<br \/>\nPour les contraventions avec amende forfaitaire ou encore les amendes forfaitaires d\u00e9lictuelles (par exemple pour la conduite sans assurance ou sans permis), cette \u00e9ch\u00e9ance passe de 60 jours (d\u00e9lai de paiement par\u00a0[&#8230;]<\/p>\n","protected":false},"author":3,"featured_media":7446,"comment_status":"open","ping_status":"closed","sticky":false,"template":"","format":"standard","meta":{"footnotes":""},"categories":[4],"tags":[41,223,343,530,534],"class_list":["post-7442","post","type-post","status-publish","format-standard","has-post-thumbnail","hentry","category-legislation","tag-amende","tag-contravention","tag-controles-radar","tag-covid","tag-delai","post-1","odd"],"aioseo_notices":[],"_links":{"self":[{"href":"https:\/\/www.legipermis.com\/blog\/wp-json\/wp\/v2\/posts\/7442","targetHints":{"allow":["GET"]}}],"collection":[{"href":"https:\/\/www.legipermis.com\/blog\/wp-json\/wp\/v2\/posts"}],"about":[{"href":"https:\/\/www.legipermis.com\/blog\/wp-json\/wp\/v2\/types\/post"}],"author":[{"embeddable":true,"href":"https:\/\/www.legipermis.com\/blog\/wp-json\/wp\/v2\/users\/3"}],"replies":[{"embeddable":true,"href":"https:\/\/www.legipermis.com\/blog\/wp-json\/wp\/v2\/comments?post=7442"}],"version-history":[{"count":0,"href":"https:\/\/www.legipermis.com\/blog\/wp-json\/wp\/v2\/posts\/7442\/revisions"}],"wp:featuredmedia":[{"embeddable":true,"href":"https:\/\/www.legipermis.com\/blog\/wp-json\/wp\/v2\/media\/7446"}],"wp:attachment":[{"href":"https:\/\/www.legipermis.com\/blog\/wp-json\/wp\/v2\/media?parent=7442"}],"wp:term":[{"taxonomy":"category","embeddable":true,"href":"https:\/\/www.legipermis.com\/blog\/wp-json\/wp\/v2\/categories?post=7442"},{"taxonomy":"post_tag","embeddable":true,"href":"https:\/\/www.legipermis.com\/blog\/wp-json\/wp\/v2\/tags?post=7442"}],"curies":[{"name":"wp","href":"https:\/\/api.w.org\/{rel}","templated":true}]}}