{"id":7212,"date":"2019-10-21T15:24:03","date_gmt":"2019-10-21T13:24:03","guid":{"rendered":"https:\/\/www.legipermis.com\/blog\/?p=7212"},"modified":"2021-08-23T15:35:43","modified_gmt":"2021-08-23T13:35:43","slug":"radar-auto-et-conduite-sans-assurance-cest-parti","status":"publish","type":"post","link":"https:\/\/www.legipermis.com\/blog\/2019\/10\/21\/radar-auto-et-conduite-sans-assurance-cest-parti\/","title":{"rendered":"Radar auto et conduite sans assurance : c&#8217;est parti !"},"content":{"rendered":"<div style=\"text-align:right;\"><em style=\"font-size:12.9px;font-weight:bold;\" class=\"last-modified\">Mis \u00e0 jour le 23\/08\/2021.<\/em><\/div><p>Apr\u00e8s une premi\u00e8re exp\u00e9rimentation en r\u00e9gion parisienne, l&#8217;utilisation du <a href=\"\/blog\/2019\/06\/05\/le-fichier-des-vehicules-assures-est-entre-en-vigueur\/\">fichier des v\u00e9hicules assur\u00e9s<\/a> (le FVA) par les radars automatiques est maintenant en place sur tout le territoire national. La S\u00e9curit\u00e9 Routi\u00e8re a annonc\u00e9 <a href=\"https:\/\/www.securite-routiere.gouv.fr\/actualites\/lancement-operationnel-du-fichier-des-vehicules-assures-et-action-de-prevention\" target=\"_blank\" rel=\"noopener noreferrer\">dans un communiqu\u00e9 de presse<\/a> le lancement op\u00e9rationnel de la mesure avec une premi\u00e8re phase dite &#8220;de sensibilisation&#8221; o\u00f9 seul un courrier sera envoy\u00e9.<!--more--><\/p>\n<h2>Lutter contre la conduite sans assurance<\/h2>\n<p>L&#8217;ONISR (Observatoire National Inter-minist\u00e9riel de la S\u00e9curit\u00e9 Routi\u00e8re) estime que l&#8217;on compte environ 700 000 conducteurs sans assurance en France. Ils repr\u00e9senteraient \u00e0 eux seuls pr\u00e8s de 5% de mortalit\u00e9 routi\u00e8re soit 175 personnes en 2018.<\/p>\n<p>Le fichier des v\u00e9hicules assur\u00e9s FVA permet de v\u00e9rifier la pr\u00e9sence d&#8217;un contrat d&#8217;assurance auto soit :<\/p>\n<ul>\n<li>dans le cas d&#8217;une interception par les forces de Police ou de gendarmerie;<\/li>\n<li>de mani\u00e8re automatis\u00e9e par un radar automatique (radar fixe, radar feu rouge, radar mobile ou encore les derniers radars tourelles) \u00e0 l&#8217;occasion d&#8217;une autre infraction au Code de la route comme un exc\u00e8s de vitesse ou un feu rouge;<\/li>\n<\/ul>\n<p>La consultation du fichier des v\u00e9hicules assur\u00e9s interviendra 3 jours apr\u00e8s l&#8217;infraction pour bien consulter un ensemble de donn\u00e9es \u00e0 jour avec notamment tous les derniers nouveaux contrats. Les assureurs ont effet 3 jours maximum l\u00e9galement pour alimenter ce fichier apr\u00e8s toute nouvelle souscription \u00e0 un contrat.<\/p>\n<h2>Une phase de pr\u00e9vention d&#8217;abord<\/h2>\n<p>Pour l&#8217;instant pour chaque d\u00e9lit constat\u00e9 par l&#8217;interm\u00e9diaire d&#8217;un radar automatique, le conducteur recevra un <strong>courrier de sensibilisation<\/strong> envoy\u00e9 par le Fonds de garantie des assurances obligatoires de dommages (FGAO) et la D\u00e9l\u00e9gation \u00e0 la S\u00e9curit\u00e9 Routi\u00e8re (DSR) pour le sensibiliser aux risques et aux dangers de la conduite sans assurance. Il sera enjoint \u00e0 souscrire imm\u00e9diatement \u00e0 une nouvelle police d&#8217;assurance.<\/p>\n<p>La dur\u00e9e de la phase <strong>sans amende<\/strong> de pr\u00e9vention (hors l&#8217;autre infraction constat\u00e9e par le radar \u00e9videmment) devrait durer quelques mois. On peut estimer de mani\u00e8re raisonnable que les premiers PVs avec amende forfaitaire d\u00e9lictuelle devraient \u00eatre envoy\u00e9s <strong>d\u00e9but 2020<\/strong>.<\/p>\n<h3>L&#8217;amende forfaitaire d\u00e9lictuelle<\/h3>\n<p>Depuis la loi de modernisation de la justice J21 du 18 novembre 2016, la <a href=\"https:\/\/www.legipermis.com\/infractions\/defaut-assurance-auto.html\">conduite sans assurance<\/a>, bien que restant un d\u00e9lit, peut \u00eatre sanctionn\u00e9e par une <strong>amende forfaitaire d\u00e9lictuelle de 500 euros<\/strong> minor\u00e9e \u00e0 400 euros en cas de paiement dans les 15 jours (Source : article\u00a0<a href=\"https:\/\/www.legifrance.gouv.fr\/codes\/article_lc\/LEGIARTI000033460260\/\">L324-2<\/a>\u00a0du Code de la route) hors r\u00e9cidive.<\/p>\n","protected":false},"excerpt":{"rendered":"<p>Apr\u00e8s une premi\u00e8re exp\u00e9rimentation en r\u00e9gion parisienne, l&#8217;utilisation du fichier des v\u00e9hicules assur\u00e9s (le FVA) par les radars automatiques est maintenant en place sur tout le territoire national. La S\u00e9curit\u00e9 Routi\u00e8re a annonc\u00e9 dans un communiqu\u00e9 de presse le lancement op\u00e9rationnel de la mesure avec une premi\u00e8re phase dite &#8220;de sensibilisation&#8221; o\u00f9 seul un courrier sera envoy\u00e9.\u00a0[&#8230;]<\/p>\n","protected":false},"author":3,"featured_media":7215,"comment_status":"open","ping_status":"closed","sticky":false,"template":"","format":"standard","meta":{"footnotes":""},"categories":[4,437],"tags":[220,467,403,239,22],"class_list":["post-7212","post","type-post","status-publish","format-standard","has-post-thumbnail","hentry","category-legislation","category-radar-automatique","tag-assurance","tag-assurance-auto","tag-conduire-sans-assurance","tag-radar-automatique","tag-radar-mobile","post-1","odd"],"aioseo_notices":[],"_links":{"self":[{"href":"https:\/\/www.legipermis.com\/blog\/wp-json\/wp\/v2\/posts\/7212","targetHints":{"allow":["GET"]}}],"collection":[{"href":"https:\/\/www.legipermis.com\/blog\/wp-json\/wp\/v2\/posts"}],"about":[{"href":"https:\/\/www.legipermis.com\/blog\/wp-json\/wp\/v2\/types\/post"}],"author":[{"embeddable":true,"href":"https:\/\/www.legipermis.com\/blog\/wp-json\/wp\/v2\/users\/3"}],"replies":[{"embeddable":true,"href":"https:\/\/www.legipermis.com\/blog\/wp-json\/wp\/v2\/comments?post=7212"}],"version-history":[{"count":0,"href":"https:\/\/www.legipermis.com\/blog\/wp-json\/wp\/v2\/posts\/7212\/revisions"}],"wp:featuredmedia":[{"embeddable":true,"href":"https:\/\/www.legipermis.com\/blog\/wp-json\/wp\/v2\/media\/7215"}],"wp:attachment":[{"href":"https:\/\/www.legipermis.com\/blog\/wp-json\/wp\/v2\/media?parent=7212"}],"wp:term":[{"taxonomy":"category","embeddable":true,"href":"https:\/\/www.legipermis.com\/blog\/wp-json\/wp\/v2\/categories?post=7212"},{"taxonomy":"post_tag","embeddable":true,"href":"https:\/\/www.legipermis.com\/blog\/wp-json\/wp\/v2\/tags?post=7212"}],"curies":[{"name":"wp","href":"https:\/\/api.w.org\/{rel}","templated":true}]}}