{"id":7138,"date":"2019-06-05T10:39:49","date_gmt":"2019-06-05T08:39:49","guid":{"rendered":"https:\/\/www.legipermis.com\/blog\/?p=7138"},"modified":"2019-06-11T15:52:38","modified_gmt":"2019-06-11T13:52:38","slug":"le-fichier-des-vehicules-assures-est-entre-en-vigueur","status":"publish","type":"post","link":"https:\/\/www.legipermis.com\/blog\/2019\/06\/05\/le-fichier-des-vehicules-assures-est-entre-en-vigueur\/","title":{"rendered":"Le Fichier des v\u00e9hicules assur\u00e9s est entr\u00e9 en vigueur"},"content":{"rendered":"<div style=\"text-align:right;\"><em style=\"font-size:12.9px;font-weight:bold;\" class=\"last-modified\">Mis \u00e0 jour le 11\/06\/2019.<\/em><\/div><p>On estime \u00e0 environ 750 000 le nombre de conducteurs sans assurance en France, un chiffre relativement stable <a href=\"\/blog\/2015\/10\/20\/nombre-de-conducteurs-sans-permis\/\">depuis 2015<\/a>. Le <strong>fichier des v\u00e9hicules assur\u00e9s (<a href=\"\/blog\/2018\/08\/22\/un-nouveau-fichier-des-assures-au-1er-janvier-2019\/\">FVA<\/a>)<\/strong> est enfin op\u00e9rationnel depuis ce mardi 4 juin 2019 afin de lutter plus efficacement contre la conduite sans assurance.<!--more--><\/p>\n<h2>Un fichier \u00e9tabli avec les compagnies d&#8217;assurance<\/h2>\n<p>A partir de maintenant, lors d&#8217;un contr\u00f4le routier les policiers et gendarmes pourront transmettre \u00e9lectroniquement le num\u00e9ro de la plaque d&#8217;immatriculation afin de v\u00e9rifier si le v\u00e9hicule est bien assur\u00e9. Les autorit\u00e9s auront 3 jours pour confirmer l&#8217;absence r\u00e9elle de contrat d&#8217;assurance auto et \u00e9tablir l&#8217;infraction routi\u00e8re. Seuls les engins agricoles, militaires et diplomatiques ne seront pas concern\u00e9s par ce contr\u00f4le.<\/p>\n<h3>Les premiers contr\u00f4les \u00e0 Paris<\/h3>\n<p>Ce fichier est op\u00e9rationnel depuis le 04\/06\/2019 et les premiers contr\u00f4les ont d\u00e9but\u00e9 dans la r\u00e9gion parisienne et seront bient\u00f4t g\u00e9n\u00e9ralis\u00e9s \u00e0 toute la France avant un d\u00e9ploiement sur tout le territoire national d&#8217;apr\u00e8s une information de la radio RTL confirm\u00e9e par la S\u00e9curit\u00e9 Routi\u00e8re qui parle encore d&#8217;une &#8220;exp\u00e9rimentation&#8221;.<\/p>\n<h2>Les sanctions ne changent pas<\/h2>\n<p>Les risques relatifs au d\u00e9lit de <a href=\"\/infractions\/defaut-assurance-auto.html\">conduite sans assurance<\/a> ne changent pas, l&#8217;<strong>amende maximale est de 3750\u20ac<\/strong> avec une suspension de permis possible. Depuis 2017 et afin de faire de la place dans les tribunaux, une <strong>amende forfaitaire d\u00e9lictuelle de 500\u20ac<\/strong> est possible en dehors de toute r\u00e9cidive.<\/p>\n<h2>Une utilisation combin\u00e9e avec les radars automatiques<\/h2>\n<p>L&#8217;objectif \u00e0 terme est que chaque infraction verbalis\u00e9e par un radar automatique pour un exc\u00e8s de vitesse (ou tout autre vid\u00e9o-verbalisation) soit crois\u00e9e avec le nouveau fichier FVA afin de syst\u00e9matiser le contr\u00f4le de l&#8217;assurance auto. Une tr\u00e8s bonne nouvelle lorsque l&#8217;on sait que 30873 personnes ont \u00e9t\u00e9 victime d&#8217;un accident de la route avec un conducteur non-assur\u00e9 en 2018, ce qui correspond \u00e0 une indemnisation de 119 millions d&#8217;euros (source FGAO : Fonds de Garanties des Assurances Obligatoires de dommages), un chiffre en croissance de 12% par rapport \u00e0 2013.<\/p>\n<p>&nbsp;<\/p>\n<p>&nbsp;<\/p>\n","protected":false},"excerpt":{"rendered":"<p>On estime \u00e0 environ 750 000 le nombre de conducteurs sans assurance en France, un chiffre relativement stable depuis 2015. Le <strong>fichier des v\u00e9hicules assur\u00e9s (FVA)<\/strong> est enfin op\u00e9rationnel depuis ce mardi 4 juin 2019 afin de lutter plus efficacement contre la conduite sans assurance.\u00a0[&#8230;]<\/p>\n","protected":false},"author":2,"featured_media":7143,"comment_status":"open","ping_status":"closed","sticky":false,"template":"","format":"standard","meta":{"footnotes":""},"categories":[407],"tags":[467,403,54,525,239],"class_list":["post-7138","post","type-post","status-publish","format-standard","has-post-thumbnail","hentry","category-assurance-auto","tag-assurance-auto","tag-conduire-sans-assurance","tag-departement-75","tag-fva","tag-radar-automatique","post-1","odd"],"aioseo_notices":[],"_links":{"self":[{"href":"https:\/\/www.legipermis.com\/blog\/wp-json\/wp\/v2\/posts\/7138","targetHints":{"allow":["GET"]}}],"collection":[{"href":"https:\/\/www.legipermis.com\/blog\/wp-json\/wp\/v2\/posts"}],"about":[{"href":"https:\/\/www.legipermis.com\/blog\/wp-json\/wp\/v2\/types\/post"}],"author":[{"embeddable":true,"href":"https:\/\/www.legipermis.com\/blog\/wp-json\/wp\/v2\/users\/2"}],"replies":[{"embeddable":true,"href":"https:\/\/www.legipermis.com\/blog\/wp-json\/wp\/v2\/comments?post=7138"}],"version-history":[{"count":0,"href":"https:\/\/www.legipermis.com\/blog\/wp-json\/wp\/v2\/posts\/7138\/revisions"}],"wp:featuredmedia":[{"embeddable":true,"href":"https:\/\/www.legipermis.com\/blog\/wp-json\/wp\/v2\/media\/7143"}],"wp:attachment":[{"href":"https:\/\/www.legipermis.com\/blog\/wp-json\/wp\/v2\/media?parent=7138"}],"wp:term":[{"taxonomy":"category","embeddable":true,"href":"https:\/\/www.legipermis.com\/blog\/wp-json\/wp\/v2\/categories?post=7138"},{"taxonomy":"post_tag","embeddable":true,"href":"https:\/\/www.legipermis.com\/blog\/wp-json\/wp\/v2\/tags?post=7138"}],"curies":[{"name":"wp","href":"https:\/\/api.w.org\/{rel}","templated":true}]}}