{"id":7109,"date":"2019-05-21T11:29:36","date_gmt":"2019-05-21T09:29:36","guid":{"rendered":"https:\/\/www.legipermis.com\/blog\/?p=7109"},"modified":"2021-08-24T13:28:10","modified_gmt":"2021-08-24T11:28:10","slug":"prime-a-la-conversion-et-noms-differents-sur-cartes-grises","status":"publish","type":"post","link":"https:\/\/www.legipermis.com\/blog\/2019\/05\/21\/prime-a-la-conversion-et-noms-differents-sur-cartes-grises\/","title":{"rendered":"Prime \u00e0 la conversion et noms diff\u00e9rents sur cartes grises"},"content":{"rendered":"<div style=\"text-align:right;\"><em style=\"font-size:12.9px;font-weight:bold;\" class=\"last-modified\">Mis \u00e0 jour le 24\/08\/2021.<\/em><\/div><p>Est-on oblig\u00e9 d&#8217;avoir <strong>le m\u00eame nom inscrit sur les cartes grises<\/strong> (certificat d&#8217;immatriculation) pour le vieux v\u00e9hicule \u00e0 mettre \u00e0 la casse et le nouveau v\u00e9hicule moins polluant \u00e0 acheter pour avoir droit \u00e0 la <a href=\"\/estimation-cote-voiture\/prime-a-la-conversion.html\">prime \u00e0 la conversion<\/a> ? C&#8217;\u00e9tait normalement le cas jusqu&#8217;\u00e0 pr\u00e9sent d&#8217;apr\u00e8s la loi. <!--more-->N\u00e9anmoins, afin de prendre en consid\u00e9ration toutes les situations familiales, le gouvernement a d\u00e9cid\u00e9 d&#8217;assouplir cette r\u00e8gle pour les couples mari\u00e9s et pacs\u00e9s.<\/p>\n<h2>Avoir le m\u00eame nom sur la carte grise<\/h2>\n<p>C&#8217;est une <a href=\"https:\/\/www2.assemblee-nationale.fr\/questions\/detail\/15\/QE\/18049\" target=\"_blank\" rel=\"noopener noreferrer\">question pos\u00e9e au gouvernement<\/a> par Madame B\u00e9rang\u00e8re Abba membre de la commission du d\u00e9veloppement durable et de l&#8217;am\u00e9nagement du territoire sur la n\u00e9cessit\u00e9 d&#8217;avoir le m\u00eame nom sur le certificat d&#8217;immatriculation du vieux et de nouveau v\u00e9hicule <strong>pour les couples mari\u00e9s sous le r\u00e9gime de la communaut\u00e9 ou pacs\u00e9s avec le r\u00e9gime de l&#8217;indivision.<\/strong><\/p>\n<p>En effet, les conditions d&#8217;attribution de cette prime \u00e0 la casse, pr\u00e9cis\u00e9es dans l&#8217;<a href=\"https:\/\/www.legifrance.gouv.fr\/codes\/article_lc\/LEGIARTI000043857205\/\" target=\"_blank\" rel=\"noopener noreferrer\">article D251-3 du Code de l&#8217;\u00e9nergie<\/a>, imposent que le nom figurant sur le certificat d&#8217;immatriculation du v\u00e9hicule acquis et du v\u00e9hicule d\u00e9truit (titulaire depuis au moins un an pour le vieux v\u00e9hicule) soit le m\u00eame que celui du demandeur de la prime \u00e0 la conversion y compris pour les gros rouleurs qui font plus de 60 km aller-retour par jour le travail.<\/p>\n<h2>La r\u00e9ponse du gouvernement<\/h2>\n<p>La r\u00e9ponse du gouvernement a \u00e9t\u00e9 publi\u00e9e au journal officiel du 7 mai 2019.<\/p>\n<p>Le ministre de la transition \u00e9cologique et solidaire a demand\u00e9 \u00e0 l&#8217;agence qui s&#8217;occupe de traiter les dossiers (l&#8217;ASP) de <strong>ne pas prendre la diff\u00e9rence de nom comme motif d&#8217;in\u00e9ligibilit\u00e9<\/strong> pour les couples mari\u00e9s ou pacs\u00e9s. L&#8217;Agence de Service et de Paiement (ASP) pourra demander afin d&#8217;accepter le dossier de la prime \u00e0 la conversion un livret de famille comme pi\u00e8ce justificative.<\/p>\n<div id=\"attachment_7114\" style=\"width: 1410px\" class=\"wp-caption aligncenter\"><noscript><img decoding=\"async\" aria-describedby=\"caption-attachment-7114\" class=\"size-full wp-image-7114\" src=\"\/blog\/wp-content\/uploads\/2019\/05\/jo-2019-prime-a-la-conversion-carte-grise-nom.jpg\" alt=\"JO 2019 : prime \u00e0 la conversion et noms diff\u00e9rents sur les cartes grises\" width=\"1400\" height=\"912\" srcset=\"https:\/\/www.legipermis.com\/blog\/wp-content\/uploads\/2019\/05\/jo-2019-prime-a-la-conversion-carte-grise-nom.jpg 1400w, https:\/\/www.legipermis.com\/blog\/wp-content\/uploads\/2019\/05\/jo-2019-prime-a-la-conversion-carte-grise-nom-150x98.jpg 150w, https:\/\/www.legipermis.com\/blog\/wp-content\/uploads\/2019\/05\/jo-2019-prime-a-la-conversion-carte-grise-nom-300x195.jpg 300w, https:\/\/www.legipermis.com\/blog\/wp-content\/uploads\/2019\/05\/jo-2019-prime-a-la-conversion-carte-grise-nom-768x500.jpg 768w, https:\/\/www.legipermis.com\/blog\/wp-content\/uploads\/2019\/05\/jo-2019-prime-a-la-conversion-carte-grise-nom-1024x667.jpg 1024w\" sizes=\"(max-width: 1400px) 100vw, 1400px\"><\/noscript><img decoding=\"async\" aria-describedby=\"caption-attachment-7114\" class=\"size-full wp-image-7114 lazyload\" src=\"data:image\/svg+xml,%3Csvg%20xmlns%3D%22http%3A%2F%2Fwww.w3.org%2F2000%2Fsvg%22%20viewBox%3D%220%200%201400%20912%22%3E%3C%2Fsvg%3E\" alt=\"JO 2019 : prime \u00e0 la conversion et noms diff\u00e9rents sur les cartes grises\" width=\"1400\" height=\"912\" srcset=\"data:image\/svg+xml,%3Csvg%20xmlns%3D%22http%3A%2F%2Fwww.w3.org%2F2000%2Fsvg%22%20viewBox%3D%220%200%201400%20912%22%3E%3C%2Fsvg%3E 1400w\" sizes=\"(max-width: 1400px) 100vw, 1400px\" data-srcset=\"https:\/\/www.legipermis.com\/blog\/wp-content\/uploads\/2019\/05\/jo-2019-prime-a-la-conversion-carte-grise-nom.jpg 1400w, https:\/\/www.legipermis.com\/blog\/wp-content\/uploads\/2019\/05\/jo-2019-prime-a-la-conversion-carte-grise-nom-150x98.jpg 150w, https:\/\/www.legipermis.com\/blog\/wp-content\/uploads\/2019\/05\/jo-2019-prime-a-la-conversion-carte-grise-nom-300x195.jpg 300w, https:\/\/www.legipermis.com\/blog\/wp-content\/uploads\/2019\/05\/jo-2019-prime-a-la-conversion-carte-grise-nom-768x500.jpg 768w, https:\/\/www.legipermis.com\/blog\/wp-content\/uploads\/2019\/05\/jo-2019-prime-a-la-conversion-carte-grise-nom-1024x667.jpg 1024w\" data-src=\"\/blog\/wp-content\/uploads\/2019\/05\/jo-2019-prime-a-la-conversion-carte-grise-nom.jpg\"><p id=\"caption-attachment-7114\" class=\"wp-caption-text\">Source : JO assembl\u00e9e Nationale<\/p><\/div>\n<h2><\/h2>\n","protected":false},"excerpt":{"rendered":"<p>Est-on oblig\u00e9 d&#8217;avoir <strong>le m\u00eame nom inscrit sur les cartes grises<\/strong> (certificat d&#8217;immatriculation) pour le vieux v\u00e9hicule \u00e0 mettre \u00e0 la casse et le nouveau v\u00e9hicule moins polluant \u00e0 acheter pour avoir droit \u00e0 la prime \u00e0 la conversion ? C&#8217;\u00e9tait normalement le cas jusqu&#8217;\u00e0 pr\u00e9sent d&#8217;apr\u00e8s la loi. \u00a0[&#8230;]<\/p>\n","protected":false},"author":2,"featured_media":7111,"comment_status":"open","ping_status":"closed","sticky":false,"template":"","format":"standard","meta":{"footnotes":""},"categories":[2,7],"tags":[297,513,514],"class_list":["post-7109","post","type-post","status-publish","format-standard","has-post-thumbnail","hentry","category-auto","category-environnement","tag-carte-grise","tag-prime-a-la-casse","tag-prime-a-la-conversion","post-1","odd"],"aioseo_notices":[],"_links":{"self":[{"href":"https:\/\/www.legipermis.com\/blog\/wp-json\/wp\/v2\/posts\/7109","targetHints":{"allow":["GET"]}}],"collection":[{"href":"https:\/\/www.legipermis.com\/blog\/wp-json\/wp\/v2\/posts"}],"about":[{"href":"https:\/\/www.legipermis.com\/blog\/wp-json\/wp\/v2\/types\/post"}],"author":[{"embeddable":true,"href":"https:\/\/www.legipermis.com\/blog\/wp-json\/wp\/v2\/users\/2"}],"replies":[{"embeddable":true,"href":"https:\/\/www.legipermis.com\/blog\/wp-json\/wp\/v2\/comments?post=7109"}],"version-history":[{"count":0,"href":"https:\/\/www.legipermis.com\/blog\/wp-json\/wp\/v2\/posts\/7109\/revisions"}],"wp:featuredmedia":[{"embeddable":true,"href":"https:\/\/www.legipermis.com\/blog\/wp-json\/wp\/v2\/media\/7111"}],"wp:attachment":[{"href":"https:\/\/www.legipermis.com\/blog\/wp-json\/wp\/v2\/media?parent=7109"}],"wp:term":[{"taxonomy":"category","embeddable":true,"href":"https:\/\/www.legipermis.com\/blog\/wp-json\/wp\/v2\/categories?post=7109"},{"taxonomy":"post_tag","embeddable":true,"href":"https:\/\/www.legipermis.com\/blog\/wp-json\/wp\/v2\/tags?post=7109"}],"curies":[{"name":"wp","href":"https:\/\/api.w.org\/{rel}","templated":true}]}}