{"id":7056,"date":"2019-04-23T13:06:50","date_gmt":"2019-04-23T11:06:50","guid":{"rendered":"https:\/\/www.legipermis.com\/blog\/?p=7056"},"modified":"2019-04-24T17:28:13","modified_gmt":"2019-04-24T15:28:13","slug":"lyon-limitation-a-70-km-h-sur-le-peripherique-du-nord-au-sud","status":"publish","type":"post","link":"https:\/\/www.legipermis.com\/blog\/2019\/04\/23\/lyon-limitation-a-70-km-h-sur-le-peripherique-du-nord-au-sud\/","title":{"rendered":"Lyon : Limitation \u00e0 70 km\/h sur le p\u00e9riph\u00e9rique du nord au sud"},"content":{"rendered":"<div style=\"text-align:right;\"><em style=\"font-size:12.9px;font-weight:bold;\" class=\"last-modified\">Mis \u00e0 jour le 24\/04\/2019.<\/em><\/div><p>A partir du lundi 29 avril 2019, une <strong>nouvelle limitation de vitesse \u00e0 70 km\/h<\/strong> s&#8217;appliquera sur le boulevard <strong>p\u00e9riph\u00e9rique<\/strong> \u00e0 <a href=\"\/lyon.html\">Lyon<\/a>. Le pr\u00e9sident de la M\u00e9tropole David Kimelfeld a r\u00e9cemment confirm\u00e9 cette limite \u00e0 la suite du dernier conseil communautaire. <!--more-->L&#8217;objectif est de lutter contre la pollution notamment sur le secteur est Bron et Villeurbanne.<\/p>\n<h2>70km\/h max au 29\/04\/2019<\/h2>\n<p>D\u00e9s le <strong>lundi 29\/04\/2019 \u00e0 6h du matin<\/strong>, le p\u00e9riph\u00e9rique nord lyonnais (TEO Porte de Valvert) au sud-sud avec le boulevard Laurent Bonnevay ainsi que la partie autoroute A6 et A7 : c&#8217;est-\u00e0-dire les 25 km entre la porte de Valvert et la jonction avec l\u2019A7 \u00e0 Saint-Fons seront limit\u00e9s \u00e0 70 km\/h.<\/p>\n<h3>Zones de la limitation \u00e0 70 km\/h \u00e0 Lyon<\/h3>\n<ul>\n<li>P\u00e9riph\u00e9rique Nord, y compris secteur TEO payant;<\/li>\n<li>Boulevard p\u00e9riph\u00e9rique Laurent Bonnevay;<\/li>\n<li>Partie autoroute A6 et A7 de la porte de Valvert \u00e0 Saint-Fons;<\/li>\n<\/ul>\n<p><noscript><img decoding=\"async\" class=\" wp-image-7058 aligncenter\" src=\"\/blog\/wp-content\/uploads\/2019\/04\/plan-carte-limitation-70-peripherique-Lyon.jpg\" alt=\"plan carte limitation de vitesse \u00e0 70 sur le p\u00e9riph\u00e9rique \u00e0 Lyon\" width=\"502\" height=\"513\" srcset=\"https:\/\/www.legipermis.com\/blog\/wp-content\/uploads\/2019\/04\/plan-carte-limitation-70-peripherique-Lyon.jpg 700w, https:\/\/www.legipermis.com\/blog\/wp-content\/uploads\/2019\/04\/plan-carte-limitation-70-peripherique-Lyon-147x150.jpg 147w, https:\/\/www.legipermis.com\/blog\/wp-content\/uploads\/2019\/04\/plan-carte-limitation-70-peripherique-Lyon-294x300.jpg 294w\" sizes=\"(max-width: 502px) 100vw, 502px\"><\/noscript><img decoding=\"async\" class=\" wp-image-7058 aligncenter lazyload\" src=\"data:image\/svg+xml,%3Csvg%20xmlns%3D%22http%3A%2F%2Fwww.w3.org%2F2000%2Fsvg%22%20viewBox%3D%220%200%20502%20513%22%3E%3C%2Fsvg%3E\" alt=\"plan carte limitation de vitesse \u00e0 70 sur le p\u00e9riph\u00e9rique \u00e0 Lyon\" width=\"502\" height=\"513\" srcset=\"data:image\/svg+xml,%3Csvg%20xmlns%3D%22http%3A%2F%2Fwww.w3.org%2F2000%2Fsvg%22%20viewBox%3D%220%200%20502%20513%22%3E%3C%2Fsvg%3E 502w\" sizes=\"(max-width: 502px) 100vw, 502px\" data-srcset=\"https:\/\/www.legipermis.com\/blog\/wp-content\/uploads\/2019\/04\/plan-carte-limitation-70-peripherique-Lyon.jpg 700w, https:\/\/www.legipermis.com\/blog\/wp-content\/uploads\/2019\/04\/plan-carte-limitation-70-peripherique-Lyon-147x150.jpg 147w, https:\/\/www.legipermis.com\/blog\/wp-content\/uploads\/2019\/04\/plan-carte-limitation-70-peripherique-Lyon-294x300.jpg 294w\" data-src=\"\/blog\/wp-content\/uploads\/2019\/04\/plan-carte-limitation-70-peripherique-Lyon.jpg\"><\/p>\n<p style=\"text-align: center;\">(emplacement \u00e0 titre indicatif &#8211; Cr\u00e9dits Google Map)<\/p>\n<p>Des panneaux de signalisation informent d\u00e9j\u00e0 du futur changement \u00e0 venir pour le 29 avril. Les radars automatiques en place au niveau du boulevard Laurent Bonnevay seront ajust\u00e9s pour verbaliser les exc\u00e8s de vitesse \u00e0 partir de 70 km\/h.<\/p>\n<p><noscript><img decoding=\"async\" class=\" wp-image-7061 aligncenter\" src=\"\/blog\/wp-content\/uploads\/2019\/04\/panneau-limitation-de-vitesse-a-70-boulevard-peripherique-laurent-bonnevay-Lyon.jpg\" alt=\"Panneau de limitation de vitesse \u00e0 70km\/h sur le boulevard p\u00e9riph\u00e9rique Laurent Bonnevay \u00e0 Lyon\" width=\"713\" height=\"418\" srcset=\"https:\/\/www.legipermis.com\/blog\/wp-content\/uploads\/2019\/04\/panneau-limitation-de-vitesse-a-70-boulevard-peripherique-laurent-bonnevay-Lyon.jpg 800w, https:\/\/www.legipermis.com\/blog\/wp-content\/uploads\/2019\/04\/panneau-limitation-de-vitesse-a-70-boulevard-peripherique-laurent-bonnevay-Lyon-150x88.jpg 150w, https:\/\/www.legipermis.com\/blog\/wp-content\/uploads\/2019\/04\/panneau-limitation-de-vitesse-a-70-boulevard-peripherique-laurent-bonnevay-Lyon-300x176.jpg 300w, https:\/\/www.legipermis.com\/blog\/wp-content\/uploads\/2019\/04\/panneau-limitation-de-vitesse-a-70-boulevard-peripherique-laurent-bonnevay-Lyon-768x450.jpg 768w\" sizes=\"(max-width: 713px) 100vw, 713px\"><\/noscript><img decoding=\"async\" class=\" wp-image-7061 aligncenter lazyload\" src=\"data:image\/svg+xml,%3Csvg%20xmlns%3D%22http%3A%2F%2Fwww.w3.org%2F2000%2Fsvg%22%20viewBox%3D%220%200%20713%20418%22%3E%3C%2Fsvg%3E\" alt=\"Panneau de limitation de vitesse \u00e0 70km\/h sur le boulevard p\u00e9riph\u00e9rique Laurent Bonnevay \u00e0 Lyon\" width=\"713\" height=\"418\" srcset=\"data:image\/svg+xml,%3Csvg%20xmlns%3D%22http%3A%2F%2Fwww.w3.org%2F2000%2Fsvg%22%20viewBox%3D%220%200%20713%20418%22%3E%3C%2Fsvg%3E 713w\" sizes=\"(max-width: 713px) 100vw, 713px\" data-srcset=\"https:\/\/www.legipermis.com\/blog\/wp-content\/uploads\/2019\/04\/panneau-limitation-de-vitesse-a-70-boulevard-peripherique-laurent-bonnevay-Lyon.jpg 800w, https:\/\/www.legipermis.com\/blog\/wp-content\/uploads\/2019\/04\/panneau-limitation-de-vitesse-a-70-boulevard-peripherique-laurent-bonnevay-Lyon-150x88.jpg 150w, https:\/\/www.legipermis.com\/blog\/wp-content\/uploads\/2019\/04\/panneau-limitation-de-vitesse-a-70-boulevard-peripherique-laurent-bonnevay-Lyon-300x176.jpg 300w, https:\/\/www.legipermis.com\/blog\/wp-content\/uploads\/2019\/04\/panneau-limitation-de-vitesse-a-70-boulevard-peripherique-laurent-bonnevay-Lyon-768x450.jpg 768w\" data-src=\"\/blog\/wp-content\/uploads\/2019\/04\/panneau-limitation-de-vitesse-a-70-boulevard-peripherique-laurent-bonnevay-Lyon.jpg\"><\/p>\n<h2>Les raisons de cette nouvelle limitation<\/h2>\n<p>La raison principale est la pollution de l&#8217;air et du bruit. Cette baisse de la vitesse autoris\u00e9e devrait avoir un effet positif sur les \u00e9missions de dioxyde d\u2019azote (NO2). On compte d&#8217;ailleurs pr\u00e8s de 30 000 logements situ\u00e9s le long du boulevard p\u00e9riph\u00e9rique.<\/p>\n<p>L&#8217;autre argument avanc\u00e9 est la fluidification du trafic avec moins de bouchons et une am\u00e9lioration sensible de la s\u00e9curit\u00e9 routi\u00e8re.<\/p>\n<p>Cette mesure d\u00e9j\u00e0 discut\u00e9e l&#8217;<a href=\"\/blog\/2018\/09\/26\/lyon-le-peripherique-limite-a-70km-h-en-2019\/\">ann\u00e9e derni\u00e8re<\/a> avait \u00e9t\u00e9 retard\u00e9e par le fait du grand d\u00e9bat national voulu par le pr\u00e9sident de la R\u00e9publique Emmanuel Macron. On pense notamment \u00e0 la pol\u00e9mique entourant la nouvelle limitation de vitesse \u00e0 80 km\/h sur les routes.<\/p>\n","protected":false},"excerpt":{"rendered":"<p>A partir du lundi 29 avril 2019, une <strong>nouvelle limitation de vitesse \u00e0 70 km\/h<\/strong> s&#8217;appliquera sur le boulevard <strong>p\u00e9riph\u00e9rique<\/strong> \u00e0 Lyon. Le pr\u00e9sident de la M\u00e9tropole David Kimelfeld a r\u00e9cemment confirm\u00e9 cette limite \u00e0 la suite du dernier conseil communautaire. \u00a0[&#8230;]<\/p>\n","protected":false},"author":2,"featured_media":7059,"comment_status":"open","ping_status":"closed","sticky":false,"template":"","format":"standard","meta":{"footnotes":""},"categories":[3],"tags":[226,55,378,188],"class_list":["post-7056","post","type-post","status-publish","format-standard","has-post-thumbnail","hentry","category-securite-routiere","tag-departement-69","tag-limitation-de-vitesse","tag-lyon","tag-peripherique","post-1","odd"],"aioseo_notices":[],"_links":{"self":[{"href":"https:\/\/www.legipermis.com\/blog\/wp-json\/wp\/v2\/posts\/7056","targetHints":{"allow":["GET"]}}],"collection":[{"href":"https:\/\/www.legipermis.com\/blog\/wp-json\/wp\/v2\/posts"}],"about":[{"href":"https:\/\/www.legipermis.com\/blog\/wp-json\/wp\/v2\/types\/post"}],"author":[{"embeddable":true,"href":"https:\/\/www.legipermis.com\/blog\/wp-json\/wp\/v2\/users\/2"}],"replies":[{"embeddable":true,"href":"https:\/\/www.legipermis.com\/blog\/wp-json\/wp\/v2\/comments?post=7056"}],"version-history":[{"count":0,"href":"https:\/\/www.legipermis.com\/blog\/wp-json\/wp\/v2\/posts\/7056\/revisions"}],"wp:featuredmedia":[{"embeddable":true,"href":"https:\/\/www.legipermis.com\/blog\/wp-json\/wp\/v2\/media\/7059"}],"wp:attachment":[{"href":"https:\/\/www.legipermis.com\/blog\/wp-json\/wp\/v2\/media?parent=7056"}],"wp:term":[{"taxonomy":"category","embeddable":true,"href":"https:\/\/www.legipermis.com\/blog\/wp-json\/wp\/v2\/categories?post=7056"},{"taxonomy":"post_tag","embeddable":true,"href":"https:\/\/www.legipermis.com\/blog\/wp-json\/wp\/v2\/tags?post=7056"}],"curies":[{"name":"wp","href":"https:\/\/api.w.org\/{rel}","templated":true}]}}