{"id":6981,"date":"2019-03-05T11:16:02","date_gmt":"2019-03-05T10:16:02","guid":{"rendered":"https:\/\/www.legipermis.com\/blog\/?p=6981"},"modified":"2021-08-30T15:44:44","modified_gmt":"2021-08-30T13:44:44","slug":"permis-am-liste-des-equipements-obligatoires-au-1er-mars-2019","status":"publish","type":"post","link":"https:\/\/www.legipermis.com\/blog\/2019\/03\/05\/permis-am-liste-des-equipements-obligatoires-au-1er-mars-2019\/","title":{"rendered":"Permis AM : liste des \u00e9quipements obligatoires au 1er mars 2019"},"content":{"rendered":"<div style=\"text-align:right;\"><em style=\"font-size:12.9px;font-weight:bold;\" class=\"last-modified\">Mis \u00e0 jour le 30\/08\/2021.<\/em><\/div><p>Depuis le <strong>1er mars 2019<\/strong>, le <strong>permis AM<\/strong> anciennement appel\u00e9 BSR (Brevet de S\u00e9curit\u00e9 Routi\u00e8re renomm\u00e9 depuis le 19 janvier 2013) \u00e9volue un petit peu. D&#8217;une part la formation est plus longue d&#8217;une heure et d&#8217;autre part des <strong>\u00e9quipements obligatoires \u00e0 avoir<\/strong>\u00a0font leur apparition.<!--more--> Rappelons que le permis AM est obligatoire pour conduire un cyclomoteur l\u00e9ger de 50 cc comme un scooter ainsi qu&#8217;une voiture sans permis (vsp) si vous \u00eates n\u00e9 en 1988 ou apr\u00e8s.<\/p>\n<h2>1h de plus pour la sensibilisation aux risques sur la route<\/h2>\n<p>C&#8217;est le premier gros changement du permis AM. La <strong>dur\u00e9e de la formation<\/strong> obligatoire passe \u00e0 <strong>8h<\/strong> contre 7h auparavant. Elle sera r\u00e9partie sur 2 demi-journ\u00e9e sur 2 jours avec 4h par jour au maximum. Il n&#8217;est pas possible de passer le BSR sur 1 jour.<\/p>\n<p>Cette heure suppl\u00e9mentaire sera consacr\u00e9e \u00e0 la sensibilisation des risques routiers avec la <strong>pr\u00e9sence obligatoire d&#8217;un parent<\/strong> ou d&#8217;un repr\u00e9sentant l\u00e9gal pour les enfants mineurs.<\/p>\n<h3>Programme de la formation permis AM<\/h3>\n<p>Les 2 demi-journ\u00e9es sont organis\u00e9es en 5 s\u00e9quences :<\/p>\n<ol>\n<li>S\u00e9quence 1 : \u00e9changes sur les repr\u00e9sentations individuelles autour de la conduite;<\/li>\n<li>S\u00e9quence 2 : formation \u00e0 la conduite hors circulation (1 heure minimum);<\/li>\n<li>S\u00e9quence 3 : formation th\u00e9orique sur le Code de la route ;<\/li>\n<li>S\u00e9quence 4 : formation \u00e0 la conduite sur les voies ouvertes \u00e0 la circulation publique (3 heures minimum);<\/li>\n<li><strong>S\u00e9quence 5\u00a0 : sensibilisation aux risques routiers<\/strong> en pr\u00e9sence d&#8217;un parent pour un mineur (1 heure &#8211; nouveau depuis le 01\/03\/2019). Cette nouvelle s\u00e9quence peut \u00eatre individuelle ou collective en fonction de la moto-\u00e9cole;<\/li>\n<\/ol>\n<p>En tout la formation pratique devra durer au minimum 6 heures dont 1 heure minimum pour la formation hors-circulation et 3 heures minimum pour la formation dans la circulation. Les moto-\u00e9coles auront donc un peu de libert\u00e9 pour ajuster ces diff\u00e9rents modules.<\/p>\n<p><span style=\"text-decoration: underline;\">A noter<\/span> : les \u00e9l\u00e8ves devront poss\u00e9der un <strong>livret de formation AM conforme \u00e0 la r\u00e9glementation<\/strong>.<\/p>\n<h2>Des \u00e9quipements obligatoires<\/h2>\n<p>C&#8217;est l&#8217;autre nouveaut\u00e9 principale de cette r\u00e9forme du 1er mars 2019. Voici la liste des <strong>\u00e9quipements obligatoires pour le permis AM<\/strong> :<\/p>\n<ul>\n<li><strong>Un casque homologu\u00e9;<\/strong><\/li>\n<li><strong>Des gants adapt\u00e9s \u00e0 la pratique de la moto <\/strong>(homologu\u00e9s avec\u00a0marquage NF, CE ou EPI, soit renforc\u00e9s et munis d&#8217;un dispositif de fermeture au poignet);<\/li>\n<li><strong>Un blouson ou une veste \u00e0 manches longues;<\/strong><\/li>\n<li><strong>Un pantalon ou une combinaison;<\/strong><\/li>\n<li><strong>Des bottes ou des chaussures montantes;<\/strong><\/li>\n<\/ul>\n<p>En cas d&#8217;\u00e9quipements non-conformes, la formation et le permis AM sera refus\u00e9 au candidat.<\/p>\n<p>Voir la liste des <a href=\"\/blog\/2015\/05\/25\/moto-les-equipements-obligatoires-et-recommandes\/\">\u00e9quipements obligatoires et recommand\u00e9s \u00e0 moto<\/a>.<\/p>\n<p>Source : <a href=\"https:\/\/www.legifrance.gouv.fr\/loda\/id\/JORFTEXT000037848395\/\" target=\"_blank\" rel=\"noopener noreferrer\">arr\u00eat\u00e9 du 18 d\u00e9cembre 2018<\/a> publi\u00e9 au JO le 23 d\u00e9cembre 2018.<\/p>\n","protected":false},"excerpt":{"rendered":"<p>Depuis le <strong>1er mars 2019<\/strong>, le <strong>permis AM<\/strong> anciennement appel\u00e9 BSR (Brevet de S\u00e9curit\u00e9 Routi\u00e8re renomm\u00e9 depuis le 19 janvier 2013) \u00e9volue un petit peu. D&#8217;une part la formation est plus longue d&#8217;une heure et d&#8217;autre part des <strong>\u00e9quipements obligatoires \u00e0 avoir<\/strong>\u00a0font leur apparition.\u00a0[&#8230;]<\/p>\n","protected":false},"author":3,"featured_media":6983,"comment_status":"open","ping_status":"closed","sticky":false,"template":"","format":"standard","meta":{"footnotes":""},"categories":[4],"tags":[132,517,128,116,145,69,516,112],"class_list":["post-6981","post","type-post","status-publish","format-standard","has-post-thumbnail","hentry","category-legislation","tag-2-roues-motorises","tag-bsr","tag-casque","tag-equipements","tag-jeunes","tag-moto","tag-permis-am","tag-permis-de-conduire","post-1","odd"],"aioseo_notices":[],"_links":{"self":[{"href":"https:\/\/www.legipermis.com\/blog\/wp-json\/wp\/v2\/posts\/6981","targetHints":{"allow":["GET"]}}],"collection":[{"href":"https:\/\/www.legipermis.com\/blog\/wp-json\/wp\/v2\/posts"}],"about":[{"href":"https:\/\/www.legipermis.com\/blog\/wp-json\/wp\/v2\/types\/post"}],"author":[{"embeddable":true,"href":"https:\/\/www.legipermis.com\/blog\/wp-json\/wp\/v2\/users\/3"}],"replies":[{"embeddable":true,"href":"https:\/\/www.legipermis.com\/blog\/wp-json\/wp\/v2\/comments?post=6981"}],"version-history":[{"count":0,"href":"https:\/\/www.legipermis.com\/blog\/wp-json\/wp\/v2\/posts\/6981\/revisions"}],"wp:featuredmedia":[{"embeddable":true,"href":"https:\/\/www.legipermis.com\/blog\/wp-json\/wp\/v2\/media\/6983"}],"wp:attachment":[{"href":"https:\/\/www.legipermis.com\/blog\/wp-json\/wp\/v2\/media?parent=6981"}],"wp:term":[{"taxonomy":"category","embeddable":true,"href":"https:\/\/www.legipermis.com\/blog\/wp-json\/wp\/v2\/categories?post=6981"},{"taxonomy":"post_tag","embeddable":true,"href":"https:\/\/www.legipermis.com\/blog\/wp-json\/wp\/v2\/tags?post=6981"}],"curies":[{"name":"wp","href":"https:\/\/api.w.org\/{rel}","templated":true}]}}