{"id":6767,"date":"2018-08-24T10:52:37","date_gmt":"2018-08-24T08:52:37","guid":{"rendered":"https:\/\/www.legipermis.com\/blog\/?p=6767"},"modified":"2021-08-25T15:36:32","modified_gmt":"2021-08-25T13:36:32","slug":"accelerer-le-permis-probatoire-nouvelle-formation-en-2019","status":"publish","type":"post","link":"https:\/\/www.legipermis.com\/blog\/2018\/08\/24\/accelerer-le-permis-probatoire-nouvelle-formation-en-2019\/","title":{"rendered":"Acc\u00e9l\u00e9rer le permis probatoire : nouvelle formation en 2019"},"content":{"rendered":"<div style=\"text-align:right;\"><em style=\"font-size:12.9px;font-weight:bold;\" class=\"last-modified\">Mis \u00e0 jour le 25\/08\/2021.<\/em><\/div><p>\u00c0 partir de <strong>2019<\/strong>, il sera possible pour les jeunes conducteurs de raccourcir la dur\u00e9e du <a href=\"\/permis-probatoire\/\">permis probatoire<\/a> en suivant une <strong>formation post-permis<\/strong> pour <strong>r\u00e9cup\u00e9rer les 12 points<\/strong> plus rapidement. C&#8217;est le <a href=\"https:\/\/www.legifrance.gouv.fr\/loda\/id\/JORFTEXT000037301217\/\" target=\"_blank\" rel=\"noopener\">d\u00e9cret\u00a0n\u00b02018-715<\/a> paru le 8 ao\u00fbt 2018\u00a0en application de l&#8217;article L. 223-1 du Code de la route qui d\u00e9crit les modalit\u00e9s de cette nouvelle formation.<!--more--><\/p>\n<h2>R\u00e9duire la dur\u00e9e de la p\u00e9riode probatoire<\/h2>\n<h3>Rappel sur le permis probatoire<\/h3>\n<p>Un permis probatoire est un permis jeune conducteur d&#8217;une dur\u00e9e de 3 ans (2 ans apr\u00e8s la conduite accompagn\u00e9e), une p\u00e9riode durant laquelle le conducteur d\u00e9bute avec 6 points et o\u00f9 ses limitations de vitesse sont parfois diff\u00e9rentes sur route et autoroute. Voir <a href=\"\/permis-probatoire\/limitation-vitesse-jeune-conducteur.html\">jeune conducteur et limitation de vitesse<\/a>.<\/p>\n<p>Chaque ann\u00e9e le jeune conducteur r\u00e9cup\u00e8re 2 points (3 points apr\u00e8s la conduite accompagn\u00e9e) sur son permis de conduire tant qu&#8217;il ne commet pas d&#8217;infraction routi\u00e8re, autrement ce processus de reconstitution automatique est interrompu.<\/p>\n<h3>Quelle dur\u00e9e probatoire avec cette formation ?<\/h3>\n<p>En participant \u00e0 cette formation post-permis sur la base du volontariat, il est possible de r\u00e9cup\u00e9rer plus rapidement ses points de permis et d&#8217;avoir un permis probatoire plus court. Voici un tableau qui pr\u00e9sente la <strong>dur\u00e9e du permis probatoire<\/strong> sans et avec la nouvelle formation :<\/p>\n<table style=\"border-collapse: collapse; width: 100%;\" border=\"1\">\n<tbody>\n<tr>\n<td style=\"width: 33.3333%; text-align: center;\"><\/td>\n<td style=\"width: 33.3333%; text-align: center;\"><strong>Sans la formation<\/strong><\/td>\n<td style=\"width: 33.3333%; text-align: center;\"><strong>Avec la formation post-permis<\/strong><\/td>\n<\/tr>\n<tr>\n<td style=\"width: 33.3333%; text-align: center;\"><strong>Permis probatoire classique<\/strong><\/td>\n<td style=\"width: 33.3333%; text-align: center;\"><strong>3 ans<\/strong><\/td>\n<td style=\"width: 33.3333%; text-align: center;\"><strong>2 ans<\/strong><\/td>\n<\/tr>\n<tr>\n<td style=\"width: 33.3333%; text-align: center;\"><strong>Permis probatoire apr\u00e8s conduite accompagn\u00e9e<\/strong><\/td>\n<td style=\"width: 33.3333%; text-align: center;\"><strong>2 ans<\/strong><\/td>\n<td style=\"width: 33.3333%; text-align: center;\"><strong>1 an et demi<\/strong><\/td>\n<\/tr>\n<\/tbody>\n<\/table>\n<h3>\u00c0 partir de quand ?<\/h3>\n<p>Les premi\u00e8res formations d\u00e9buteront <strong>\u00e0 partir du 1er juin 2019<\/strong> pour les nouveaux permis sur la base du volontariat.<\/p>\n<h2>Quelles sont les conditions pour r\u00e9duire la dur\u00e9e du permis\u00a0 probatoire ?<\/h2>\n<p>Cette formation post-permis ne sera pas accessible \u00e0 tous. Voici <strong>les conditions<\/strong> pour pouvoir raccourcir le d\u00e9lai du permis probatoire :<\/p>\n<ul>\n<li>Pour les candidats au permis se pr\u00e9sentant pour la premi\u00e8re fois \u00e0 l&#8217;examen \u00e0 partir du 1er janvier 2019;<\/li>\n<li>La formation pourra \u00eatre uniquement pass\u00e9e <strong>entre les 6\u00e8me et 12\u00e8me mois suivant l&#8217;obtention<\/strong> du permis de conduire. La formation ne pourra \u00eatre suivie ni avant, ni apr\u00e8s;<\/li>\n<li>Pour les titulaires d&#8217;<strong>un premier\u00a0permis B, B1 A1, A2<\/strong>;<\/li>\n<li>La dur\u00e9e de la p\u00e9riode probatoire ne pourra \u00eatre r\u00e9duite que si <strong>aucune infraction<\/strong> entra\u00eenant un retrait de point n&#8217;est commise;<\/li>\n<\/ul>\n<h2>Contenu et prix de cette formation<\/h2>\n<p>Cette formation aura une <strong>dur\u00e9e de 7 heures sur 1 jour <\/strong>complet, elle sera collective et sera dispens\u00e9e par un enseignant de la conduite et de la s\u00e9curit\u00e9 routi\u00e8re. Le contenu de la formation est fix\u00e9e par le d\u00e9cret :<\/p>\n<blockquote><p>\u00ab 1\u00b0 Un module g\u00e9n\u00e9ral qui pr\u00e9cise les enjeux de cette formation compl\u00e9mentaire ;<br \/>\n\u00ab 2\u00b0 Un ou plusieurs modules sp\u00e9cialis\u00e9s afin de permettre aux conducteurs ayant une faible exp\u00e9rience de conduite de davantage percevoir les risques et mieux conna\u00eetre les dangers sp\u00e9cifiques auxquels ils sont expos\u00e9s.<\/p><\/blockquote>\n<p>La formation sera organis\u00e9e dans :<\/p>\n<blockquote><p>\u00a01\u00b0 Les \u00e9tablissements d&#8217;enseignement, \u00e0 titre on\u00e9reux, de la conduite et de la s\u00e9curit\u00e9 routi\u00e8re agr\u00e9\u00e9s en application de l&#8217;article L. 213-1 ;<br \/>\n\u00ab 2\u00b0 Les associations exer\u00e7ant leur activit\u00e9 dans le champ de l&#8217;insertion ou de la r\u00e9insertion sociale ou professionnelle agr\u00e9\u00e9es en application de l&#8217;article L. 213-7.<br \/>\n\u00ab Ces \u00e9tablissements et associations doivent disposer d&#8217;un label de qualit\u00e9 pr\u00e9vu par arr\u00eat\u00e9 du ministre charg\u00e9 de la s\u00e9curit\u00e9 routi\u00e8re au titre de l&#8217;article L. 213-9 ou d&#8217;une \u00e9quivalence reconnue par ce m\u00eame arr\u00eat\u00e9.<\/p><\/blockquote>\n<p>Cette formation n&#8217;est pas sans rappeler le <a href=\"\/stages-points\/stage-sensibilisation-securite-routiere.html\">stage de sensibilisation \u00e0 la s\u00e9curit\u00e9 routi\u00e8re<\/a>, dont la premi\u00e8re des diff\u00e9rences r\u00e9side dans la dur\u00e9e (2 jours) ainsi que le nombre d&#8217;animateurs (2 pour un stage de sensibilisation) ainsi que dans les raisons qui am\u00e8nent les conducteurs \u00e0 venir. Dans un cas, il s&#8217;agit de faire de la pr\u00e9vention avant toute infraction pour les jeunes permis, dans l&#8217;autre cas on se place apr\u00e8s l&#8217;infraction et on essaie de corriger des comportements tout en pr\u00e9servant le permis de conduire d&#8217;une invalidation avec le stage de r\u00e9cup\u00e9ration de points.<\/p>\n<h3>Prix de la formation post-permis<\/h3>\n<p>Pour l&#8217;instant aucun prix n&#8217;est r\u00e9ellement d\u00e9fini et les organismes auront une latitude pour d\u00e9finir leur tarif, mais on \u00e9voque un co\u00fbt <strong>aux alentours de 100\u20ac<\/strong>.<\/p>\n<p>Nous reviendrons vite sur les modalit\u00e9s de cette nouvelle formation.<\/p>\n","protected":false},"excerpt":{"rendered":"<p>\u00c0 partir de <strong>2019<\/strong>, il sera possible pour les jeunes conducteurs de raccourcir la dur\u00e9e du permis probatoire en suivant une <strong>formation post-permis<\/strong> pour <strong>r\u00e9cup\u00e9rer les 12 points<\/strong> plus rapidement. C&#8217;est le d\u00e9cret\u00a0n\u00b02018-715 paru le 8 ao\u00fbt 2018\u00a0en application de l&#8217;article L. 223-1 du Code de la route qui d\u00e9crit les modalit\u00e9s de cette nouvelle formation.\u00a0[&#8230;]<\/p>\n","protected":false},"author":3,"featured_media":6769,"comment_status":"open","ping_status":"closed","sticky":false,"template":"","format":"standard","meta":{"footnotes":""},"categories":[4],"tags":[76,82,432,480,43],"class_list":["post-6767","post","type-post","status-publish","format-standard","has-post-thumbnail","hentry","category-legislation","tag-auto-ecole","tag-formation","tag-jeune-conducteur","tag-permis-probatoire","tag-stage-de-recuperation-de-points","post-1","odd"],"aioseo_notices":[],"_links":{"self":[{"href":"https:\/\/www.legipermis.com\/blog\/wp-json\/wp\/v2\/posts\/6767","targetHints":{"allow":["GET"]}}],"collection":[{"href":"https:\/\/www.legipermis.com\/blog\/wp-json\/wp\/v2\/posts"}],"about":[{"href":"https:\/\/www.legipermis.com\/blog\/wp-json\/wp\/v2\/types\/post"}],"author":[{"embeddable":true,"href":"https:\/\/www.legipermis.com\/blog\/wp-json\/wp\/v2\/users\/3"}],"replies":[{"embeddable":true,"href":"https:\/\/www.legipermis.com\/blog\/wp-json\/wp\/v2\/comments?post=6767"}],"version-history":[{"count":0,"href":"https:\/\/www.legipermis.com\/blog\/wp-json\/wp\/v2\/posts\/6767\/revisions"}],"wp:featuredmedia":[{"embeddable":true,"href":"https:\/\/www.legipermis.com\/blog\/wp-json\/wp\/v2\/media\/6769"}],"wp:attachment":[{"href":"https:\/\/www.legipermis.com\/blog\/wp-json\/wp\/v2\/media?parent=6767"}],"wp:term":[{"taxonomy":"category","embeddable":true,"href":"https:\/\/www.legipermis.com\/blog\/wp-json\/wp\/v2\/categories?post=6767"},{"taxonomy":"post_tag","embeddable":true,"href":"https:\/\/www.legipermis.com\/blog\/wp-json\/wp\/v2\/tags?post=6767"}],"curies":[{"name":"wp","href":"https:\/\/api.w.org\/{rel}","templated":true}]}}