{"id":6643,"date":"2018-06-05T10:40:53","date_gmt":"2018-06-05T08:40:53","guid":{"rendered":"https:\/\/www.legipermis.com\/blog\/?p=6643"},"modified":"2021-08-30T08:29:01","modified_gmt":"2021-08-30T06:29:01","slug":"validite-du-permis-acces-pour-certains-employeurs-et-assureurs","status":"publish","type":"post","link":"https:\/\/www.legipermis.com\/blog\/2018\/06\/05\/validite-du-permis-acces-pour-certains-employeurs-et-assureurs\/","title":{"rendered":"Validit\u00e9 du permis : acc\u00e8s pour certains employeurs et assureurs"},"content":{"rendered":"<div style=\"text-align:right;\"><em style=\"font-size:12.9px;font-weight:bold;\" class=\"last-modified\">Mis \u00e0 jour le 30\/08\/2021.<\/em><\/div>\n<p>Depuis le 25 mai, certains employeurs de soci\u00e9t\u00e9s de transports et les assureurs pourront avoir acc\u00e8s au statut de la validit\u00e9 de votre permis de conduire. Ce d\u00e9cret paru le 24\u00a0mai 2018 n&#8217;est pas une surprise, ce dernier vient en \u00e9cho \u00e0 la mesure 21 du\u00a0<a href=\"\/blog\/2015\/10\/02\/les-22-mesures-du-cisr-du-02102015-pour-la-securite-routiere\/\">CISR du 2 octobre 2015<\/a>. Jusqu&#8217;\u00e0 pr\u00e9sent cette information \u00e9tait strictement personnelle et confidentielle. D\u00e9cryptage.MAJ 26\/04\/2021 : il est maintenant possible de fournir un <a href=\"https:\/\/www.legipermis.com\/legislation\/releve-information-restreint-rir.html\">relev\u00e9 d&#8217;information restreint<\/a> (RIR) \u00e0 son assureur ou \u00e0 son employeur.<\/p>\n\n\n\n<!--more-->\n\n\n\n<h2 class=\"wp-block-heading\">Pour les employ\u00e9s de soci\u00e9t\u00e9s de transport<\/h2>\n\n\n\n<p>Le\u00a0d\u00e9cret <a href=\"https:\/\/www.legifrance.gouv.fr\/jorf\/id\/JORFTEXT000036940115?r=NW91rqNLtP\" target=\"_blank\" rel=\"noreferrer noopener\">n\u00b02018-387 du 24\u00a0mai 2018<\/a>\u00a0vient pr\u00e9ciser la liste des personnes ayant acc\u00e8s aux informations du Syst\u00e8me National des Permis de Conduire (SNPC) encore appel\u00e9 <a href=\"\/legislation\/fichier-national-des-permis-de-conduire.html\">Fichier National des Permis de Conduire<\/a> (FNPC). A partir de maintenant, les employeurs d&#8217;<strong>entreprises de transport de biens ou de marchandises<\/strong> pourront avoir acc\u00e8s au statut du permis de conduire de leurs salari\u00e9s. C&#8217;est la fameuse ligne &#8220;<strong>\u00e9tat dossier<\/strong>&#8221; que l&#8217;on peut retrouver sur le <a href=\"\/legislation\/releve-information-integral.html\">relev\u00e9 d&#8217;information int\u00e9gral du permis<\/a>\u00a0et qui est modifi\u00e9 apr\u00e8s un retrait de permis qu&#8217;il s&#8217;agisse :<\/p>\n\n\n\n<ul class=\"wp-block-list\"><li>D&#8217;une <a href=\"\/retrait-permis\/invalidation-permis-de-conduire.html\">invalidation<\/a>&nbsp;\u00e0 cause d&#8217;un solde de points nul et la r\u00e9ception d&#8217;une lettre 48SI en recommand\u00e9.<\/li><li>D&#8217;une <a href=\"\/retrait-permis\/annulation-du-permis-de-conduire.html\">annulation par un juge<\/a>&nbsp;apr\u00e8s un grave d\u00e9lit routier par exemple,<\/li><li>D&#8217;une <a href=\"\/retrait-permis\/suspension-du-permis-de-conduire.html\">suspension de permis<\/a> apr\u00e8s certaines infractions routi\u00e8res comme l&#8217;alcool au volant.<\/li><\/ul>\n\n\n\n<p>A noter que si les patrons de ces soci\u00e9t\u00e9s de transport peuvent certes savoir si le permis est valide par un acc\u00e8s direct, mais ils n&#8217;ont<strong> pas acc\u00e8s au solde de points ni \u00e0 la liste des infractions<\/strong>&nbsp;<strong>commises<\/strong>.<\/p>\n\n\n\n<p>Cette mesure vise \u00e0 ce que les entreprises puissent garantir un niveau maximum de qualit\u00e9 pour leurs clients et leurs salari\u00e9s. Bien entendu et ce que certains peuvent craindre, c&#8217;est que cette mesure puisse entra\u00eener des licenciements dans le cadre d&#8217;un trouble objectif au bon fonctionnement de l&#8217;entreprise. Voir <a href=\"\/blog\/2015\/05\/07\/peut-on-etre-licencie-pour-un-retrait-de-permis\/\">peut-on \u00eatre licenci\u00e9 pour un retrait de permis ?<\/a><\/p>\n\n\n\n<p>L&#8217;<a href=\"https:\/\/www.legifrance.gouv.fr\/codes\/article_lc\/LEGIARTI000036942293\/\" target=\"_blank\" rel=\"noreferrer noopener\">article R225-5<\/a>\u00a0du Code de la route modifi\u00e9 par le d\u00e9cret pr\u00e9cise :<\/p>\n\n\n\n<blockquote class=\"wp-block-quote is-layout-flow wp-block-quote-is-layout-flow\"><p>&#8220;4\u00b0 Les personnels individuellement d\u00e9sign\u00e9s et habilit\u00e9s des entreprises exer\u00e7ant une activit\u00e9 de transport public routier de voyageurs ou de marchandises pour les personnes qu&#8217;elles emploient comme conducteur de v\u00e9hicule \u00e0 moteur ;&#8221;<\/p><\/blockquote>\n\n\n\n<h2 class=\"wp-block-heading\">Pour les assureurs<\/h2>\n\n\n\n<p>Les compagnies d&#8217;<a href=\"\/assurance-auto\/\">assurance automobile<\/a>&nbsp;auront aussi acc\u00e8s au statut du permis <strong>par l&#8217;interm\u00e9diaire du pr\u00e9fet<\/strong> \u00e0 la validit\u00e9 du permis de conduire.<\/p>\n\n\n\n<blockquote class=\"wp-block-quote is-layout-flow wp-block-quote-is-layout-flow\"><p>b) Les entreprises d&#8217;assurances pour les personnes dont elles garantissent ou sont appel\u00e9es \u00e0 garantir la responsabilit\u00e9 encourue du fait des dommages caus\u00e9s par des v\u00e9hicules \u00e0 moteur ;<\/p><\/blockquote>\n\n\n\n<p>L&#8217;assureur devra fournir le num\u00e9ro et la date du contrat d&#8217;assurance ainsi que le num\u00e9ro d&#8217;inscription de la d\u00e9claration de sinistre. En cas de permis non-valide, le conducteur assur\u00e9 ne pourra plus pr\u00e9tendre \u00e0 l&#8217;indemnisation en cas d&#8217;accident responsable par exemple. Cette v\u00e9rification ne pourra donc se faire qu&#8217;<strong>apr\u00e8s un sinistre et non avant<\/strong>.<\/p>\n\n\n\n<h2 class=\"wp-block-heading\">Pour la police municipale<\/h2>\n\n\n\n<p>Enfin les policiers municipaux et les gardes champ\u00eatres auront maintenant acc\u00e8s aux fichiers des immatriculations (SIV) ainsi qu&#8217;\u00e0 celui des permis de conduire (FNPC), une demande ancienne qui est maintenant satisfaite.<\/p>\n","protected":false},"excerpt":{"rendered":"<p>\nDepuis le 25 mai, certains employeurs de soci\u00e9t\u00e9s de transports et les assureurs pourront avoir acc\u00e8s au statut de la validit\u00e9 de votre permis de conduire. Ce d\u00e9cret paru le 24\u00a0mai 2018 n&#8217;est pas une surprise, ce dernier vient en \u00e9cho \u00e0 la mesure 21 du\u00a0CISR du 2 octobre 2015. Jusqu&#8217;\u00e0 pr\u00e9sent cette information \u00e9tait strictement personnelle et confidentielle. D\u00e9cryptage.MAJ 26\/04\/2021 : il est maintenant possible de fournir un relev\u00e9 d&#8217;information restreint (RIR) \u00e0 son assureur ou \u00e0 son employeur.<\/p>\n<p>\u00a0[&#8230;]<\/p>\n","protected":false},"author":3,"featured_media":6646,"comment_status":"open","ping_status":"closed","sticky":false,"template":"","format":"standard","meta":{"footnotes":""},"categories":[4],"tags":[467,414,317,509,221,314,310,510,511],"class_list":["post-6643","post","type-post","status-publish","format-standard","has-post-thumbnail","hentry","category-legislation","tag-assurance-auto","tag-cisr","tag-entreprise","tag-fnpc","tag-police-municipale","tag-retrait-de-permis","tag-salarie","tag-snpc","tag-transport","post-1","odd"],"aioseo_notices":[],"_links":{"self":[{"href":"https:\/\/www.legipermis.com\/blog\/wp-json\/wp\/v2\/posts\/6643","targetHints":{"allow":["GET"]}}],"collection":[{"href":"https:\/\/www.legipermis.com\/blog\/wp-json\/wp\/v2\/posts"}],"about":[{"href":"https:\/\/www.legipermis.com\/blog\/wp-json\/wp\/v2\/types\/post"}],"author":[{"embeddable":true,"href":"https:\/\/www.legipermis.com\/blog\/wp-json\/wp\/v2\/users\/3"}],"replies":[{"embeddable":true,"href":"https:\/\/www.legipermis.com\/blog\/wp-json\/wp\/v2\/comments?post=6643"}],"version-history":[{"count":0,"href":"https:\/\/www.legipermis.com\/blog\/wp-json\/wp\/v2\/posts\/6643\/revisions"}],"wp:featuredmedia":[{"embeddable":true,"href":"https:\/\/www.legipermis.com\/blog\/wp-json\/wp\/v2\/media\/6646"}],"wp:attachment":[{"href":"https:\/\/www.legipermis.com\/blog\/wp-json\/wp\/v2\/media?parent=6643"}],"wp:term":[{"taxonomy":"category","embeddable":true,"href":"https:\/\/www.legipermis.com\/blog\/wp-json\/wp\/v2\/categories?post=6643"},{"taxonomy":"post_tag","embeddable":true,"href":"https:\/\/www.legipermis.com\/blog\/wp-json\/wp\/v2\/tags?post=6643"}],"curies":[{"name":"wp","href":"https:\/\/api.w.org\/{rel}","templated":true}]}}