{"id":6426,"date":"2018-01-22T11:16:36","date_gmt":"2018-01-22T10:16:36","guid":{"rendered":"https:\/\/www.legipermis.com\/blog\/?p=6426"},"modified":"2022-12-05T17:05:16","modified_gmt":"2022-12-05T16:05:16","slug":"un-stage-de-recuperation-de-points-de-3-jours","status":"publish","type":"post","link":"https:\/\/www.legipermis.com\/blog\/2018\/01\/22\/un-stage-de-recuperation-de-points-de-3-jours\/","title":{"rendered":"Un stage r\u00e9cup\u00e9ration de points de 3 jours ?"},"content":{"rendered":"<div style=\"text-align:right;\"><em style=\"font-size:12.9px;font-weight:bold;\" class=\"last-modified\">Mis \u00e0 jour le 05\/12\/2022.<\/em><\/div><p>La mesure est plut\u00f4t pass\u00e9e inaper\u00e7ue dans les m\u00e9dias, notamment avec la pol\u00e9mique sur la r\u00e9duction de la vitesse \u00e0 80km\/h sur route. Le <a href=\"\/blog\/2018\/01\/10\/cisr-du-09-01-2018-80-km-h-telephone-alcool\/\">CISR de janvier 2018<\/a>\u00a0envisage de rallonger le <strong>stage de r\u00e9cup\u00e9ration de points<\/strong> a une dur\u00e9e de <strong>3 jours<\/strong> d&#8217;ici \u00e0 l&#8217;ann\u00e9e <strong>2019<\/strong> pour certains conducteurs &#8220;r\u00e9cidivistes&#8221;.<!--more--><\/p>\n<h2>Un stage de 3 jours<\/h2>\n<p>On a compt\u00e9 environ 300 000 stagiaires en France en 2016. Pour 28% de ces participants ce n&#8217;\u00e9tait pas le premier stage. Le gouvernement d&#8217;Edouard Philippe par l&#8217;interm\u00e9diaire du comit\u00e9 inter-minist\u00e9riel de la s\u00e9curit\u00e9 routi\u00e8re (CISR) veut cibler les conducteurs r\u00e9cidivistes en ajoutant une troisi\u00e8me journ\u00e9e d\u00e9di\u00e9e\u00a0\u00e0 &#8220;l\u2019examen des questions comportementales et psychologiques centr\u00e9es sur la r\u00e9cidive&#8221;.<\/p>\n<p>Seraient concern\u00e9s les conducteurs ayant fait <strong>au moins 2 stages durant les 5 derni\u00e8res ann\u00e9es<\/strong>. Pour dire les choses autrement, <strong>tout 3eme stage de points dans un d\u00e9lai de 5 ans sera un stage de 3 jours<\/strong>. Sous conditions que la mesure soit appliqu\u00e9e en <strong>2019<\/strong> ou plus tard.<\/p>\n<p>Pour Emmanuel Barbe, d\u00e9l\u00e9gu\u00e9 inter-minist\u00e9riel \u00e0 la s\u00e9curit\u00e9 routi\u00e8re, le stage de sensibilisation reste efficace :\u00a0&#8220;90% des personnes qui les ont suivis n\u2019y reviennent pas, ce qui montre qu\u2019elles changent leur conduite&#8221;. La mesure vise principalement les irr\u00e9ductibles qui font leur stage quasiment chaque ann\u00e9e afin de &#8220;racheter des points&#8221; mais qui pensent que le danger sur la route, &#8220;c&#8217;est les autres&#8221;.<\/p>\n<p>Alors que beaucoup de stages ont lieu le vendredi et le samedi, il faudra probablement trouver une solution pour ce troisi\u00e8me jour (aucun stage agr\u00e9\u00e9 le dimanche). Sera-t-il cons\u00e9cutif aux deux premiers jours ? Quelle sera la limite inf\u00e9rieure du nombre de participants ? Restera-t-elle \u00e0 6 ? Une autre r\u00e9ponse \u00e0 apporter concernera le prix de ce stage de trois jours alors qu&#8217;il faut d\u00e9j\u00e0 compter globalement entre 110\u20ac et 220\u20ac, en fonction des villes et des organisateurs, pour un stage de deux jours.\u00a0Cette r\u00e9forme est encore au <strong>stade de projet<\/strong> suite \u00e0 une pr\u00e9conisation du CISR et nous aurons bient\u00f4t plus de d\u00e9tails sur faisabilit\u00e9 de la r\u00e9forme et les d\u00e9tails de la mise en place (date, programme, tarif, type de stage etc.).<\/p>\n<h2>Le stage de r\u00e9cup\u00e9ration de points : rappels<\/h2>\n<p>Rappelons que cette formation est un stage de sensibilisation \u00e0 la s\u00e9curit\u00e9 routi\u00e8re organis\u00e9 par un centre agr\u00e9\u00e9 par la pr\u00e9fecture afin de r\u00e9cup\u00e9rer des points de permis. Le <a href=\"\/stage-recuperation-points\/\">stage r\u00e9cup\u00e9ration de points<\/a>\u00a0volontaire est :<\/p>\n<ul>\n<li>limit\u00e9 \u00e0 une fois par an de date \u00e0 date (pas par ann\u00e9e civile), il faut un an et un jour entre deux participations,<\/li>\n<li>d&#8217;une dur\u00e9e de <strong>deux jours<\/strong> cons\u00e9cutifs, encore en 2018, souvent le vendredi-samedi ou le lundi-mardi pour 14 heures en tout,<\/li>\n<li>une formation agr\u00e9\u00e9e permettant de r\u00e9cup\u00e9rer 4 points maximum (sans d\u00e9passer 12 points),<\/li>\n<li>anim\u00e9 par deux animateurs, un formateur d\u2019enseignant de la conduite automobile et de la s\u00e9curit\u00e9 routi\u00e8re (B.A.F.M) et un psychologue,<\/li>\n<li>compos\u00e9 de 6 \u00e0 20 participants stagiaires,<\/li>\n<li>un stage qui peut \u00eatre accompli partout en France (voir la liste des dates proches et des prix sur <a href=\"\/inscription-stage-recuperation-points\/\">legipermis.com<\/a>),<\/li>\n<\/ul>\n<p>Le stage n&#8217;est possible que pour un conducteur ayant un permis valide ni invalid\u00e9 (plus de point et r\u00e9ception d&#8217;une lettre 48SI), ni annul\u00e9 par un juge. Il est en revanche possible de <a href=\"\/stages-points\/questions\/recuperer-des-points-pendant-suspension.html\">faire un stage avec une suspension de permis<\/a>.<\/p>\n","protected":false},"excerpt":{"rendered":"<p>La mesure est plut\u00f4t pass\u00e9e inaper\u00e7ue dans les m\u00e9dias, notamment avec la pol\u00e9mique sur la r\u00e9duction de la vitesse \u00e0 80km\/h sur route. Le CISR de janvier 2018\u00a0envisage de rallonger le <strong>stage de r\u00e9cup\u00e9ration de points<\/strong> a une dur\u00e9e de <strong>3 jours<\/strong> d&#8217;ici \u00e0 l&#8217;ann\u00e9e <strong>2019<\/strong> pour certains conducteurs &#8220;r\u00e9cidivistes&#8221;.\u00a0[&#8230;]<\/p>\n","protected":false},"author":2,"featured_media":6428,"comment_status":"open","ping_status":"closed","sticky":false,"template":"","format":"standard","meta":{"footnotes":""},"categories":[4],"tags":[414,450,43],"class_list":["post-6426","post","type-post","status-publish","format-standard","has-post-thumbnail","hentry","category-legislation","tag-cisr","tag-permis-a-points","tag-stage-de-recuperation-de-points","post-1","odd"],"aioseo_notices":[],"_links":{"self":[{"href":"https:\/\/www.legipermis.com\/blog\/wp-json\/wp\/v2\/posts\/6426","targetHints":{"allow":["GET"]}}],"collection":[{"href":"https:\/\/www.legipermis.com\/blog\/wp-json\/wp\/v2\/posts"}],"about":[{"href":"https:\/\/www.legipermis.com\/blog\/wp-json\/wp\/v2\/types\/post"}],"author":[{"embeddable":true,"href":"https:\/\/www.legipermis.com\/blog\/wp-json\/wp\/v2\/users\/2"}],"replies":[{"embeddable":true,"href":"https:\/\/www.legipermis.com\/blog\/wp-json\/wp\/v2\/comments?post=6426"}],"version-history":[{"count":0,"href":"https:\/\/www.legipermis.com\/blog\/wp-json\/wp\/v2\/posts\/6426\/revisions"}],"wp:featuredmedia":[{"embeddable":true,"href":"https:\/\/www.legipermis.com\/blog\/wp-json\/wp\/v2\/media\/6428"}],"wp:attachment":[{"href":"https:\/\/www.legipermis.com\/blog\/wp-json\/wp\/v2\/media?parent=6426"}],"wp:term":[{"taxonomy":"category","embeddable":true,"href":"https:\/\/www.legipermis.com\/blog\/wp-json\/wp\/v2\/categories?post=6426"},{"taxonomy":"post_tag","embeddable":true,"href":"https:\/\/www.legipermis.com\/blog\/wp-json\/wp\/v2\/tags?post=6426"}],"curies":[{"name":"wp","href":"https:\/\/api.w.org\/{rel}","templated":true}]}}