{"id":5985,"date":"2017-03-16T17:45:08","date_gmt":"2017-03-16T16:45:08","guid":{"rendered":"https:\/\/www.legipermis.com\/blog\/?p=5985"},"modified":"2021-08-30T13:44:32","modified_gmt":"2021-08-30T11:44:32","slug":"payer-son-permis-avec-le-cpf-des-le-15-mars","status":"publish","type":"post","link":"https:\/\/www.legipermis.com\/blog\/2017\/03\/16\/payer-son-permis-avec-le-cpf-des-le-15-mars\/","title":{"rendered":"Payer son permis avec le CPF d\u00e9s le 15 mars"},"content":{"rendered":"<div style=\"text-align:right;\"><em style=\"font-size:12.9px;font-weight:bold;\" class=\"last-modified\">Mis \u00e0 jour le 30\/08\/2021.<\/em><\/div><p>Depuis le 15 mars 2017, il est possible de <strong>payer son permis de conduire<\/strong> (permis B) en utilisant son <strong>Compte Personnel de Formation (CPF)<\/strong>\u00a0selon le d\u00e9cret d&#8217;application de la loi &#8220;Egalit\u00e9 et citoyennet\u00e9&#8221; qui est paru ce 3 mars au Journal officiel.<!--more--><\/p>\n<h2>Le code et la conduite pris en charge<\/h2>\n<p>D\u00e9s le 15\/03\/2017, un\u00a0actif d\u00e9j\u00e0<strong> en poste\u00a0ou en recherche d&#8217;emploi<\/strong> pourra utiliser son compte CPF pour financer son permis de conduire : <strong>code + conduite<\/strong>, soit en partie, soit en totalit\u00e9. Ce compte personnel de formation est accessible aux salari\u00e9s du secteurs priv\u00e9s (ainsi qu&#8217;aux ind\u00e9pendants \u00e0 partir de 2018) pour un total maximum de 150h \u00e0 raison de 24h par an (400h max et 48h par an pour les salari\u00e9s peu qualifi\u00e9s). Pour certains salari\u00e9s, on pourra ainsi parler de <strong>permis de conduire gratuit<\/strong> avec en prime un acc\u00e8s facilit\u00e9 \u00e0 l&#8217;emploi.<\/p>\n<p>Notez qu&#8217;\u00e0 ce jour, le suivi du <a href=\"\/stage-recuperation-points\/\">stage\u00a0pour r\u00e9cup\u00e9rer des points<\/a>\u00a0n&#8217;est pas pris en charge par le CPF.<\/p>\n<h2>Qui peut b\u00e9n\u00e9ficier du permis avec le CPF ?<\/h2>\n<p>Peuvent b\u00e9n\u00e9ficier du <strong>permis avec le CPF<\/strong> les personnes suivantes voulant passer un permis B :<\/p>\n<ul>\n<li><strong>Tous les actifs en poste<\/strong> avec des heures de formation sur leur CPF,<\/li>\n<li><strong>Les ch\u00f4meurs<\/strong> avec des heures de formation sur leur CPF,<\/li>\n<li>Les handicap\u00e9s pensionnaires d\u2019un Esat (\u00e9tablissement et service d\u2019aide par le travail),<\/li>\n<li>Les personnes accompagn\u00e9es dans un projet d\u2019orientation et d\u2019insertion.<\/li>\n<li><strong>Les fonctionnaires<\/strong> courant 2017 d&#8217;apr\u00e8s\u00a0la ministre du travail Myriam El Khomri,<\/li>\n<li><strong>Les travailleurs ind\u00e9pendants<\/strong> \u00e0 partir du 1er janvier 2018.<\/li>\n<\/ul>\n<p>La premi\u00e8re \u00e9tape est d&#8217;activer son compte CPF sur le site internet d\u00e9di\u00e9 :\u00a0<a href=\"https:\/\/www.moncompteformation.gouv.fr\/espace-prive\/html\/#\/\">moncompteformation.gouv.fr<\/a>.<\/p>\n<h2>Quelles sont les conditions pour passer son permis avec le CPF ?<\/h2>\n<p>Pour <strong>passer son permis avec le CPF<\/strong>, il faut :<\/p>\n<ol>\n<li>L&#8217;utilisation du compte personnel de formation (CPF) pour le passage du permis B doit &#8220;contribuer \u00e0 la r\u00e9alisation d&#8217;un projet professionnel ou favoriser la s\u00e9curisation du parcours professionnel de l&#8217;actif&#8221;.<\/li>\n<li>Le candidat au permis de conduite devra passer sa formation dans une auto-\u00e9cole agr\u00e9\u00e9 et poss\u00e9dant la qualit\u00e9 d'&#8221;organisme de formation professionnelle&#8221;. Environ 2000 auto-\u00e9coles sur les 13500 auto-\u00e9coles en France ont cette qualification. Un label qualit\u00e9 est \u00e0 l&#8217;ordre du jour.<\/li>\n<\/ol>\n<h2>L&#8217;objectif de la mesure<\/h2>\n<div class=\"lt-content w66\">\n<blockquote><p>&#8220;Aujourd\u2019hui, il y a plus de jeunes qui n\u2019ont pas leur permis, qu\u2019il y a 20 ans. Le plus souvent faute de moyens financiers. Or, cela peut \u00eatre un obstacle \u00e0 l\u2019acc\u00e8s ou au maintien dans l\u2019emploi, car \u00e0 comp\u00e9tences \u00e9gales, un employeur choisira souvent le\u00a0candidat titulaire du permis B. &#8221; Patrick Kanner, ministre de la Jeunesse.<\/p><\/blockquote>\n<p>Cette mesure est avant tout un coups de pouce contre le ch\u00f4mage de masse notamment pour les personnes qui habitent en dehors des villes et qui sont donc de fait exclues de l&#8217;emploi;<\/p>\n<blockquote><p>&#8220;Les difficult\u00e9s qu&#8217;ont certaines personnes, notamment les plus jeunes et les plus fragiles, \u00e0 se d\u00e9placer constituent un frein majeur dans l&#8217;acc\u00e8s \u00e0 l&#8217;emploi. Pr\u00e8s d\u2019un Fran\u00e7ais sur cinq (19%) d\u00e9clare avoir d\u00e9j\u00e0 renonc\u00e9 \u00e0 se rendre \u00e0 un entretien d\u2019embauche ou dans une structure d\u2019aide \u00e0 la recherche d\u2019emploi\u00a0parce qu\u2019ils ne pouvaient s\u2019y rendre. Dans certains territoires, le permis de conduire est donc un v\u00e9ritable permis de travailler&#8221;\u00a0Myriam El Khomri, ministre du travail.<\/p><\/blockquote>\n<\/div>\n","protected":false},"excerpt":{"rendered":"<p>Depuis le 15 mars 2017, il est possible de <strong>payer son permis de conduire<\/strong> (permis B) en utilisant son <strong>Compte Personnel de Formation (CPF)<\/strong>\u00a0selon le d\u00e9cret d&#8217;application de la loi &#8220;Egalit\u00e9 et citoyennet\u00e9&#8221; qui est paru ce 3 mars au Journal officiel.\u00a0[&#8230;]<\/p>\n","protected":false},"author":2,"featured_media":5995,"comment_status":"open","ping_status":"closed","sticky":false,"template":"","format":"standard","meta":{"footnotes":""},"categories":[170],"tags":[485,112],"class_list":["post-5985","post","type-post","status-publish","format-standard","has-post-thumbnail","hentry","category-autoecole","tag-cpf","tag-permis-de-conduire","post-1","odd"],"aioseo_notices":[],"_links":{"self":[{"href":"https:\/\/www.legipermis.com\/blog\/wp-json\/wp\/v2\/posts\/5985","targetHints":{"allow":["GET"]}}],"collection":[{"href":"https:\/\/www.legipermis.com\/blog\/wp-json\/wp\/v2\/posts"}],"about":[{"href":"https:\/\/www.legipermis.com\/blog\/wp-json\/wp\/v2\/types\/post"}],"author":[{"embeddable":true,"href":"https:\/\/www.legipermis.com\/blog\/wp-json\/wp\/v2\/users\/2"}],"replies":[{"embeddable":true,"href":"https:\/\/www.legipermis.com\/blog\/wp-json\/wp\/v2\/comments?post=5985"}],"version-history":[{"count":0,"href":"https:\/\/www.legipermis.com\/blog\/wp-json\/wp\/v2\/posts\/5985\/revisions"}],"wp:featuredmedia":[{"embeddable":true,"href":"https:\/\/www.legipermis.com\/blog\/wp-json\/wp\/v2\/media\/5995"}],"wp:attachment":[{"href":"https:\/\/www.legipermis.com\/blog\/wp-json\/wp\/v2\/media?parent=5985"}],"wp:term":[{"taxonomy":"category","embeddable":true,"href":"https:\/\/www.legipermis.com\/blog\/wp-json\/wp\/v2\/categories?post=5985"},{"taxonomy":"post_tag","embeddable":true,"href":"https:\/\/www.legipermis.com\/blog\/wp-json\/wp\/v2\/tags?post=5985"}],"curies":[{"name":"wp","href":"https:\/\/api.w.org\/{rel}","templated":true}]}}