{"id":5642,"date":"2016-11-24T15:44:14","date_gmt":"2016-11-24T14:44:14","guid":{"rendered":"https:\/\/www.legipermis.com\/blog\/?p=5642"},"modified":"2026-01-06T09:52:23","modified_gmt":"2026-01-06T08:52:23","slug":"grand-exces-de-vitesse-et-immobilisation-du-vehicule-au-20112016","status":"publish","type":"post","link":"https:\/\/www.legipermis.com\/blog\/2016\/11\/24\/grand-exces-de-vitesse-et-immobilisation-du-vehicule-au-20112016\/","title":{"rendered":"Grand exc\u00e8s de vitesse et immobilisation du v\u00e9hicule au 20\/11\/2016"},"content":{"rendered":"<div style=\"text-align:right;\"><em style=\"font-size:12.9px;font-weight:bold;\" class=\"last-modified\">Mis \u00e0 jour le 06\/01\/2026.<\/em><\/div>\n<p>Parmi les 11 grandes mesures contenues dans <a href=\"\/blog\/2015\/10\/02\/les-22-mesures-du-cisr-du-02102015-pour-la-securite-routiere\/\">les d\u00e9cisions du CISR<\/a>,&nbsp;2 nouvelles&nbsp;mesures de s\u00e9curit\u00e9 routi\u00e8re de&nbsp;la loi de modernisation de la justice du XXIe si\u00e8cle sont entr\u00e9es en vigueur depuis le 20 novembre 2016. Nous avions d\u00e9j\u00e0 \u00e9voqu\u00e9 la question du <a href=\"\/blog\/2016\/09\/21\/gants-obligatoire-a-moto-a-partir-du-20-novembre-2016\/\">port obligatoire des gants \u00e0 moto<\/a>, la nouvelle mesure concerne un <strong>durcissement de la l\u00e9gislation entourant les grands exc\u00e8s de vitesse<\/strong>. <\/p>\n\n\n\n<!--more-->\n\n\n\n<p>A noter aussi, une s\u00e9v\u00e9rit\u00e9 accrue pour <a href=\"\/blog\/2016\/11\/24\/usage-dun-faux-permis-durcissement-des-sanctions\/\">les usages de faux permis<\/a>.<\/p>\n\n\n\n<h2 class=\"wp-block-heading\">Immobilisation du v\u00e9hicule&nbsp;par les forces de l&#8217;ordre<\/h2>\n\n\n\n<p>Alors que jusqu&#8217;\u00e0 pr\u00e9sent cette mesure \u00e9tait destin\u00e9e aux seuls r\u00e9cidivistes, les v\u00e9hicules maintenant contr\u00f4l\u00e9s en d\u00e9passement de 50 km\/h ou plus&nbsp;de la vitesse maximale autoris\u00e9e, c&#8217;est-\u00e0-dire en <a href=\"\/infractions\/grand-exces-de-vitesse.html\">grand exc\u00e8s de vitesse<\/a>, peuvent \u00eatre <strong>immobilis\u00e9s et imm\u00e9diatement plac\u00e9s \u00e0 la fourri\u00e8re<\/strong> par la Police ou la gendarmerie.<\/p>\n\n\n\n<p>Cette mesure, qui pourra maintenant \u00eatre prise lors de la premi\u00e8re infraction constat\u00e9e, sera d&#8217;<strong>une dur\u00e9e maximale de 7 jours <\/strong>et enti\u00e8rement \u00e0 la charge du propri\u00e9taire du v\u00e9hicule mentionn\u00e9 sur la carte grise.&nbsp;Apr\u00e8s&nbsp;ce d\u00e9lai, la voiture ou la moto&nbsp;pourra rester \u00e0 la fourri\u00e8re si le Procureur de la R\u00e9publique le d\u00e9cide.<\/p>\n\n\n\n<p>Cette d\u00e9cision vient en r\u00e9action aux mauvais chiffres de s\u00e9curit\u00e9 routi\u00e8re constat\u00e9s maintenant depuis pr\u00e8s de 2 ans.<\/p>\n\n\n\n<h2 class=\"wp-block-heading\">Le reste des sanctions inchang\u00e9es<\/h2>\n\n\n\n<p>Le reste des sanctions restent inchang\u00e9es :<\/p>\n\n\n\n<ul class=\"wp-block-list\">\n<li>3750\u20ac d&#8217;amende maximum pour <strong>ce d\u00e9lit<\/strong> depuis le 29 d\u00e9cembre 2025 ;<\/li>\n\n\n\n<li>Jusqu&#8217;\u00e0 3 mois de prison (depuis le 29 d\u00e9cembre 2025) ;<\/li>\n\n\n\n<li>une perte de 6 points sur le permis de conduire,<\/li>\n\n\n\n<li>une suspension de permis pouvant aller jusqu&#8217;\u00e0 6 mois,<\/li>\n\n\n\n<li>la confiscation du v\u00e9hicule,<\/li>\n\n\n\n<li>ou encore l&#8217;obligation de faire un stage de sensibilisation \u00e0 la s\u00e9curit\u00e9 routi\u00e8re.<\/li>\n<\/ul>\n\n\n\n<h2 class=\"wp-block-heading\">&nbsp;De nombreuses mesures \u00e0 partir du 1er janvier 2017<\/h2>\n\n\n\n<p>Outre le port des gants obligatoires et les nouvelles sanctions pour les grands exc\u00e8s de vitesse et l&#8217;usage d&#8217;un faux permis, d&#8217;autres mesures importantes de s\u00e9curit\u00e9 routi\u00e8re entreront en vigueur \u00e0 partir du 1er janvier 2017, on notera :<\/p>\n\n\n\n<ul class=\"wp-block-list\">\n<li>La <a href=\"\/blog\/2016\/10\/24\/voiture-de-fonction-les-salaries-vont-payer-au-01012017\/\">d\u00e9nonciation obligatoire des salari\u00e9s<\/a> par leur employeur<strong>\u00a0apr\u00e8s une infraction au code de la route,<\/strong><\/li>\n\n\n\n<li>Amende forfaitaire multipli\u00e9e par 5 pour une personne morale, par exemple une voiture de service,<\/li>\n\n\n\n<li>Courant 2017 : une amende forfaitaire sera appliqu\u00e9e pour la conduite sans assurance ou sans permis mais ces deux infractions resteront un d\u00e9lit,<\/li>\n\n\n\n<li>A une date encore ind\u00e9termin\u00e9e : la cr\u00e9ation d\u2019un fichier des v\u00e9hicules assur\u00e9s en France.<\/li>\n<\/ul>\n","protected":false},"excerpt":{"rendered":"<p>\nParmi les 11 grandes mesures contenues dans les d\u00e9cisions du CISR,&nbsp;2 nouvelles&nbsp;mesures de s\u00e9curit\u00e9 routi\u00e8re de&nbsp;la loi de modernisation de la justice du XXIe si\u00e8cle sont entr\u00e9es en vigueur depuis le 20 novembre 2016. Nous avions d\u00e9j\u00e0 \u00e9voqu\u00e9 la question du port obligatoire des gants \u00e0 moto, la nouvelle mesure concerne un <strong>durcissement de la l\u00e9gislation entourant les grands exc\u00e8s de vitesse<\/strong>. <\/p>\n<p>\u00a0[&#8230;]<\/p>\n","protected":false},"author":3,"featured_media":5643,"comment_status":"open","ping_status":"closed","sticky":false,"template":"","format":"standard","meta":{"footnotes":""},"categories":[4],"tags":[148,135,478,55,193,202],"class_list":["post-5642","post","type-post","status-publish","format-standard","has-post-thumbnail","hentry","category-legislation","tag-exces-de-vitesse","tag-gendarmerie","tag-immobilisation-vehicule","tag-limitation-de-vitesse","tag-police","tag-voiture","post-1","odd"],"aioseo_notices":[],"_links":{"self":[{"href":"https:\/\/www.legipermis.com\/blog\/wp-json\/wp\/v2\/posts\/5642","targetHints":{"allow":["GET"]}}],"collection":[{"href":"https:\/\/www.legipermis.com\/blog\/wp-json\/wp\/v2\/posts"}],"about":[{"href":"https:\/\/www.legipermis.com\/blog\/wp-json\/wp\/v2\/types\/post"}],"author":[{"embeddable":true,"href":"https:\/\/www.legipermis.com\/blog\/wp-json\/wp\/v2\/users\/3"}],"replies":[{"embeddable":true,"href":"https:\/\/www.legipermis.com\/blog\/wp-json\/wp\/v2\/comments?post=5642"}],"version-history":[{"count":1,"href":"https:\/\/www.legipermis.com\/blog\/wp-json\/wp\/v2\/posts\/5642\/revisions"}],"predecessor-version":[{"id":13359,"href":"https:\/\/www.legipermis.com\/blog\/wp-json\/wp\/v2\/posts\/5642\/revisions\/13359"}],"wp:featuredmedia":[{"embeddable":true,"href":"https:\/\/www.legipermis.com\/blog\/wp-json\/wp\/v2\/media\/5643"}],"wp:attachment":[{"href":"https:\/\/www.legipermis.com\/blog\/wp-json\/wp\/v2\/media?parent=5642"}],"wp:term":[{"taxonomy":"category","embeddable":true,"href":"https:\/\/www.legipermis.com\/blog\/wp-json\/wp\/v2\/categories?post=5642"},{"taxonomy":"post_tag","embeddable":true,"href":"https:\/\/www.legipermis.com\/blog\/wp-json\/wp\/v2\/tags?post=5642"}],"curies":[{"name":"wp","href":"https:\/\/api.w.org\/{rel}","templated":true}]}}