{"id":5418,"date":"2016-09-21T00:21:03","date_gmt":"2016-09-20T22:21:03","guid":{"rendered":"https:\/\/www.legipermis.com\/blog\/?p=5418"},"modified":"2021-08-25T10:46:49","modified_gmt":"2021-08-25T08:46:49","slug":"gants-obligatoire-a-moto-a-partir-du-20-novembre-2016","status":"publish","type":"post","link":"https:\/\/www.legipermis.com\/blog\/2016\/09\/21\/gants-obligatoire-a-moto-a-partir-du-20-novembre-2016\/","title":{"rendered":"Gants obligatoire \u00e0 moto \u00e0 partir du 20\/11\/2016"},"content":{"rendered":"<div style=\"text-align:right;\"><em style=\"font-size:12.9px;font-weight:bold;\" class=\"last-modified\">Mis \u00e0 jour le 25\/08\/2021.<\/em><\/div><p>C&#8217;est la nouvelle mesure de s\u00e9curit\u00e9 routi\u00e8re en application du <a href=\"https:\/\/www.legifrance.gouv.fr\/loda\/id\/JORFTEXT000033131556\/\" target=\"_blank\" rel=\"noopener noreferrer\">d\u00e9cret 2016-1232<\/a>\u00a0publi\u00e9 ce mardi au journal officiel. A partir du 20 novembre 2016, <strong>le port de gants \u00e0 moto, pour le pilote comme le passager, sera obligatoire<\/strong> sous peine de commettre une infraction au code de la route. <!--more-->Nous avions d\u00e9j\u00e0 \u00e9crit un article sur les <a href=\"\/blog\/2015\/05\/25\/moto-les-equipements-obligatoires-et-recommandes\/\">\u00e9quipements obligatoires et recommand\u00e9s \u00e0 moto<\/a>\u00a0et il est inutile de pr\u00e9ciser que nous avions d\u00e9crit les gants comme un accessoire indispensable\u00a0pour tous les <strong>2-roues motoris\u00e9s.\u00a0<\/strong>Cette mesure fait suite aux d\u00e9cisions du <a href=\"\/blog\/2015\/10\/02\/les-22-mesures-du-cisr-du-02102015-pour-la-securite-routiere\/\">CISR de 2015<\/a>\u00a0alors que pr\u00e8s de 12% des motards roulent sans gants adapt\u00e9s\u00a0d&#8217;apr\u00e8s la\u00a0TNS Sofres.<\/p>\n<h2>Casque et gants certifi\u00e9s CE<\/h2>\n<p>Jusqu&#8217;\u00e0 pr\u00e9sent, seul le casque \u00e9tait obligatoire \u00e0 moto. Le non-respect de cette obligation \u00e9tait une infraction au code de la route avec une contravention de classe 4 entra\u00eenant la <a href=\"\/infractions\/non-port-casque-homologue.html\" target=\"_blank\" rel=\"noopener noreferrer\">perte de 3 points et 135\u20ac d&#8217;amende<\/a> forfaitaire. A partir du 20\/11\/2016, &#8220;<strong>tout conducteur ou passager<\/strong> d&#8217;une motocyclette, d&#8217;un tricycle \u00e0 moteur, d&#8217;un quadricycle \u00e0 moteur ou d&#8217;un cyclomoteur&#8221; devra porter des gants homologu\u00e9s <strong>norme CE<\/strong>. Pour en savoir plus sur les normes des gants homologu\u00e9s au regard de la nouvelle l\u00e9gislation, rendez-vous sur <a href=\"https:\/\/www.speedway.fr\/pages\/10-blog\/15-reglementation\/147-gants-moto-deviennent-obligatoires-2016.html\" target=\"_blank\" rel=\"noopener noreferrer\">Speedway<\/a>.<\/p>\n<p>Rappelons que depuis janvier 2013, le port de gants est d\u00e9j\u00e0 obligatoire pour passer son permis moto. Les gants permettent d&#8217;\u00e9viter les abrasions et les blessures dans pr\u00e8s de 90% des cas d&#8217;accidents de la route. Ainsi\u00a0<strong>20% des victimes<\/strong> d\u2019un accident en\u00a0deux-roues sont touch\u00e9s\u00a0\u00e0 la main ou au poignet.<\/p>\n<h2>Les sanctions\u00a0en cas d&#8217;infraction<\/h2>\n<p>Si vous \u00eates contr\u00f4l\u00e9s sans gants (l&#8217;\u00e9t\u00e9 par exemple quand il faut chaud) ou avec des gants non certifi\u00e9s CE ou non conforme, les sanctions pr\u00e9vues sont celles d&#8217;une <strong>contravention de classe 3<\/strong>\u00a0avec :<\/p>\n<ul>\n<li>une <strong>amende de 68\u20ac,<\/strong><\/li>\n<li>le <strong>retrait d&#8217;1 point<\/strong> sur le permis.<\/li>\n<\/ul>\n<p>L\u2019amende minor\u00e9e sera de 45 \u20ac pay\u00e9e en cas de paiement dans les 15 jours, ce qui correspond au prix d\u2019une paire de gant norme\u00a0CE.<\/p>\n<h2>Les associations de motards r\u00e9serv\u00e9es<\/h2>\n<p>Les associations de d\u00e9fense des motards, dont la FFMC, jugent cette mesure inutile voire infantilisante, arguant que les gants ne sauvent pas des vies et qu'&#8221;il faut mieux inciter qu&#8217;obliger&#8221;.<\/p>\n<p>Source de l&#8217;image :\u00a0marcovdz, photo modifi\u00e9e.<\/p>\n","protected":false},"excerpt":{"rendered":"<p>C&#8217;est la nouvelle mesure de s\u00e9curit\u00e9 routi\u00e8re en application du d\u00e9cret 2016-1232\u00a0publi\u00e9 ce mardi au journal officiel. A partir du 20 novembre 2016, <strong>le port de gants \u00e0 moto, pour le pilote comme le passager, sera obligatoire<\/strong> sous peine de commettre une infraction au code de la route. \u00a0[&#8230;]<\/p>\n","protected":false},"author":3,"featured_media":5419,"comment_status":"open","ping_status":"closed","sticky":false,"template":"","format":"standard","meta":{"footnotes":""},"categories":[4,138],"tags":[223,116,38,69],"class_list":["post-5418","post","type-post","status-publish","format-standard","has-post-thumbnail","hentry","category-legislation","category-moto-2roues","tag-contravention","tag-equipements","tag-infraction","tag-moto","post-1","odd"],"aioseo_notices":[],"_links":{"self":[{"href":"https:\/\/www.legipermis.com\/blog\/wp-json\/wp\/v2\/posts\/5418","targetHints":{"allow":["GET"]}}],"collection":[{"href":"https:\/\/www.legipermis.com\/blog\/wp-json\/wp\/v2\/posts"}],"about":[{"href":"https:\/\/www.legipermis.com\/blog\/wp-json\/wp\/v2\/types\/post"}],"author":[{"embeddable":true,"href":"https:\/\/www.legipermis.com\/blog\/wp-json\/wp\/v2\/users\/3"}],"replies":[{"embeddable":true,"href":"https:\/\/www.legipermis.com\/blog\/wp-json\/wp\/v2\/comments?post=5418"}],"version-history":[{"count":0,"href":"https:\/\/www.legipermis.com\/blog\/wp-json\/wp\/v2\/posts\/5418\/revisions"}],"wp:featuredmedia":[{"embeddable":true,"href":"https:\/\/www.legipermis.com\/blog\/wp-json\/wp\/v2\/media\/5419"}],"wp:attachment":[{"href":"https:\/\/www.legipermis.com\/blog\/wp-json\/wp\/v2\/media?parent=5418"}],"wp:term":[{"taxonomy":"category","embeddable":true,"href":"https:\/\/www.legipermis.com\/blog\/wp-json\/wp\/v2\/categories?post=5418"},{"taxonomy":"post_tag","embeddable":true,"href":"https:\/\/www.legipermis.com\/blog\/wp-json\/wp\/v2\/tags?post=5418"}],"curies":[{"name":"wp","href":"https:\/\/api.w.org\/{rel}","templated":true}]}}