{"id":5157,"date":"2016-07-03T18:41:09","date_gmt":"2016-07-03T16:41:09","guid":{"rendered":"https:\/\/www.legipermis.com\/blog\/?p=5157"},"modified":"2021-08-20T10:04:19","modified_gmt":"2021-08-20T08:04:19","slug":"baisse-de-la-vitesse-autorisee-en-idf-a-partir-du-04072016","status":"publish","type":"post","link":"https:\/\/www.legipermis.com\/blog\/2016\/07\/03\/baisse-de-la-vitesse-autorisee-en-idf-a-partir-du-04072016\/","title":{"rendered":"Baisse de la vitesse autoris\u00e9e en IDF \u00e0 partir du 04\/07\/2016"},"content":{"rendered":"<div style=\"text-align:right;\"><em style=\"font-size:12.9px;font-weight:bold;\" class=\"last-modified\">Mis \u00e0 jour le 20\/08\/2021.<\/em><\/div><p>Des nouvelles baisses de la limitation de vitesse \u00e0 proximit\u00e9 de <a href=\"\/paris.html\">Paris<\/a>&nbsp;en r\u00e9gion \u00cele-de-France sont pr\u00e9vues <strong>\u00e0 partir du lundi 04 juillet 2016<\/strong> sur <strong>4 portions d&#8217;autoroutes et de routes nationales<\/strong>. Une mesure qui suit la limitation de vitesse d\u00e9j\u00e0 exp\u00e9riment\u00e9e \u00e0 70km\/h sur le p\u00e9riph\u00e9rique parisien. <!--more-->Cette nouvelle limitation de vitesse&nbsp;a plusieurs objectifs clairement \u00e9tablis : la fluidit\u00e9 du trafic routier, la diminution des nuisances sonores, la baisse des \u00e9missions de gaz \u00e0 effet de serre et la lutte contre l&#8217;ins\u00e9curit\u00e9 routi\u00e8re.<\/p>\n<h2>Liste des routes concern\u00e9es<\/h2>\n<ul>\n<li>Sur&nbsp;<b>la<\/b> <b>RN6<\/b>&nbsp;au niveau de la commune de Montgeron&nbsp;entre l\u2019A13 et Saint-Quentin-en-Yvelines, la vitesse maximale autoris\u00e9e sera de&nbsp;<b>90 km\/h<\/b> contre 110 km\/h auparavant<b>,<\/b><\/li>\n<li>Sur l\u2019autoroute<b> A115<\/b>, entre la Francilienne et l\u2019autoroute A15 , la vitesse maximale autoris\u00e9e sera de <strong>90 km\/h<\/strong> contre 110 km\/h auparavant,<\/li>\n<li>Sur l\u2019autoroute <strong>A12 et la RN10<\/strong> entre l\u2019A13 et l\u2019entr\u00e9e dans Trappes, la vitesse maximale autoris\u00e9e sera r\u00e9duite de 130 km\/h \u00e0 <b>110 km\/h <\/b>sur l\u2019autoroute A12 au nord du tunnel de Fontenay-le-Fleury<b>&nbsp;<\/b> et&nbsp;limit\u00e9e \u00e0&nbsp;<b>90 km\/h a<\/b>u lieu de 110 km\/h entre le tunnel de Fontenay-le-Fleury et l\u2019\u00e9changeur RN10 &#8211; RD910,<\/li>\n<li>Sur <b>l\u2019autoroute A104 nord-est,<\/b> depuis l\u2019autoroute A4 jusqu\u2019\u00e0 la RN2&nbsp;, la vitesse maximale sera de&nbsp;&nbsp;<b>90 km\/h <\/b>au lieu de 110 km\/h et<b> 80 km\/h pour<\/b> les v\u00e9hicules de plus de 3,5 tonnes.<\/li>\n<\/ul>\n<p>Sur ces routes, les v\u00e9hicules seront donc verbalis\u00e9s pour exc\u00e8s de vitesse, \u00e0 partir du 04\/07\/2016 avec les <a href=\"\/infractions\/exces-de-vitesse.html\">amendes et retraits de points<\/a> pr\u00e9vus par le code de la route.<\/p>\n<h2>Carte des nouvelles limitations de vitesse en r\u00e9gion parisienne<\/h2>\n<p>Voici la carte des limitations de vitesse avec les zones concern\u00e9es pr\u00e8s de Paris :<\/p>\n<div id=\"attachment_5159\" style=\"width: 1057px\" class=\"wp-caption aligncenter\"><noscript><img decoding=\"async\" aria-describedby=\"caption-attachment-5159\" class=\"size-full wp-image-5159\" src=\"\/blog\/wp-content\/uploads\/2016\/07\/carte-limitation-de-vitesse-ile-de-france-4-juillet-2016.png\" alt=\"Carte des limitations de vitesse en Ile de France 4 juillet 2016\" width=\"1047\" height=\"916\" srcset=\"https:\/\/www.legipermis.com\/blog\/wp-content\/uploads\/2016\/07\/carte-limitation-de-vitesse-ile-de-france-4-juillet-2016.png 1047w, https:\/\/www.legipermis.com\/blog\/wp-content\/uploads\/2016\/07\/carte-limitation-de-vitesse-ile-de-france-4-juillet-2016-150x131.png 150w, https:\/\/www.legipermis.com\/blog\/wp-content\/uploads\/2016\/07\/carte-limitation-de-vitesse-ile-de-france-4-juillet-2016-300x262.png 300w, https:\/\/www.legipermis.com\/blog\/wp-content\/uploads\/2016\/07\/carte-limitation-de-vitesse-ile-de-france-4-juillet-2016-768x672.png 768w, https:\/\/www.legipermis.com\/blog\/wp-content\/uploads\/2016\/07\/carte-limitation-de-vitesse-ile-de-france-4-juillet-2016-1024x896.png 1024w\" sizes=\"(max-width: 1047px) 100vw, 1047px\"><\/noscript><img decoding=\"async\" aria-describedby=\"caption-attachment-5159\" class=\"size-full wp-image-5159 lazyload\" src=\"data:image\/svg+xml,%3Csvg%20xmlns%3D%22http%3A%2F%2Fwww.w3.org%2F2000%2Fsvg%22%20viewBox%3D%220%200%201047%20916%22%3E%3C%2Fsvg%3E\" alt=\"Carte des limitations de vitesse en Ile de France 4 juillet 2016\" width=\"1047\" height=\"916\" srcset=\"data:image\/svg+xml,%3Csvg%20xmlns%3D%22http%3A%2F%2Fwww.w3.org%2F2000%2Fsvg%22%20viewBox%3D%220%200%201047%20916%22%3E%3C%2Fsvg%3E 1047w\" sizes=\"(max-width: 1047px) 100vw, 1047px\" data-srcset=\"https:\/\/www.legipermis.com\/blog\/wp-content\/uploads\/2016\/07\/carte-limitation-de-vitesse-ile-de-france-4-juillet-2016.png 1047w, https:\/\/www.legipermis.com\/blog\/wp-content\/uploads\/2016\/07\/carte-limitation-de-vitesse-ile-de-france-4-juillet-2016-150x131.png 150w, https:\/\/www.legipermis.com\/blog\/wp-content\/uploads\/2016\/07\/carte-limitation-de-vitesse-ile-de-france-4-juillet-2016-300x262.png 300w, https:\/\/www.legipermis.com\/blog\/wp-content\/uploads\/2016\/07\/carte-limitation-de-vitesse-ile-de-france-4-juillet-2016-768x672.png 768w, https:\/\/www.legipermis.com\/blog\/wp-content\/uploads\/2016\/07\/carte-limitation-de-vitesse-ile-de-france-4-juillet-2016-1024x896.png 1024w\" data-src=\"\/blog\/wp-content\/uploads\/2016\/07\/carte-limitation-de-vitesse-ile-de-france-4-juillet-2016.png\"><p id=\"caption-attachment-5159\" class=\"wp-caption-text\">Source Pr\u00e9fecture Ile-de-France<\/p><\/div>\n<h2>Effet de la mesure<\/h2>\n<p><q>Cette mesure va permettre aux Franciliens de circuler dans des meilleures conditions de s\u00e9curit\u00e9 et de temps, tout en respectant davantage l&#8217;environnement<\/q>&nbsp;Jean-Fran\u00e7ois Carenco, pr\u00e9fet de la r\u00e9gion d&#8217;\u00cele-de-France et de Paris.&nbsp;Le choix des routes concern\u00e9es a \u00e9t\u00e9 r\u00e9alis\u00e9 en lien avec les associations de terrain. Cette exp\u00e9rimentation devrait durer au moins un an, \u00e0 la fin des conclusions seront tir\u00e9es.<\/p>\n","protected":false},"excerpt":{"rendered":"<p>Des nouvelles baisses de la limitation de vitesse \u00e0 proximit\u00e9 de Paris\u00a0en r\u00e9gion \u00cele-de-France sont pr\u00e9vues <strong>\u00e0 partir du lundi 04 juillet 2016<\/strong> sur <strong>4 portions d&#8217;autoroutes et de routes nationales<\/strong>. Une mesure qui suit la limitation de vitesse d\u00e9j\u00e0 exp\u00e9riment\u00e9e \u00e0 70km\/h sur le p\u00e9riph\u00e9rique parisien. \u00a0[&#8230;]<\/p>\n","protected":false},"author":3,"featured_media":5163,"comment_status":"open","ping_status":"closed","sticky":false,"template":"","format":"standard","meta":{"footnotes":""},"categories":[3],"tags":[54,465,140,419,464],"class_list":["post-5157","post","type-post","status-publish","format-standard","has-post-thumbnail","hentry","category-securite-routiere","tag-departement-75","tag-departement-77","tag-departement-78","tag-departement-91","tag-departement-95","post-1","odd"],"aioseo_notices":[],"_links":{"self":[{"href":"https:\/\/www.legipermis.com\/blog\/wp-json\/wp\/v2\/posts\/5157","targetHints":{"allow":["GET"]}}],"collection":[{"href":"https:\/\/www.legipermis.com\/blog\/wp-json\/wp\/v2\/posts"}],"about":[{"href":"https:\/\/www.legipermis.com\/blog\/wp-json\/wp\/v2\/types\/post"}],"author":[{"embeddable":true,"href":"https:\/\/www.legipermis.com\/blog\/wp-json\/wp\/v2\/users\/3"}],"replies":[{"embeddable":true,"href":"https:\/\/www.legipermis.com\/blog\/wp-json\/wp\/v2\/comments?post=5157"}],"version-history":[{"count":0,"href":"https:\/\/www.legipermis.com\/blog\/wp-json\/wp\/v2\/posts\/5157\/revisions"}],"wp:featuredmedia":[{"embeddable":true,"href":"https:\/\/www.legipermis.com\/blog\/wp-json\/wp\/v2\/media\/5163"}],"wp:attachment":[{"href":"https:\/\/www.legipermis.com\/blog\/wp-json\/wp\/v2\/media?parent=5157"}],"wp:term":[{"taxonomy":"category","embeddable":true,"href":"https:\/\/www.legipermis.com\/blog\/wp-json\/wp\/v2\/categories?post=5157"},{"taxonomy":"post_tag","embeddable":true,"href":"https:\/\/www.legipermis.com\/blog\/wp-json\/wp\/v2\/tags?post=5157"}],"curies":[{"name":"wp","href":"https:\/\/api.w.org\/{rel}","templated":true}]}}