{"id":4940,"date":"2016-04-27T16:44:39","date_gmt":"2016-04-27T14:44:39","guid":{"rendered":"https:\/\/www.legipermis.com\/blog\/?p=4940"},"modified":"2021-08-30T16:34:21","modified_gmt":"2021-08-30T14:34:21","slug":"difference-entre-permis-blanc-et-refere-suspension","status":"publish","type":"post","link":"https:\/\/www.legipermis.com\/blog\/2016\/04\/27\/difference-entre-permis-blanc-et-refere-suspension\/","title":{"rendered":"Diff\u00e9rence entre permis blanc et r\u00e9f\u00e9r\u00e9 suspension"},"content":{"rendered":"<div style=\"text-align:right;\"><em style=\"font-size:12.9px;font-weight:bold;\" class=\"last-modified\">Mis \u00e0 jour le 30\/08\/2021.<\/em><\/div><p>Conduire malgr\u00e9 un retrait de permis en toute l\u00e9galit\u00e9 c&#8217;est possible\u00a0soit avec le <strong>permis blanc\u00a0<\/strong>ou\u00a0le <strong>r\u00e9f\u00e9r\u00e9 suspension<\/strong>. Si les\u00a0objectifs de ces 2 proc\u00e9dures est de pouvoir continuer \u00e0 conduire pour le travail, il s&#8217;agit en r\u00e9alit\u00e9 de 2 proc\u00e9dures totalement diff\u00e9rentes correspondant \u00e0 des retraits de permis diff\u00e9rents : la suspension de permis judiciaire d&#8217;une part, l&#8217;annulation pour d\u00e9faut de point d&#8217;autre part.<!--more--><\/p>\n<h2>Le permis blanc pour une suspension de permis judiciaire<\/h2>\n<p>Depuis <a href=\"https:\/\/www.legifrance.gouv.fr\/loda\/id\/JORFTEXT000000603464\/\" target=\"_blank\" rel=\"noopener noreferrer\">la loi du 12 juin 2003<\/a> relative aux violences routi\u00e8res, l&#8217;usage du <a href=\"\/blog\/2020\/10\/07\/peut-on-avoir-un-permis-blanc-en-2020\/\">permis blanc<\/a> est tr\u00e8s limit\u00e9, rarissime et strictement r\u00e9serv\u00e9 \u00e0 la <a href=\"\/retrait-permis\/suspension-du-permis-de-conduire.html\">suspension de permis<\/a> prononc\u00e9e par un juge et excluant d&#8217;embl\u00e9e les contraventions et d\u00e9lits d&#8217;alcool\u00e9mie, de stup\u00e9fiants, de fuite, d&#8217;homicide ou les\u00a0grands exc\u00e8s de vitesse sup\u00e9rieur \u00e0 50km\/h. Pour des raisons professionnelles ou personnelles le juge peut vous autoriser \u00e0\u00a0prendre le volant durant certaines heures.\u00a0Le permis blanc n\u2019est pas un droit,\u00a0c\u2019est \u00e0 l\u2019appr\u00e9ciation\u00a0du juge de d\u00e9terminer si vous y avez droit.\u00a0En pratique le permis blanc n&#8217;existe quasiment plus.<\/p>\n<h2>Le r\u00e9f\u00e9r\u00e9 suspension pour une invalidation de permis<\/h2>\n<p>L&#8217;invalidation est une <a href=\"\/retrait-permis\/invalidation-permis-de-conduire.html\">annulation de permis<\/a> pour\u00a0un solde de point nul. Cette\u00a0d\u00e9cision est alors port\u00e9e au conducteur par l&#8217;interm\u00e9diaire d&#8217;une lettre 48SI par voie recommand\u00e9e. C&#8217;est dans ce contexte\u00a0l\u00e0 que le <a href=\"\/avocat\/refere-suspension.html\">r\u00e9f\u00e9r\u00e9 suspension<\/a> s&#8217;inscrit. En compl\u00e9ment\u00a0d&#8217;un <a href=\"\/avocat\/recours-invalidation.html\">recours administratif apr\u00e8s annulation<\/a> (recours gracieux ou contentieux), le r\u00e9f\u00e9r\u00e9 suspension permet de conduire (sans limitation d&#8217;heures contrairement au permis blanc) en attendant la d\u00e9cision du juge.<\/p>\n<h2>2 proc\u00e9dures bien diff\u00e9rentes<\/h2>\n<p>Dans un cas, il s&#8217;agit d&#8217;un <strong>am\u00e9nagement <\/strong>d&#8217;une suspension judiciaire (le permis blanc) et dans l&#8217;autre cas il s&#8217;agit d&#8217;une <strong>suspension de d\u00e9cision<\/strong> administrative d&#8217;annulation. Aujourd&#8217;hui, le r\u00e9f\u00e9r\u00e9 suspension sera tr\u00e8s pratiqu\u00e9 par un <a href=\"\/avocat\/\">avocat du permis de conduire<\/a> contrairement au permis blanc qui est devenu de fait rarissime.<\/p>\n<p>Les contrevenants utilisent souvent l&#8217;expression &#8220;permis blanc&#8221; pour d\u00e9signer \u00a0le &#8220;r\u00e9f\u00e9r\u00e9-suspension&#8221; car il permet de conduire pour des raisons professionnelles, mais dans un contexte qui en 2016 est tr\u00e8s diff\u00e9rent.<\/p>\n","protected":false},"excerpt":{"rendered":"<p>Conduire malgr\u00e9 un retrait de permis en toute l\u00e9galit\u00e9 c&#8217;est possible\u00a0soit avec le <strong>permis blanc\u00a0<\/strong>ou\u00a0le <strong>r\u00e9f\u00e9r\u00e9 suspension<\/strong>. Si les\u00a0objectifs de ces 2 proc\u00e9dures est de pouvoir continuer \u00e0 conduire pour le travail, il s&#8217;agit en r\u00e9alit\u00e9 de 2 proc\u00e9dures totalement diff\u00e9rentes correspondant \u00e0 des retraits de permis diff\u00e9rents : la suspension de permis judiciaire d&#8217;une part, l&#8217;annulation pour d\u00e9faut de point d&#8217;autre part.\u00a0[&#8230;]<\/p>\n","protected":false},"author":3,"featured_media":4941,"comment_status":"open","ping_status":"closed","sticky":false,"template":"","format":"standard","meta":{"footnotes":""},"categories":[4],"tags":[315,183,415,314,71,213],"class_list":["post-4940","post","type-post","status-publish","format-standard","has-post-thumbnail","hentry","category-legislation","tag-annulation-du-permis","tag-avocat","tag-nombre-de-points","tag-retrait-de-permis","tag-retrait-de-point","tag-suspension-du-permis","post-1","odd"],"aioseo_notices":[],"_links":{"self":[{"href":"https:\/\/www.legipermis.com\/blog\/wp-json\/wp\/v2\/posts\/4940","targetHints":{"allow":["GET"]}}],"collection":[{"href":"https:\/\/www.legipermis.com\/blog\/wp-json\/wp\/v2\/posts"}],"about":[{"href":"https:\/\/www.legipermis.com\/blog\/wp-json\/wp\/v2\/types\/post"}],"author":[{"embeddable":true,"href":"https:\/\/www.legipermis.com\/blog\/wp-json\/wp\/v2\/users\/3"}],"replies":[{"embeddable":true,"href":"https:\/\/www.legipermis.com\/blog\/wp-json\/wp\/v2\/comments?post=4940"}],"version-history":[{"count":0,"href":"https:\/\/www.legipermis.com\/blog\/wp-json\/wp\/v2\/posts\/4940\/revisions"}],"wp:featuredmedia":[{"embeddable":true,"href":"https:\/\/www.legipermis.com\/blog\/wp-json\/wp\/v2\/media\/4941"}],"wp:attachment":[{"href":"https:\/\/www.legipermis.com\/blog\/wp-json\/wp\/v2\/media?parent=4940"}],"wp:term":[{"taxonomy":"category","embeddable":true,"href":"https:\/\/www.legipermis.com\/blog\/wp-json\/wp\/v2\/categories?post=4940"},{"taxonomy":"post_tag","embeddable":true,"href":"https:\/\/www.legipermis.com\/blog\/wp-json\/wp\/v2\/tags?post=4940"}],"curies":[{"name":"wp","href":"https:\/\/api.w.org\/{rel}","templated":true}]}}