{"id":4823,"date":"2016-03-14T17:33:07","date_gmt":"2016-03-14T16:33:07","guid":{"rendered":"https:\/\/www.legipermis.com\/blog\/?p=4823"},"modified":"2023-11-04T19:44:07","modified_gmt":"2023-11-04T18:44:07","slug":"ds-virtual-vision-personnaliser-sa-ds-en-realite-virtuelle","status":"publish","type":"post","link":"https:\/\/www.legipermis.com\/blog\/2016\/03\/14\/ds-virtual-vision-personnaliser-sa-ds-en-realite-virtuelle\/","title":{"rendered":"DS Virtual Vision, personnaliser sa DS en r\u00e9alit\u00e9 virtuelle"},"content":{"rendered":"<div style=\"text-align:right;\"><em style=\"font-size:12.9px;font-weight:bold;\" class=\"last-modified\">Mis \u00e0 jour le 04\/11\/2023.<\/em><\/div><p>La r\u00e9alit\u00e9 virtuelle sera certainement le grand bon technologique des prochaines ann\u00e9es. En partenariat avec Dassault System, le constructeur fran\u00e7ais Citro\u00ebn a con\u00e7u un <strong>configurateur en r\u00e9alit\u00e9 virtuelle&nbsp;pour sa DS 3 avec un casque HTC Vive<\/strong>. Nous avons test\u00e9 l&#8217;exp\u00e9rience pour vous \u00e0 l&#8217;occasion de la premi\u00e8re pr\u00e9sentation mondiale du syst\u00e8me au <strong>salon auto de Gen\u00e8ve<\/strong> (<a href=\"https:\/\/www.gims.swiss\/fr\" target=\"_blank\" rel=\"noopener noreferrer\">Geneva International Motor Show<\/a>).<!--more--><\/p>\n<p><noscript><img decoding=\"async\" class=\"aligncenter wp-image-4825\" src=\"\/blog\/wp-content\/uploads\/2016\/03\/geneve-salon-auto-.jpg\" alt=\"Affiche salon de l'auto \u00e0 Gen\u00e8ve\" width=\"305\" height=\"542\" srcset=\"https:\/\/www.legipermis.com\/blog\/wp-content\/uploads\/2016\/03\/geneve-salon-auto-.jpg 450w, https:\/\/www.legipermis.com\/blog\/wp-content\/uploads\/2016\/03\/geneve-salon-auto--84x150.jpg 84w, https:\/\/www.legipermis.com\/blog\/wp-content\/uploads\/2016\/03\/geneve-salon-auto--169x300.jpg 169w\" sizes=\"(max-width: 305px) 100vw, 305px\"><\/noscript><img decoding=\"async\" class=\"aligncenter wp-image-4825 lazyload\" src=\"data:image\/svg+xml,%3Csvg%20xmlns%3D%22http%3A%2F%2Fwww.w3.org%2F2000%2Fsvg%22%20viewBox%3D%220%200%20305%20542%22%3E%3C%2Fsvg%3E\" alt=\"Affiche salon de l'auto \u00e0 Gen\u00e8ve\" width=\"305\" height=\"542\" srcset=\"data:image\/svg+xml,%3Csvg%20xmlns%3D%22http%3A%2F%2Fwww.w3.org%2F2000%2Fsvg%22%20viewBox%3D%220%200%20305%20542%22%3E%3C%2Fsvg%3E 305w\" sizes=\"(max-width: 305px) 100vw, 305px\" data-srcset=\"https:\/\/www.legipermis.com\/blog\/wp-content\/uploads\/2016\/03\/geneve-salon-auto-.jpg 450w, https:\/\/www.legipermis.com\/blog\/wp-content\/uploads\/2016\/03\/geneve-salon-auto--84x150.jpg 84w, https:\/\/www.legipermis.com\/blog\/wp-content\/uploads\/2016\/03\/geneve-salon-auto--169x300.jpg 169w\" data-src=\"\/blog\/wp-content\/uploads\/2016\/03\/geneve-salon-auto-.jpg\"><\/p>\n<h2>Le HTC Vive<\/h2>\n<p>D\u00e9velopp\u00e9 en partenariat avec&nbsp;HTC et le d\u00e9veloppeur Valve (jeu Half-Life, Steam), le HTC Vive est un casque de r\u00e9alit\u00e9 virtuelle proposant une exp\u00e9rience compl\u00e8te permettant de se d\u00e9placer, de marcher, de se baisser, de tourner la t\u00eate&#8230; L&#8217;exp\u00e9rience se veut ainsi encore plus exhaustive que sur l&#8217;Oculus Rift (achet\u00e9 par Facebook), la r\u00e9solution des 2 \u00e9crans y est sup\u00e9rieure, ainsi que la fr\u00e9quence de rafra\u00eechissement \u00e0 90 images par seconde. Le positionnement du casque et des contr\u00f4leurs est rendu possible par la pr\u00e9sence de deux bornes \u00e0 disposer dans la pi\u00e8ce.<\/p>\n<div id=\"attachment_4831\" style=\"width: 1337px\" class=\"wp-caption aligncenter\"><noscript><img decoding=\"async\" aria-describedby=\"caption-attachment-4831\" class=\"size-full wp-image-4831\" src=\"\/blog\/wp-content\/uploads\/2016\/03\/htc-vive.jpg\" alt=\"HTC Vive\" width=\"1327\" height=\"505\" srcset=\"https:\/\/www.legipermis.com\/blog\/wp-content\/uploads\/2016\/03\/htc-vive.jpg 1327w, https:\/\/www.legipermis.com\/blog\/wp-content\/uploads\/2016\/03\/htc-vive-150x57.jpg 150w, https:\/\/www.legipermis.com\/blog\/wp-content\/uploads\/2016\/03\/htc-vive-300x114.jpg 300w, https:\/\/www.legipermis.com\/blog\/wp-content\/uploads\/2016\/03\/htc-vive-768x292.jpg 768w, https:\/\/www.legipermis.com\/blog\/wp-content\/uploads\/2016\/03\/htc-vive-1024x390.jpg 1024w\" sizes=\"(max-width: 1327px) 100vw, 1327px\"><\/noscript><img decoding=\"async\" aria-describedby=\"caption-attachment-4831\" class=\"size-full wp-image-4831 lazyload\" src=\"data:image\/svg+xml,%3Csvg%20xmlns%3D%22http%3A%2F%2Fwww.w3.org%2F2000%2Fsvg%22%20viewBox%3D%220%200%201327%20505%22%3E%3C%2Fsvg%3E\" alt=\"HTC Vive\" width=\"1327\" height=\"505\" srcset=\"data:image\/svg+xml,%3Csvg%20xmlns%3D%22http%3A%2F%2Fwww.w3.org%2F2000%2Fsvg%22%20viewBox%3D%220%200%201327%20505%22%3E%3C%2Fsvg%3E 1327w\" sizes=\"(max-width: 1327px) 100vw, 1327px\" data-srcset=\"https:\/\/www.legipermis.com\/blog\/wp-content\/uploads\/2016\/03\/htc-vive.jpg 1327w, https:\/\/www.legipermis.com\/blog\/wp-content\/uploads\/2016\/03\/htc-vive-150x57.jpg 150w, https:\/\/www.legipermis.com\/blog\/wp-content\/uploads\/2016\/03\/htc-vive-300x114.jpg 300w, https:\/\/www.legipermis.com\/blog\/wp-content\/uploads\/2016\/03\/htc-vive-768x292.jpg 768w, https:\/\/www.legipermis.com\/blog\/wp-content\/uploads\/2016\/03\/htc-vive-1024x390.jpg 1024w\" data-src=\"\/blog\/wp-content\/uploads\/2016\/03\/htc-vive.jpg\"><p id=\"caption-attachment-4831\" class=\"wp-caption-text\">HTC Vive &#8211; source htcvive.com<\/p><\/div>\n<p>Je me suis donc pr\u00eat\u00e9e \u00e0 l&#8217;exercice du test de la technologie dans un petit recoin du salon de Gen\u00e8ve au Palexpo \u00e0 proximit\u00e9 de l&#8217;a\u00e9roport. Dans un espace bien d\u00e9limit\u00e9 et au design coh\u00e9rent \u00e0 la marque premium DS de Citro\u00ebn, je m&#8217;assois dans un si\u00e8ge auto, une d\u00e9monstratrice m&#8217;explique le principe du contr\u00f4leur, je m&#8217;appr\u00eate \u00e0 changer de monde. Je mets l&#8217;imposant casque, je suis instantan\u00e9ment t\u00e9l\u00e9port\u00e9e dans une DS 3 \u00e0 Paris, sur une place de la concorde au petit matin absolument d\u00e9serte, les oiseaux chantent, mes yeux sont grands ouverts.<\/p>\n<p><strong>L&#8217;exp\u00e9rience est totale<\/strong>. Alors qu&#8217;on me parle \u00e0 l&#8217;oreille dans le casque, mon cerveau a chang\u00e9 de r\u00e9f\u00e9rentiel. Cette technologie est v\u00e9ritablement \u00e0 couper le souffle, il ne manque que le toucher et l&#8217;odeur du cuir (enfin presque). Aucune bande noire \u00e0 l&#8217;horizon, tous les mouvements de ma t\u00eate sont parfaitement retranscrits sans aucune latence, ma perception des distances a chang\u00e9, heureusement un mur virtuel bleu projet\u00e9 dans la r\u00e9alit\u00e9 m&#8217;indique les limites bien physiques de la pi\u00e8ce.<\/p>\n<h2>L&#8217;exp\u00e9rience DS Virtual Vision<\/h2>\n<p>Alors que je me perds dans le vertige de cette technologie, il ne faut pas oublier le pourquoi de tout cela. On est l\u00e0 pour personnaliser<strong>&nbsp;sa DS 3<\/strong>. Choisir la couleur du tableau de bord, des si\u00e8ges, de la carrosserie, des jantes et du toit entre autres. L&#8217;exp\u00e9rience permet de voir un bon aper\u00e7u en mouvement notamment lorsque la voiture d\u00e9marre ! La <strong>technologie Virtual Garage d\u00e9velopp\u00e9e par Dassault System<\/strong>&nbsp;est r\u00e9serv\u00e9e en avant-premi\u00e8re mondiale \u00e0 la marque DS.<\/p>\n<p>Je n&#8217;ai pas pu le v\u00e9rifier, mais je les crois sur parole, le configurateur virtuel&nbsp;DS 3 offre plus de 3 millions de possibilit\u00e9s de combinaisons. Le moment le plus fort ? Lorsque je me baisse pour regarder les jantes ? Mon cerveau y croit malgr\u00e9 moi&#8230;<\/p>\n<p><noscript><img decoding=\"async\" class=\"aligncenter size-full wp-image-4826\" src=\"\/blog\/wp-content\/uploads\/2016\/03\/DS-virtual-vision-test-2.jpg\" alt=\"DS Virtual vision Gen\u00e8ve Test\" width=\"800\" height=\"408\" srcset=\"https:\/\/www.legipermis.com\/blog\/wp-content\/uploads\/2016\/03\/DS-virtual-vision-test-2.jpg 800w, https:\/\/www.legipermis.com\/blog\/wp-content\/uploads\/2016\/03\/DS-virtual-vision-test-2-150x77.jpg 150w, https:\/\/www.legipermis.com\/blog\/wp-content\/uploads\/2016\/03\/DS-virtual-vision-test-2-300x153.jpg 300w, https:\/\/www.legipermis.com\/blog\/wp-content\/uploads\/2016\/03\/DS-virtual-vision-test-2-768x392.jpg 768w\" sizes=\"(max-width: 800px) 100vw, 800px\"><\/noscript><img decoding=\"async\" class=\"aligncenter size-full wp-image-4826 lazyload\" src=\"data:image\/svg+xml,%3Csvg%20xmlns%3D%22http%3A%2F%2Fwww.w3.org%2F2000%2Fsvg%22%20viewBox%3D%220%200%20800%20408%22%3E%3C%2Fsvg%3E\" alt=\"DS Virtual vision Gen\u00e8ve Test\" width=\"800\" height=\"408\" srcset=\"data:image\/svg+xml,%3Csvg%20xmlns%3D%22http%3A%2F%2Fwww.w3.org%2F2000%2Fsvg%22%20viewBox%3D%220%200%20800%20408%22%3E%3C%2Fsvg%3E 800w\" sizes=\"(max-width: 800px) 100vw, 800px\" data-srcset=\"https:\/\/www.legipermis.com\/blog\/wp-content\/uploads\/2016\/03\/DS-virtual-vision-test-2.jpg 800w, https:\/\/www.legipermis.com\/blog\/wp-content\/uploads\/2016\/03\/DS-virtual-vision-test-2-150x77.jpg 150w, https:\/\/www.legipermis.com\/blog\/wp-content\/uploads\/2016\/03\/DS-virtual-vision-test-2-300x153.jpg 300w, https:\/\/www.legipermis.com\/blog\/wp-content\/uploads\/2016\/03\/DS-virtual-vision-test-2-768x392.jpg 768w\" data-src=\"\/blog\/wp-content\/uploads\/2016\/03\/DS-virtual-vision-test-2.jpg\"><\/p>\n<p>Si la technologie est tr\u00e8s impressionnante, il reste n\u00e9anmoins quelques limites inh\u00e9rentes \u00e0 la jeunesse de cette technologie. La r\u00e9solution&nbsp;g\u00e9n\u00e9rale, bien que meilleure que sur l&#8217;Oculus Rift, reste encore perfectible, on voit ainsi quelques effets d&#8217;escalier. De m\u00eame, les textures pourraient encore gagner en r\u00e9solution. Le DS Virtual Vision est un concept, \u00e0 la sortie on nous demande de r\u00e9pondre \u00e0 une questionnaire sur l&#8217;exp\u00e9rience.<\/p>\n<p>Je suis pour ma part convaincue. N\u00e9anmoins, je sais avoir \u00e9t\u00e9 plus impressionn\u00e9e par la technologie que par la praticit\u00e9 de la chose. Cela ne remplacera pas, \u00e0 mon humble avis, l&#8217;exp\u00e9rience de la r\u00e9alit\u00e9 avec le toucher, mais permettra ind\u00e9niablement d&#8217;avoir une repr\u00e9sentation troublante de v\u00e9rit\u00e9 de la future configuration de DS le tout en situation.<\/p>\n<p>Le DS Virtual Vision, apr\u00e8s le salon de l&#8217;auto \u00e0 Gen\u00e8ve, devrait trouver sa place prochainement&nbsp;<strong>\u00e0 Paris dans un DS Store<\/strong> m&#8217;a-t-on souffl\u00e9 \u00e0 l&#8217;oreille. Quant \u00e0 cette technologie HTC Vive, elle fera certainement fureur aupr\u00e8s des architectes, dans l&#8217;immobilier, les agences de voyages et surement dans le secteur du jeu vid\u00e9o.<\/p>\n","protected":false},"excerpt":{"rendered":"<p>La r\u00e9alit\u00e9 virtuelle sera certainement le grand bon technologique des prochaines ann\u00e9es. En partenariat avec Dassault System, le constructeur fran\u00e7ais Citro\u00ebn a con\u00e7u un <strong>configurateur en r\u00e9alit\u00e9 virtuelle\u00a0pour sa DS 3 avec un casque HTC Vive<\/strong>. Nous avons test\u00e9 l&#8217;exp\u00e9rience pour vous \u00e0 l&#8217;occasion de la premi\u00e8re pr\u00e9sentation mondiale du syst\u00e8me au <strong>salon auto de Gen\u00e8ve<\/strong> (Geneva International Motor Show).\u00a0[&#8230;]<\/p>\n","protected":false},"author":2,"featured_media":4827,"comment_status":"open","ping_status":"closed","sticky":false,"template":"","format":"standard","meta":{"footnotes":""},"categories":[2],"tags":[177,178,443,452,451,176],"class_list":["post-4823","post","type-post","status-publish","format-standard","has-post-thumbnail","hentry","category-auto","tag-citroen","tag-ds","tag-geneve","tag-htc-vive","tag-realite-virtuelle","tag-salon-de-lautomobile","post-1","odd"],"aioseo_notices":[],"_links":{"self":[{"href":"https:\/\/www.legipermis.com\/blog\/wp-json\/wp\/v2\/posts\/4823","targetHints":{"allow":["GET"]}}],"collection":[{"href":"https:\/\/www.legipermis.com\/blog\/wp-json\/wp\/v2\/posts"}],"about":[{"href":"https:\/\/www.legipermis.com\/blog\/wp-json\/wp\/v2\/types\/post"}],"author":[{"embeddable":true,"href":"https:\/\/www.legipermis.com\/blog\/wp-json\/wp\/v2\/users\/2"}],"replies":[{"embeddable":true,"href":"https:\/\/www.legipermis.com\/blog\/wp-json\/wp\/v2\/comments?post=4823"}],"version-history":[{"count":1,"href":"https:\/\/www.legipermis.com\/blog\/wp-json\/wp\/v2\/posts\/4823\/revisions"}],"predecessor-version":[{"id":12481,"href":"https:\/\/www.legipermis.com\/blog\/wp-json\/wp\/v2\/posts\/4823\/revisions\/12481"}],"wp:featuredmedia":[{"embeddable":true,"href":"https:\/\/www.legipermis.com\/blog\/wp-json\/wp\/v2\/media\/4827"}],"wp:attachment":[{"href":"https:\/\/www.legipermis.com\/blog\/wp-json\/wp\/v2\/media?parent=4823"}],"wp:term":[{"taxonomy":"category","embeddable":true,"href":"https:\/\/www.legipermis.com\/blog\/wp-json\/wp\/v2\/categories?post=4823"},{"taxonomy":"post_tag","embeddable":true,"href":"https:\/\/www.legipermis.com\/blog\/wp-json\/wp\/v2\/tags?post=4823"}],"curies":[{"name":"wp","href":"https:\/\/api.w.org\/{rel}","templated":true}]}}