{"id":4296,"date":"2015-12-04T11:40:18","date_gmt":"2015-12-04T10:40:18","guid":{"rendered":"https:\/\/www.legipermis.com\/blog\/?p=4296"},"modified":"2021-08-30T08:30:25","modified_gmt":"2021-08-30T06:30:25","slug":"presentation-a-lexamen-du-permis-cest-maintenant-gratuit","status":"publish","type":"post","link":"https:\/\/www.legipermis.com\/blog\/2015\/12\/04\/presentation-a-lexamen-du-permis-cest-maintenant-gratuit\/","title":{"rendered":"Pr\u00e9sentation \u00e0 l&#8217;examen du permis : c&#8217;est maintenant gratuit !"},"content":{"rendered":"<div style=\"text-align:right;\"><em style=\"font-size:12.9px;font-weight:bold;\" class=\"last-modified\">Mis \u00e0 jour le 30\/08\/2021.<\/em><\/div><p>Depuis le 03\/12\/2015, les auto-\u00e9coles ne peuvent plus facturer le candidat pour se <strong>pr\u00e9senter \u00e0 l&#8217;\u00e9preuve th\u00e9orique du code<\/strong> de la route comme \u00e0 <strong>l&#8217;\u00e9preuve pratique de la conduite<\/strong> d&#8217;apr\u00e8s le minist\u00e8re de l&#8217;\u00e9conomie. C&#8217;est d\u00e9sormais <strong>gratuit<\/strong>.<\/p>\n<h2>Loi Macron en vigueur<\/h2>\n<p>D&#8217;apr\u00e8s un communiqu\u00e9 num\u00e9ro 1047, le d\u00e9cret de la <a href=\"https:\/\/www.legifrance.gouv.fr\/loda\/id\/JORFTEXT000031557098\/\" target=\"_blank\" rel=\"noopener noreferrer\">loi du 6 ao\u00fbt 2015 pour la croissance, l&#8217;activit\u00e9 et l&#8217;\u00e9galit\u00e9 des chances \u00e9conomiques<\/a> du ministre de l&#8217;\u00e9conomie, Emmanuel Macron, est aujourd&#8217;hui en vigeur: &#8220;D\u00e9sormais, la pr\u00e9sentation aux \u00e9preuves du permis de conduire ne peut plus donner lieu \u00e0 aucun frais. Il est donc interdit aux \u00e9tablissements d\u2019enseignement de la conduite de facturer toute somme, quelle qu\u2019en soit la d\u00e9nomination, au titre de la pr\u00e9sentation d\u2019un candidat \u00e0 l\u2019une des \u00e9preuves.&#8221;.<\/p>\n<p>Ce d\u00e9cret vient s&#8217;ajouter au texte de la Loi Macron qui permet d\u00e9j\u00e0 de r\u00e9duire le <a href=\"\/blog\/2015\/02\/02\/repasser-le-permis-en-45-jours-maximum-avec-la-loi-macron\/\" target=\"_blank\" rel=\"noopener noreferrer\">d\u00e9lai entre deux examens<\/a> du permis de conduire. En effet, l&#8217;objectif \u00e9tait de r\u00e9duire le temps d&#8217;attente \u00e0 maximum 45 jours contre 98 jours en 2013 gr\u00e2ce notamment \u00e0 la formation d&#8217;agents de la poste, anciens policiers ou militaires pour faire passer l&#8217;examen.<\/p>\n<h2>Les candidats payeront-t-ils moins cher le permis de conduire ?<\/h2>\n<p>La pr\u00e9sentation \u00e0 l&#8217;examen \u00e9tait souvent comprise dans le forfait 20h, pas certain que le forfait change de prix. Cependant, il \u00e9tait fr\u00e9quent de repasser une \u00e9preuve au permis de conduire suite \u00e0 un \u00e9chec. En plus du temps d&#8217;attente entre deux passages, il fallait payer pour l&#8217;apprenti conducteur l&#8217;inscription \u00e0 cet examen.\u00a0Depuis le jeudi 3 D\u00e9cembre 2015, <strong>se pr\u00e9senter \u00e0 l&#8217;examen sera gratuit<\/strong>. Le co\u00fbt de la formation pour obtenir son permis pourrait \u00eatre\u00a0donc moins cher.<\/p>\n<h2>Frais suppl\u00e9mentaires factur\u00e9s par l&#8217;auto-\u00e9cole<\/h2>\n<p>Attention toutefois, les auto-\u00e9coles pourront facturer le co\u00fbt d&#8217;accompagnement du candidat \u00e0 l&#8217;examen pratique et th\u00e9orique. L&#8217;accompagnateur mobilis\u00e9 ainsi que le v\u00e9hicule pour vous conduire sur le lieu d&#8217;examen ont un co\u00fbt qui ne pourront d\u00e9passer le prix de l&#8217;heure suppl\u00e9mentaire.<\/p>\n<p>A vous de voir si vous pouvez vous rendre directement par vos\u00a0propres moyens \u00e0 votre session d&#8217;examen sans oublier de bien rep\u00e9rer les lieux pour \u00e9viter un\u00a0stress suppl\u00e9mentaire le jour J.<\/p>\n","protected":false},"excerpt":{"rendered":"<p>Depuis le 03\/12\/2015, les auto-\u00e9coles ne peuvent plus facturer le candidat pour se <strong>pr\u00e9senter \u00e0 l&#8217;\u00e9preuve th\u00e9orique du code<\/strong> de la route comme \u00e0 <strong>l&#8217;\u00e9preuve pratique de la conduite<\/strong> d&#8217;apr\u00e8s le minist\u00e8re de l&#8217;\u00e9conomie. C&#8217;est d\u00e9sormais <strong>gratuit<\/strong>.<br \/>\nLoi Macron en vigueur<br \/>\nD&#8217;apr\u00e8s un communiqu\u00e9 num\u00e9ro 1047, le d\u00e9cret de la loi du 6 ao\u00fbt 2015 pour la croissance, l&#8217;activit\u00e9 et l&#8217;\u00e9galit\u00e9 des chances \u00e9conomiques du ministre de l&#8217;\u00e9conomie, Emmanuel Macron, est aujourd&#8217;hui en vigeur: &#8220;D\u00e9sormais, la pr\u00e9sentation aux \u00e9preuves du permis de conduire ne peut plus donner lieu \u00e0 aucun frais. Il est donc interdit aux \u00e9tablissements d\u2019enseignement de la conduite de\u00a0[&#8230;]<\/p>\n","protected":false},"author":2,"featured_media":4312,"comment_status":"open","ping_status":"closed","sticky":false,"template":"","format":"standard","meta":{"footnotes":""},"categories":[170],"tags":[76,186,274,215],"class_list":["post-4296","post","type-post","status-publish","format-standard","has-post-thumbnail","hentry","category-autoecole","tag-auto-ecole","tag-loi","tag-loi-macron","tag-prix","post-1","odd"],"aioseo_notices":[],"_links":{"self":[{"href":"https:\/\/www.legipermis.com\/blog\/wp-json\/wp\/v2\/posts\/4296","targetHints":{"allow":["GET"]}}],"collection":[{"href":"https:\/\/www.legipermis.com\/blog\/wp-json\/wp\/v2\/posts"}],"about":[{"href":"https:\/\/www.legipermis.com\/blog\/wp-json\/wp\/v2\/types\/post"}],"author":[{"embeddable":true,"href":"https:\/\/www.legipermis.com\/blog\/wp-json\/wp\/v2\/users\/2"}],"replies":[{"embeddable":true,"href":"https:\/\/www.legipermis.com\/blog\/wp-json\/wp\/v2\/comments?post=4296"}],"version-history":[{"count":0,"href":"https:\/\/www.legipermis.com\/blog\/wp-json\/wp\/v2\/posts\/4296\/revisions"}],"wp:featuredmedia":[{"embeddable":true,"href":"https:\/\/www.legipermis.com\/blog\/wp-json\/wp\/v2\/media\/4312"}],"wp:attachment":[{"href":"https:\/\/www.legipermis.com\/blog\/wp-json\/wp\/v2\/media?parent=4296"}],"wp:term":[{"taxonomy":"category","embeddable":true,"href":"https:\/\/www.legipermis.com\/blog\/wp-json\/wp\/v2\/categories?post=4296"},{"taxonomy":"post_tag","embeddable":true,"href":"https:\/\/www.legipermis.com\/blog\/wp-json\/wp\/v2\/tags?post=4296"}],"curies":[{"name":"wp","href":"https:\/\/api.w.org\/{rel}","templated":true}]}}