{"id":3813,"date":"2015-08-27T09:34:49","date_gmt":"2015-08-27T07:34:49","guid":{"rendered":"https:\/\/www.legipermis.com\/blog\/?p=3813"},"modified":"2021-08-30T16:43:25","modified_gmt":"2021-08-30T14:43:25","slug":"les-ethylotests-obligatoires-dans-les-cars","status":"publish","type":"post","link":"https:\/\/www.legipermis.com\/blog\/2015\/08\/27\/les-ethylotests-obligatoires-dans-les-cars\/","title":{"rendered":"Les \u00e9thylotests obligatoires dans les cars au 01\/09\/2015"},"content":{"rendered":"<div style=\"text-align:right;\"><em style=\"font-size:12.9px;font-weight:bold;\" class=\"last-modified\">Mis \u00e0 jour le 30\/08\/2021.<\/em><\/div><p><em>A partir du 1er septembre 2015, tous les autocars devront \u00eatre \u00e9quip\u00e9s d&#8217;\u00e9thylotests antid\u00e9marrage (EAD). Alors que l&#8217;alcool est \u00e0 l&#8217;origine de pr\u00e8s de 30M des accidents mortels sur la route, cette mesure \u00e9tait r\u00e9clam\u00e9 par les associations depuis des ann\u00e9es.<\/em><!--more--><\/p>\n<h2>0,1 mg\/L d&#8217;air expir\u00e9<\/h2>\n<p>D\u00e9sormais, le chauffeur devra souffler pour pouvoir d\u00e9marrer son autocar. Et si le taux d\u00e9tect\u00e9 est sup\u00e9rieur \u00e0 <strong>0,1mg\/L d&#8217;air expir\u00e9<\/strong>, le car ne bougera pas. Nous avions d\u00e9j\u00e0 vu que <a href=\"\/blog\/2015\/07\/16\/auto-depistage-dalcoolemie-la-solution\/\" target=\"_blank\" rel=\"noopener noreferrer\">l&#8217;auto-test en mati\u00e8re d&#8217;alcool\u00e9mie au volant<\/a> \u00e9tait potentiellement une solution. Ce dispositif devra \u00eatre mis en place \u00e0 partir de mardi 01\/09\/2015 quel que soit l&#8217;\u00e2ge du car qu&#8217;il soit neuf ou en circulation depuis de nombreuses ann\u00e9es.<\/p>\n<h2>La voiture n&#8217;est pas \u00e0 l&#8217;ordre du jour<\/h2>\n<p>Il est \u00e0 noter que seuls les autocars fran\u00e7ais sont concern\u00e9s. Les bus en ville, les autocars \u00e9trangers, les camions, les 2 roues et les voitures ne sont en aucun cas \u00e0 l&#8217;ordre du jour vis-\u00e0-vis de cette mesure. Rappelons que faute de d\u00e9cret d&#8217;application, <a href=\"https:\/\/www.legifrance.gouv.fr\/codes\/article_lc\/LEGIARTI000006841067\/2021-08-30\/\" target=\"_blank\" rel=\"noopener noreferrer\">l&#8217;article L234-14<\/a> du code de la route qui stipule que <q>tout conducteur d&#8217;un v\u00e9hicule automobile devra justifier de la possession d&#8217;un \u00e9thylotest<\/q> ne peut \u00eatre r\u00e9ellement appliqu\u00e9e par les forces de l&#8217;ordre. Nous devrions poss\u00e9der un <a href=\"\/blog\/2016\/03\/25\/ethylotest-obligatoire-ou-pas\/\">\u00e9thylotest obligatoire<\/a> chimique dans notre v\u00e9hicule, mais cette infraction n&#8217;est pas sanctionn\u00e9e.<\/p>\n<p>Le conseil interminist\u00e9riel de de s\u00e9curit\u00e9 routi\u00e8re qui se tiendra bient\u00f4t devrait mettre \u00e0 l&#8217;ordre du jour ces questions l\u00e0.<\/p>\n<p>Source de l&#8217;image :\u00a0Glen Wallace, photo modifi\u00e9e.<\/p>\n","protected":false},"excerpt":{"rendered":"<p><em>A partir du 1er septembre 2015, tous les autocars devront \u00eatre \u00e9quip\u00e9s d&#8217;\u00e9thylotests antid\u00e9marrage (EAD). Alors que l&#8217;alcool est \u00e0 l&#8217;origine de pr\u00e8s de 30M des accidents mortels sur la route, cette mesure \u00e9tait r\u00e9clam\u00e9 par les associations depuis des ann\u00e9es.<\/em>\u00a0[&#8230;]<\/p>\n","protected":false},"author":2,"featured_media":3814,"comment_status":"open","ping_status":"closed","sticky":false,"template":"","format":"standard","meta":{"footnotes":""},"categories":[3],"tags":[80,207,401,400,251,204],"class_list":["post-3813","post","type-post","status-publish","format-standard","has-post-thumbnail","hentry","category-securite-routiere","tag-alcool","tag-alcoolemie","tag-autocar","tag-car","tag-ethylometre","tag-ethylotest","post-1","odd"],"aioseo_notices":[],"_links":{"self":[{"href":"https:\/\/www.legipermis.com\/blog\/wp-json\/wp\/v2\/posts\/3813","targetHints":{"allow":["GET"]}}],"collection":[{"href":"https:\/\/www.legipermis.com\/blog\/wp-json\/wp\/v2\/posts"}],"about":[{"href":"https:\/\/www.legipermis.com\/blog\/wp-json\/wp\/v2\/types\/post"}],"author":[{"embeddable":true,"href":"https:\/\/www.legipermis.com\/blog\/wp-json\/wp\/v2\/users\/2"}],"replies":[{"embeddable":true,"href":"https:\/\/www.legipermis.com\/blog\/wp-json\/wp\/v2\/comments?post=3813"}],"version-history":[{"count":0,"href":"https:\/\/www.legipermis.com\/blog\/wp-json\/wp\/v2\/posts\/3813\/revisions"}],"wp:featuredmedia":[{"embeddable":true,"href":"https:\/\/www.legipermis.com\/blog\/wp-json\/wp\/v2\/media\/3814"}],"wp:attachment":[{"href":"https:\/\/www.legipermis.com\/blog\/wp-json\/wp\/v2\/media?parent=3813"}],"wp:term":[{"taxonomy":"category","embeddable":true,"href":"https:\/\/www.legipermis.com\/blog\/wp-json\/wp\/v2\/categories?post=3813"},{"taxonomy":"post_tag","embeddable":true,"href":"https:\/\/www.legipermis.com\/blog\/wp-json\/wp\/v2\/tags?post=3813"}],"curies":[{"name":"wp","href":"https:\/\/api.w.org\/{rel}","templated":true}]}}