{"id":3418,"date":"2015-06-29T08:50:05","date_gmt":"2015-06-29T06:50:05","guid":{"rendered":"https:\/\/www.legipermis.com\/blog\/?p=3418"},"modified":"2021-08-20T11:00:37","modified_gmt":"2021-08-20T09:00:37","slug":"les-3-mesures-de-securite-routiere-pour-les-jeunes-en-2015","status":"publish","type":"post","link":"https:\/\/www.legipermis.com\/blog\/2015\/06\/29\/les-3-mesures-de-securite-routiere-pour-les-jeunes-en-2015\/","title":{"rendered":"3 mesures de s\u00e9curit\u00e9 routi\u00e8re pour les jeunes en 2015"},"content":{"rendered":"<div style=\"text-align:right;\"><em style=\"font-size:12.9px;font-weight:bold;\" class=\"last-modified\">Mis \u00e0 jour le 20\/08\/2021.<\/em><\/div><p>Pour faire suite au bilan n\u00e9gatif de 2014 en mati\u00e8re de s\u00e9curit\u00e9 routi\u00e8re avec la premi\u00e8re fois en 13 ans une augmentation de la mortalit\u00e9 globale, le gouvernement fran\u00e7ais a annonc\u00e9 <strong>une s\u00e9rie de mesures \u00e0 destination des jeunes<\/strong> notamment. L&#8217;objectif est clairement \u00e9tabli et chiffr\u00e9 par le ministre de l&#8217;int\u00e9rieur Bernard Cazeneuve, passer sous la barre des 2000 morts par an \u00e0 l&#8217;horizon 2020. &nbsp;D\u00e9cryptage.<\/p>\n<h2>Lutter contre l&#8217;usage du t\u00e9l\u00e9phone au volant<\/h2>\n<p>On estime en moyenne que t\u00e9l\u00e9phoner au volant triplerait le risque d&#8217;accident, alors qu&#8217;envoyer un SMS le multiplierait par 23. On estime qu&#8217;un accident corporel sur 10 serait li\u00e9 \u00e0 l&#8217;usage du t\u00e9l\u00e9phone. La premi\u00e8re des mesures vise \u00e0 freiner l&#8217;usage tr\u00e8s r\u00e9pandu aujourd&#8217;hui du smartphone. D&#8217;apr\u00e8s un r\u00e9cent sondage, 38% des fran\u00e7ais disent t\u00e9l\u00e9phoner au volant et 23% envoyer des SMS et ce n&#8217;est qu&#8217;une enqu\u00eate, les chiffres pourraient \u00eatre largement sous-estim\u00e9s.<\/p>\n<p><noscript><img decoding=\"async\" class=\" size-full wp-image-3378 aligncenter\" src=\"\/blog\/wp-content\/uploads\/2015\/06\/interdiction-ecouteurs-oreillettes-1er-juillet1.jpg\" alt=\"interdiction oreillettes 1er juillet 2015\" width=\"600\" height=\"300\" srcset=\"https:\/\/www.legipermis.com\/blog\/wp-content\/uploads\/2015\/06\/interdiction-ecouteurs-oreillettes-1er-juillet1.jpg 600w, https:\/\/www.legipermis.com\/blog\/wp-content\/uploads\/2015\/06\/interdiction-ecouteurs-oreillettes-1er-juillet1-150x75.jpg 150w, https:\/\/www.legipermis.com\/blog\/wp-content\/uploads\/2015\/06\/interdiction-ecouteurs-oreillettes-1er-juillet1-300x150.jpg 300w\" sizes=\"(max-width: 600px) 100vw, 600px\"><\/noscript><img decoding=\"async\" class=\" size-full wp-image-3378 aligncenter lazyload\" src=\"data:image\/svg+xml,%3Csvg%20xmlns%3D%22http%3A%2F%2Fwww.w3.org%2F2000%2Fsvg%22%20viewBox%3D%220%200%20600%20300%22%3E%3C%2Fsvg%3E\" alt=\"interdiction oreillettes 1er juillet 2015\" width=\"600\" height=\"300\" srcset=\"data:image\/svg+xml,%3Csvg%20xmlns%3D%22http%3A%2F%2Fwww.w3.org%2F2000%2Fsvg%22%20viewBox%3D%220%200%20600%20300%22%3E%3C%2Fsvg%3E 600w\" sizes=\"(max-width: 600px) 100vw, 600px\" data-srcset=\"https:\/\/www.legipermis.com\/blog\/wp-content\/uploads\/2015\/06\/interdiction-ecouteurs-oreillettes-1er-juillet1.jpg 600w, https:\/\/www.legipermis.com\/blog\/wp-content\/uploads\/2015\/06\/interdiction-ecouteurs-oreillettes-1er-juillet1-150x75.jpg 150w, https:\/\/www.legipermis.com\/blog\/wp-content\/uploads\/2015\/06\/interdiction-ecouteurs-oreillettes-1er-juillet1-300x150.jpg 300w\" data-src=\"\/blog\/wp-content\/uploads\/2015\/06\/interdiction-ecouteurs-oreillettes-1er-juillet1.jpg\"><\/p>\n<p>Ainsi <strong>\u00e0 partir du 1er juillet, les \u00e9couteurs, oreillettes et autres casques seront interdits<\/strong> aussi bien en voiture qu&#8217;en 2 roues. Les v\u00e9los sont aussi concern\u00e9s puisque les forces de l&#8217;ordre pourront dresser un proc\u00e8s verbal avec amende aux cyclistes en train d&#8217; \u00e9couter leur musique. A la diff\u00e9rence de leurs homologues motoris\u00e9s, aucune perte de points n&#8217;est pr\u00e9vue. En revanche il sera autoris\u00e9 de diffuser une conversation sur les enceintes de la voiture ou encore sur les hauts parleurs du t\u00e9l\u00e9phone en mode main libre.<\/p>\n<p>Les sanctions pr\u00e9vues pour les automobilistes et les motards sont les m\u00eames que pour l&#8217;usage d&#8217;un <a href=\"\/infractions\/telephone-au-volant.html\" target=\"_blank\" rel=\"noopener noreferrer\">t\u00e9l\u00e9phone tenu en main<\/a>, \u00e0 savoir la perte de 3 points sur <a href=\"\/legislation\/\" target=\"_blank\" rel=\"noopener noreferrer\">le permis<\/a> et 135\u20ac d&#8217;amende.<\/p>\n<h2>Rapprocher l&#8217;auto-\u00e9cole des conducteurs novices<\/h2>\n<p>Afin de rapprocher le permis des jeunes et d&#8217;\u00e9viter des pratiques inconscientes comme le fait de conduire sans permis et sans assurance, le gouvernement veut rendre le passage de l&#8217;examen plus accessible en raccourcissant les d\u00e9lais et en r\u00e9duisant sensiblement les prix.<\/p>\n<p>La premi\u00e8re mesure permettant de tendre vers cet objectif est de supprimer et d&#8217;interdire les frais de transfert pour passer d&#8217;une auto-\u00e9cole \u00e0 une autre. Un <a href=\"https:\/\/www.legifrance.gouv.fr\/jorf\/id\/JORFTEXT000030645188?r=xq4BTYBcEJ\" target=\"_blank\" rel=\"noopener\">d\u00e9cret du 27 mai<\/a> pr\u00e9cise le champs d&#8217;application de cette mesure qui devrait faire baisser sensiblement la facture.<\/p>\n<p>L&#8217;autre pan de ces annonces concerne la formation \u00e0 proprement parler. Une fois l&#8217;\u00e9preuve pratique pass\u00e9e, le conducteur ne revient jamais \u00e0 l&#8217;auto-\u00e9cole \u00e0 l&#8217;exception parfois d&#8217;une participation \u00e0 un <a href=\"\/stage-recuperation-points\/\">stage de r\u00e9cup\u00e9ration de points<\/a> \u00e0 la suite d&#8217;une s\u00e9rie d&#8217;infractions afin d&#8217;\u00e9viter de se retrouver sans point et devoir repasser le permis. N\u00e9anmoins, ces stages sont des <a href=\"\/stages-points\/stage-sensibilisation-securite-routiere.html\" target=\"_blank\" rel=\"noopener noreferrer\">stages de sensibilisation \u00e0 la s\u00e9curit\u00e9 routi\u00e8re<\/a> r\u00e9parties sur deux jours,&nbsp; il n&#8217;y a pas de contr\u00f4les et seul le dialogue de groupe est privil\u00e9gi\u00e9, aucun rappel de code n&#8217;est fait.<\/p>\n<p>Le permis en poche, le novice de la route oubliera progressivement les bons r\u00e9flexes appris avec le moniteur avec le r\u00e9sultat que l&#8217;on sait. A titre d&#8217;exemple, pr\u00e8s de 50% des fran\u00e7ais avouent ne pas utiliser syst\u00e9matiquement le clignotant. &nbsp;Le conseil national de la s\u00e9curit\u00e9 routi\u00e8re (CNSR) estime que 24% des tu\u00e9s sur la route sont des conducteurs novices et qu&#8217;ils ont en moyenne 4 fois plus de risque en prenant la route que les autres.<\/p>\n<p>Une r\u00e9flexion est donc men\u00e9e par la s\u00e9curit\u00e9 routi\u00e8re et les principaux responsables des auto-\u00e9coles sur la pertinence <strong>de 12h de formation suppl\u00e9mentaires<\/strong> qui seraient r\u00e9parties avant et apr\u00e8s le passage de l&#8217;examen pratique. Des rendez-vous seraient \u00e0 pr\u00e9voir 6 mois et un an apr\u00e8s l&#8217;obtention du pr\u00e9cieux s\u00e9same. La question des co\u00fbt serait ici un frein \u00e0 l&#8217;adoption de cette mesure, n\u00e9anmoins il est pr\u00e9vu de mener des s\u00e9ances collectives dans une logique de rationalisation et d&#8217;\u00e9viter ainsi de peser sur le prix du permis d\u00e9j\u00e0 tr\u00e8s cher.<\/p>\n<h2>Alcool\u00e9mie limite r\u00e9duite pour les jeunes conducteurs<\/h2>\n<p>L&#8217;alcool repr\u00e9sente la premi\u00e8re cause de mortalit\u00e9 sur la route chez les jeunes entre 18 et 24 ans.&nbsp; Pour lutter contre ce fl\u00e9au, le minist\u00e8re de l&#8217;int\u00e9rieur a annonc\u00e9 que <strong>la limite d&#8217;alcool\u00e9mie pour les jeunes conducteurs serait abaiss\u00e9e \u00e0 0,2g\/L<\/strong> \u00e0 partir du 01\/07\/2015 de sang contre 0,5g\/L en temps normal. Cela correspond en pratique \u00e0 moins d&#8217;un verre d&#8217;alcool pour la grande majorit\u00e9 des corpulences.<\/p>\n<p><noscript><img decoding=\"async\" class=\" size-full wp-image-3380 aligncenter\" src=\"\/blog\/wp-content\/uploads\/2015\/06\/zero-verre-jeunes-conducteurs.jpg\" alt=\"z\u00e9ro verre d'alcool pour les jeunes conducteurs en permis probatoire\" width=\"1024\" height=\"512\" srcset=\"https:\/\/www.legipermis.com\/blog\/wp-content\/uploads\/2015\/06\/zero-verre-jeunes-conducteurs.jpg 1024w, https:\/\/www.legipermis.com\/blog\/wp-content\/uploads\/2015\/06\/zero-verre-jeunes-conducteurs-150x75.jpg 150w, https:\/\/www.legipermis.com\/blog\/wp-content\/uploads\/2015\/06\/zero-verre-jeunes-conducteurs-300x150.jpg 300w\" sizes=\"(max-width: 1024px) 100vw, 1024px\"><\/noscript><img decoding=\"async\" class=\" size-full wp-image-3380 aligncenter lazyload\" src=\"data:image\/svg+xml,%3Csvg%20xmlns%3D%22http%3A%2F%2Fwww.w3.org%2F2000%2Fsvg%22%20viewBox%3D%220%200%201024%20512%22%3E%3C%2Fsvg%3E\" alt=\"z\u00e9ro verre d'alcool pour les jeunes conducteurs en permis probatoire\" width=\"1024\" height=\"512\" srcset=\"data:image\/svg+xml,%3Csvg%20xmlns%3D%22http%3A%2F%2Fwww.w3.org%2F2000%2Fsvg%22%20viewBox%3D%220%200%201024%20512%22%3E%3C%2Fsvg%3E 1024w\" sizes=\"(max-width: 1024px) 100vw, 1024px\" data-srcset=\"https:\/\/www.legipermis.com\/blog\/wp-content\/uploads\/2015\/06\/zero-verre-jeunes-conducteurs.jpg 1024w, https:\/\/www.legipermis.com\/blog\/wp-content\/uploads\/2015\/06\/zero-verre-jeunes-conducteurs-150x75.jpg 150w, https:\/\/www.legipermis.com\/blog\/wp-content\/uploads\/2015\/06\/zero-verre-jeunes-conducteurs-300x150.jpg 300w\" data-src=\"\/blog\/wp-content\/uploads\/2015\/06\/zero-verre-jeunes-conducteurs.jpg\"><\/p>\n<p>Il faudra donc retenir qu&#8217;en pratique, il vaut mieux ne pas boire une goutte d&#8217;alcool avant de prendre la route lorsqu&#8217;on est jeune conducteur. Ce conseil est d&#8217;une mani\u00e8re g\u00e9n\u00e9rale \u00e0 appliquer pour tous les usagers de la route. Rappelons que <a href=\"\/infractions\/alcool-permis-conduire.html\" target=\"_blank\" rel=\"noopener noreferrer\">conduire en \u00e9tat d&#8217;ivresse<\/a> est susceptible d&#8217;entra\u00eener une amende de 135\u20ac et une perte de 6 points, ce qui reviendra dans les faits \u00e0 une invalidation pour un permis avec un capital de 6 points dans sa premi\u00e8re ann\u00e9e de probation.<\/p>\n<p>Voici une infographie que nous avons r\u00e9alis\u00e9 afin d&#8217;illustrer toutes ces r\u00e9formes qui commenceront \u00e0 entrer en vigueur le 1er juillet de cette ann\u00e9e.<\/p>\n<p><noscript><img decoding=\"async\" class=\" size-full wp-image-3454 aligncenter\" src=\"\/blog\/wp-content\/uploads\/2015\/06\/3-mesures-securite-routiere-2015-pour-les-jeunes-conducteurs.jpg\" alt=\"infographie mesures s\u00e9curit\u00e9 routi\u00e8re pour les jeunes en 2015\" width=\"1200\" height=\"2196\" srcset=\"https:\/\/www.legipermis.com\/blog\/wp-content\/uploads\/2015\/06\/3-mesures-securite-routiere-2015-pour-les-jeunes-conducteurs.jpg 1200w, https:\/\/www.legipermis.com\/blog\/wp-content\/uploads\/2015\/06\/3-mesures-securite-routiere-2015-pour-les-jeunes-conducteurs-82x150.jpg 82w, https:\/\/www.legipermis.com\/blog\/wp-content\/uploads\/2015\/06\/3-mesures-securite-routiere-2015-pour-les-jeunes-conducteurs-164x300.jpg 164w, https:\/\/www.legipermis.com\/blog\/wp-content\/uploads\/2015\/06\/3-mesures-securite-routiere-2015-pour-les-jeunes-conducteurs-560x1024.jpg 560w\" sizes=\"(max-width: 1200px) 100vw, 1200px\"><\/noscript><img decoding=\"async\" class=\" size-full wp-image-3454 aligncenter lazyload\" src=\"data:image\/svg+xml,%3Csvg%20xmlns%3D%22http%3A%2F%2Fwww.w3.org%2F2000%2Fsvg%22%20viewBox%3D%220%200%201200%202196%22%3E%3C%2Fsvg%3E\" alt=\"infographie mesures s\u00e9curit\u00e9 routi\u00e8re pour les jeunes en 2015\" width=\"1200\" height=\"2196\" srcset=\"data:image\/svg+xml,%3Csvg%20xmlns%3D%22http%3A%2F%2Fwww.w3.org%2F2000%2Fsvg%22%20viewBox%3D%220%200%201200%202196%22%3E%3C%2Fsvg%3E 1200w\" sizes=\"(max-width: 1200px) 100vw, 1200px\" data-srcset=\"https:\/\/www.legipermis.com\/blog\/wp-content\/uploads\/2015\/06\/3-mesures-securite-routiere-2015-pour-les-jeunes-conducteurs.jpg 1200w, https:\/\/www.legipermis.com\/blog\/wp-content\/uploads\/2015\/06\/3-mesures-securite-routiere-2015-pour-les-jeunes-conducteurs-82x150.jpg 82w, https:\/\/www.legipermis.com\/blog\/wp-content\/uploads\/2015\/06\/3-mesures-securite-routiere-2015-pour-les-jeunes-conducteurs-164x300.jpg 164w, https:\/\/www.legipermis.com\/blog\/wp-content\/uploads\/2015\/06\/3-mesures-securite-routiere-2015-pour-les-jeunes-conducteurs-560x1024.jpg 560w\" data-src=\"\/blog\/wp-content\/uploads\/2015\/06\/3-mesures-securite-routiere-2015-pour-les-jeunes-conducteurs.jpg\"><\/p>\n","protected":false},"excerpt":{"rendered":"<p>Pour faire suite au bilan n\u00e9gatif de 2014 en mati\u00e8re de s\u00e9curit\u00e9 routi\u00e8re avec la premi\u00e8re fois en 13 ans une augmentation de la mortalit\u00e9 globale, le gouvernement fran\u00e7ais a annonc\u00e9 <strong>une s\u00e9rie de mesures \u00e0 destination des jeunes<\/strong> notamment. L&#8217;objectif est clairement \u00e9tabli et chiffr\u00e9 par le ministre de l&#8217;int\u00e9rieur Bernard Cazeneuve, passer sous la barre des 2000 morts par an \u00e0 l&#8217;horizon 2020. \u00a0D\u00e9cryptage.<br \/>\nLutter contre l&#8217;usage du t\u00e9l\u00e9phone au volant<br \/>\nOn estime en moyenne que t\u00e9l\u00e9phoner au volant triplerait le risque d&#8217;accident, alors qu&#8217;envoyer un SMS le multiplierait par 23. On estime qu&#8217;un accident corporel sur 10 serait li\u00e9\u00a0[&#8230;]<\/p>\n","protected":false},"author":3,"featured_media":3422,"comment_status":"open","ping_status":"closed","sticky":false,"template":"","format":"standard","meta":{"footnotes":""},"categories":[3],"tags":[372,80,207,145,21,270],"class_list":["post-3418","post","type-post","status-publish","format-standard","has-post-thumbnail","hentry","category-securite-routiere","tag-1er-juillet-2015","tag-alcool","tag-alcoolemie","tag-jeunes","tag-reforme","tag-telephone","post-1","odd"],"aioseo_notices":[],"_links":{"self":[{"href":"https:\/\/www.legipermis.com\/blog\/wp-json\/wp\/v2\/posts\/3418","targetHints":{"allow":["GET"]}}],"collection":[{"href":"https:\/\/www.legipermis.com\/blog\/wp-json\/wp\/v2\/posts"}],"about":[{"href":"https:\/\/www.legipermis.com\/blog\/wp-json\/wp\/v2\/types\/post"}],"author":[{"embeddable":true,"href":"https:\/\/www.legipermis.com\/blog\/wp-json\/wp\/v2\/users\/3"}],"replies":[{"embeddable":true,"href":"https:\/\/www.legipermis.com\/blog\/wp-json\/wp\/v2\/comments?post=3418"}],"version-history":[{"count":0,"href":"https:\/\/www.legipermis.com\/blog\/wp-json\/wp\/v2\/posts\/3418\/revisions"}],"wp:featuredmedia":[{"embeddable":true,"href":"https:\/\/www.legipermis.com\/blog\/wp-json\/wp\/v2\/media\/3422"}],"wp:attachment":[{"href":"https:\/\/www.legipermis.com\/blog\/wp-json\/wp\/v2\/media?parent=3418"}],"wp:term":[{"taxonomy":"category","embeddable":true,"href":"https:\/\/www.legipermis.com\/blog\/wp-json\/wp\/v2\/categories?post=3418"},{"taxonomy":"post_tag","embeddable":true,"href":"https:\/\/www.legipermis.com\/blog\/wp-json\/wp\/v2\/tags?post=3418"}],"curies":[{"name":"wp","href":"https:\/\/api.w.org\/{rel}","templated":true}]}}