{"id":3377,"date":"2015-06-23T09:50:26","date_gmt":"2015-06-23T07:50:26","guid":{"rendered":"https:\/\/www.legipermis.com\/blog\/?p=3377"},"modified":"2016-04-01T17:13:48","modified_gmt":"2016-04-01T15:13:48","slug":"1er-juillet-2015-recapitulatif-des-reformes","status":"publish","type":"post","link":"https:\/\/www.legipermis.com\/blog\/2015\/06\/23\/1er-juillet-2015-recapitulatif-des-reformes\/","title":{"rendered":"1er juillet 2015 : les changements sur la route"},"content":{"rendered":"<div style=\"text-align:right;\"><em style=\"font-size:12.9px;font-weight:bold;\" class=\"last-modified\">Mis \u00e0 jour le 01\/04\/2016.<\/em><\/div><p>Vous le savez certainement, le <strong>1er juillet 2015<\/strong> il faudra se pr\u00e9parer \u00e0 une petite r\u00e9volution, c&#8217;est \u00e0 cette date que la majorit\u00e9 des <strong>nouvelles mesures en mati\u00e8re de s\u00e9curit\u00e9 routi\u00e8re<\/strong> prendront effet. Apr\u00e8s un bilan 2014 bien terne et un d\u00e9but d&#8217;ann\u00e9e 2015 qui confirme l&#8217;augmentation du nombre de morts sur la route, l&#8217;heure est \u00e0 la mobilisation \u00e0 destination des jeunes principalement. Alors en ce <strong>01\/07\/2015<\/strong>, quels sont les changements pour le code de la route ? Petit rappel.<\/p>\n<h2>Fini les oreillettes et les \u00e9couteurs<\/h2>\n<p>Le t\u00e9l\u00e9phone et plus particuli\u00e8rement le smartphone avec ses textos, ses applications, ses selfies, le nouvel ennemi de la s\u00e9curit\u00e9 routi\u00e8re fran\u00e7aise. Exit donc <strong>les \u00e9couteurs, les casques et les oreillettes qui seront interdits au volant ou au guidon<\/strong>. Ce qui est retenu c&#8217;est d&#8217;avoir un dispositif d&#8217;\u00e9coute&nbsp;dans les oreilles. Automobilistes et motards devront s&#8217;adapter. Interdiction par exemple pour ces derniers de glisser le t\u00e9l\u00e9phone sous le casque.<\/p>\n<p>La sanction pr\u00e9vue pour cette infraction est la m\u00eame que pour le <a href=\"\/infractions\/telephone-au-volant.html\" target=\"_blank\">t\u00e9l\u00e9phone tenu en main<\/a>&nbsp;\u00e0 savoir une amende de 135\u20ac et une perte de 3 points sur <a href=\"\/legislation\/\" target=\"_blank\">le permis<\/a>.<\/p>\n<p><noscript><img decoding=\"async\" class=\" size-full wp-image-3378 aligncenter\" src=\"\/blog\/wp-content\/uploads\/2015\/06\/interdiction-ecouteurs-oreillettes-1er-juillet1.jpg\" alt=\"interdiction oreillettes 1er juillet 2015\" width=\"600\" height=\"300\" srcset=\"https:\/\/www.legipermis.com\/blog\/wp-content\/uploads\/2015\/06\/interdiction-ecouteurs-oreillettes-1er-juillet1.jpg 600w, https:\/\/www.legipermis.com\/blog\/wp-content\/uploads\/2015\/06\/interdiction-ecouteurs-oreillettes-1er-juillet1-150x75.jpg 150w, https:\/\/www.legipermis.com\/blog\/wp-content\/uploads\/2015\/06\/interdiction-ecouteurs-oreillettes-1er-juillet1-300x150.jpg 300w\" sizes=\"(max-width: 600px) 100vw, 600px\"><\/noscript><img decoding=\"async\" class=\" size-full wp-image-3378 aligncenter lazyload\" src=\"data:image\/svg+xml,%3Csvg%20xmlns%3D%22http%3A%2F%2Fwww.w3.org%2F2000%2Fsvg%22%20viewBox%3D%220%200%20600%20300%22%3E%3C%2Fsvg%3E\" alt=\"interdiction oreillettes 1er juillet 2015\" width=\"600\" height=\"300\" srcset=\"data:image\/svg+xml,%3Csvg%20xmlns%3D%22http%3A%2F%2Fwww.w3.org%2F2000%2Fsvg%22%20viewBox%3D%220%200%20600%20300%22%3E%3C%2Fsvg%3E 600w\" sizes=\"(max-width: 600px) 100vw, 600px\" data-srcset=\"https:\/\/www.legipermis.com\/blog\/wp-content\/uploads\/2015\/06\/interdiction-ecouteurs-oreillettes-1er-juillet1.jpg 600w, https:\/\/www.legipermis.com\/blog\/wp-content\/uploads\/2015\/06\/interdiction-ecouteurs-oreillettes-1er-juillet1-150x75.jpg 150w, https:\/\/www.legipermis.com\/blog\/wp-content\/uploads\/2015\/06\/interdiction-ecouteurs-oreillettes-1er-juillet1-300x150.jpg 300w\" data-src=\"\/blog\/wp-content\/uploads\/2015\/06\/interdiction-ecouteurs-oreillettes-1er-juillet1.jpg\"><\/p>\n<p style=\"text-align: center;\">Source S\u00e9curit\u00e9 Routi\u00e8re<\/p>\n<p>Il existe n\u00e9anmoins encore <strong>quelques exceptions<\/strong> :<\/p>\n<ul>\n<li>Diffuser avec un kit bluetooth la conversation sur les enceintes de la voiture.<\/li>\n<li>Mettre le t\u00e9l\u00e9phone en mode haut-parleur.<\/li>\n<li>Sera autoris\u00e9 le kit int\u00e9gr\u00e9 au casque pour les motards.<\/li>\n<\/ul>\n<p>Il est \u00e0 noter que <a href=\"\/blog\/2015\/06\/19\/ecouteurs-en-velo-des-amendes-seront-possibles\/\" target=\"_blank\">cette interdiction est \u00e9tendue aux v\u00e9los<\/a>.<\/p>\n<h2>Z\u00e9ro verre d&#8217;alcool pour les jeunes conducteurs<\/h2>\n<p>Autre mesure phare \u00e0 destination des jeunes. Alors que l&#8217;alcool\u00e9mie au volant est la premi\u00e8re cause de mortalit\u00e9 chez les 18-25 ans, <strong>la diminution du <a href=\"\/permis-probatoire\/taux-alcool-jeune-conducteur.html\" target=\"_blank\">taux d&#8217;alcool jeune conducteur<\/a>&nbsp;\u00e0 0,2g\/L<\/strong> contre 0,5g\/L de sang pour les autres, appara\u00eet comme une d\u00e9cision bienvenue. Cette baisse de l&#8217;alcool\u00e9mie limite durera 3 ans pour les permis probatoire classique et 2 ans pour ceux qui ont fait la conduite accompagn\u00e9e. Rappel sur les sanctions : voir la page <a href=\"\/infractions\/alcool-permis-conduire.html\" target=\"_blank\">alcool\u00e9mie<\/a>&nbsp;avec amende et retrait de points.<\/p>\n<p><noscript><img decoding=\"async\" class=\" size-full wp-image-3380 aligncenter\" src=\"\/blog\/wp-content\/uploads\/2015\/06\/zero-verre-jeunes-conducteurs.jpg\" alt=\"z\u00e9ro verre d'alcool pour les jeunes conducteurs en permis probatoire\" width=\"1024\" height=\"512\" srcset=\"https:\/\/www.legipermis.com\/blog\/wp-content\/uploads\/2015\/06\/zero-verre-jeunes-conducteurs.jpg 1024w, https:\/\/www.legipermis.com\/blog\/wp-content\/uploads\/2015\/06\/zero-verre-jeunes-conducteurs-150x75.jpg 150w, https:\/\/www.legipermis.com\/blog\/wp-content\/uploads\/2015\/06\/zero-verre-jeunes-conducteurs-300x150.jpg 300w\" sizes=\"(max-width: 1024px) 100vw, 1024px\"><\/noscript><img decoding=\"async\" class=\" size-full wp-image-3380 aligncenter lazyload\" src=\"data:image\/svg+xml,%3Csvg%20xmlns%3D%22http%3A%2F%2Fwww.w3.org%2F2000%2Fsvg%22%20viewBox%3D%220%200%201024%20512%22%3E%3C%2Fsvg%3E\" alt=\"z\u00e9ro verre d'alcool pour les jeunes conducteurs en permis probatoire\" width=\"1024\" height=\"512\" srcset=\"data:image\/svg+xml,%3Csvg%20xmlns%3D%22http%3A%2F%2Fwww.w3.org%2F2000%2Fsvg%22%20viewBox%3D%220%200%201024%20512%22%3E%3C%2Fsvg%3E 1024w\" sizes=\"(max-width: 1024px) 100vw, 1024px\" data-srcset=\"https:\/\/www.legipermis.com\/blog\/wp-content\/uploads\/2015\/06\/zero-verre-jeunes-conducteurs.jpg 1024w, https:\/\/www.legipermis.com\/blog\/wp-content\/uploads\/2015\/06\/zero-verre-jeunes-conducteurs-150x75.jpg 150w, https:\/\/www.legipermis.com\/blog\/wp-content\/uploads\/2015\/06\/zero-verre-jeunes-conducteurs-300x150.jpg 300w\" data-src=\"\/blog\/wp-content\/uploads\/2015\/06\/zero-verre-jeunes-conducteurs.jpg\"><\/p>\n<p style=\"text-align: center;\">Source S\u00e9curit\u00e9 routi\u00e8re<\/p>\n<p>Sachant qu&#8217;un verre d&#8217;alcool am\u00e8ne en moyenne un conducteur \u00e0 0,25g\/L, cela revient donc \u00e0 dire pour l&#8217;immense majorit\u00e9 des conducteurs qu&#8217;il ne faudra plus boire une seule goutte d&#8217;alcool. On rappellera qu&#8217;une conduite en \u00e9tat d&#8217;ivresse pendant la premi\u00e8re ann\u00e9e de la p\u00e9riode de probation entra\u00eenera une amende de 135 euros et la perte de 6 points sur le permis de conduire, soit la totalit\u00e9 du solde. Plus de point et permis invalid\u00e9 ! Voir aussi le <a href=\"\/blog\/2015\/06\/10\/top-5-des-idees-recues-sur-lalcool-au-volant\/\" target=\"_blank\">top 5 des id\u00e9es re\u00e7ues \u00e0 propose de l&#8217;alcool<\/a>.<\/p>\n","protected":false},"excerpt":{"rendered":"<p>Vous le savez certainement, le <strong>1er juillet 2015<\/strong> il faudra se pr\u00e9parer \u00e0 une petite r\u00e9volution, c&#8217;est \u00e0 cette date que la majorit\u00e9 des <strong>nouvelles mesures en mati\u00e8re de s\u00e9curit\u00e9 routi\u00e8re<\/strong> prendront effet. Apr\u00e8s un bilan 2014 bien terne et un d\u00e9but d&#8217;ann\u00e9e 2015 qui confirme l&#8217;augmentation du nombre de morts sur la route, l&#8217;heure est \u00e0 la mobilisation \u00e0 destination des jeunes principalement. Alors en ce <strong>01\/07\/2015<\/strong>, quels sont les changements pour le code de la route ? Petit rappel.<br \/>\nFini les oreillettes et les \u00e9couteurs<br \/>\nLe t\u00e9l\u00e9phone et plus particuli\u00e8rement le smartphone avec ses textos, ses applications, ses selfies, le\u00a0[&#8230;]<\/p>\n","protected":false},"author":3,"featured_media":3384,"comment_status":"open","ping_status":"closed","sticky":false,"template":"","format":"standard","meta":{"footnotes":""},"categories":[4],"tags":[372,80,207,273,145,272,270],"class_list":["post-3377","post","type-post","status-publish","format-standard","has-post-thumbnail","hentry","category-legislation","tag-1er-juillet-2015","tag-alcool","tag-alcoolemie","tag-interdiction","tag-jeunes","tag-oreillettes","tag-telephone","post-1","odd"],"aioseo_notices":[],"_links":{"self":[{"href":"https:\/\/www.legipermis.com\/blog\/wp-json\/wp\/v2\/posts\/3377","targetHints":{"allow":["GET"]}}],"collection":[{"href":"https:\/\/www.legipermis.com\/blog\/wp-json\/wp\/v2\/posts"}],"about":[{"href":"https:\/\/www.legipermis.com\/blog\/wp-json\/wp\/v2\/types\/post"}],"author":[{"embeddable":true,"href":"https:\/\/www.legipermis.com\/blog\/wp-json\/wp\/v2\/users\/3"}],"replies":[{"embeddable":true,"href":"https:\/\/www.legipermis.com\/blog\/wp-json\/wp\/v2\/comments?post=3377"}],"version-history":[{"count":0,"href":"https:\/\/www.legipermis.com\/blog\/wp-json\/wp\/v2\/posts\/3377\/revisions"}],"wp:featuredmedia":[{"embeddable":true,"href":"https:\/\/www.legipermis.com\/blog\/wp-json\/wp\/v2\/media\/3384"}],"wp:attachment":[{"href":"https:\/\/www.legipermis.com\/blog\/wp-json\/wp\/v2\/media?parent=3377"}],"wp:term":[{"taxonomy":"category","embeddable":true,"href":"https:\/\/www.legipermis.com\/blog\/wp-json\/wp\/v2\/categories?post=3377"},{"taxonomy":"post_tag","embeddable":true,"href":"https:\/\/www.legipermis.com\/blog\/wp-json\/wp\/v2\/tags?post=3377"}],"curies":[{"name":"wp","href":"https:\/\/api.w.org\/{rel}","templated":true}]}}