{"id":3259,"date":"2015-06-05T08:37:30","date_gmt":"2015-06-05T06:37:30","guid":{"rendered":"https:\/\/www.legipermis.com\/blog\/?p=3259"},"modified":"2017-01-24T11:11:01","modified_gmt":"2017-01-24T10:11:01","slug":"vignettes-ecologiques-quelles-couleurs-quels-avantages","status":"publish","type":"post","link":"https:\/\/www.legipermis.com\/blog\/2015\/06\/05\/vignettes-ecologiques-quelles-couleurs-quels-avantages\/","title":{"rendered":"Vignettes \u00e9cologiques : quelles couleurs ? Quels avantages ?"},"content":{"rendered":"<div style=\"text-align:right;\"><em style=\"font-size:12.9px;font-weight:bold;\" class=\"last-modified\">Mis \u00e0 jour le 24\/01\/2017.<\/em><\/div><p>La ministre de l&#8217;\u00e9cologie S\u00e9gol\u00e8ne Royal vient de pr\u00e9senter un nouveau dispositif pour la circulation des v\u00e9hicules. Le principe est simple, il s&#8217;agit d&#8217;identifier les plus polluants des&nbsp;plus vertueux pour l&#8217;environnement&nbsp;\u00e0 l&#8217;aide de pastilles de couleurs. Ce syst\u00e8me de classification sera d\u00e9ploy\u00e9 <strong>\u00e0 partir de la date du&nbsp;01\/01\/2016<\/strong> avec en t\u00eate d&#8217;affiche la ville de <a href=\"\/paris.html\" target=\"_blank\">Paris<\/a>. A chaque couleur son niveau de pollution, ses avantages et ses inconv\u00e9nients suppos\u00e9s. Ces certificats de couleurs s&#8217;inspirent largement de ce qui a d\u00e9j\u00e0 \u00e9t\u00e9 fait dans d&#8217;autres pays europ\u00e9ens comme&nbsp;l\u2019Allemagne, le&nbsp;Su\u00e8de, le Danemark&nbsp;ou l\u2019Autriche.<\/p>\n<p>MAJ : cette classification a maintenant \u00e9volu\u00e9e, la nouvelle vignette \u00e9cologique sera obligatoire <a href=\"\/blog\/2016\/12\/30\/vignette-ecologique-obligatoire-au-16012017-a-paris\/\">\u00e0 Paris \u00e0 partir du 16\/01\/2017<\/a>.<\/p>\n<h2>La signification des couleurs<\/h2>\n<p>A chaque couleur son niveau de pollution diff\u00e9renci\u00e9 entre les v\u00e9hicules \u00e0 essence, diesels et \u00e9lectrique. Voici le descriptif dans une illustration cr\u00e9\u00e9e par nos soins :<\/p>\n<p><noscript><img decoding=\"async\" class=\" size-full wp-image-3261 aligncenter\" src=\"\/blog\/wp-content\/uploads\/2015\/06\/vignettescouleur-signification.jpg\" alt=\"Signification des couleurs pour la vignette\" width=\"1200\" height=\"775\" srcset=\"https:\/\/www.legipermis.com\/blog\/wp-content\/uploads\/2015\/06\/vignettescouleur-signification.jpg 1200w, https:\/\/www.legipermis.com\/blog\/wp-content\/uploads\/2015\/06\/vignettescouleur-signification-150x97.jpg 150w, https:\/\/www.legipermis.com\/blog\/wp-content\/uploads\/2015\/06\/vignettescouleur-signification-300x194.jpg 300w, https:\/\/www.legipermis.com\/blog\/wp-content\/uploads\/2015\/06\/vignettescouleur-signification-1024x661.jpg 1024w\" sizes=\"(max-width: 1200px) 100vw, 1200px\"><\/noscript><img decoding=\"async\" class=\" size-full wp-image-3261 aligncenter lazyload\" src=\"data:image\/svg+xml,%3Csvg%20xmlns%3D%22http%3A%2F%2Fwww.w3.org%2F2000%2Fsvg%22%20viewBox%3D%220%200%201200%20775%22%3E%3C%2Fsvg%3E\" alt=\"Signification des couleurs pour la vignette\" width=\"1200\" height=\"775\" srcset=\"data:image\/svg+xml,%3Csvg%20xmlns%3D%22http%3A%2F%2Fwww.w3.org%2F2000%2Fsvg%22%20viewBox%3D%220%200%201200%20775%22%3E%3C%2Fsvg%3E 1200w\" sizes=\"(max-width: 1200px) 100vw, 1200px\" data-srcset=\"https:\/\/www.legipermis.com\/blog\/wp-content\/uploads\/2015\/06\/vignettescouleur-signification.jpg 1200w, https:\/\/www.legipermis.com\/blog\/wp-content\/uploads\/2015\/06\/vignettescouleur-signification-150x97.jpg 150w, https:\/\/www.legipermis.com\/blog\/wp-content\/uploads\/2015\/06\/vignettescouleur-signification-300x194.jpg 300w, https:\/\/www.legipermis.com\/blog\/wp-content\/uploads\/2015\/06\/vignettescouleur-signification-1024x661.jpg 1024w\" data-src=\"\/blog\/wp-content\/uploads\/2015\/06\/vignettescouleur-signification.jpg\"><\/p>\n<ul>\n<li><strong>Pastille bleue<\/strong>&nbsp;: Les v\u00e9hicules \u00e9lectriques qui n&#8217;ont aucune \u00e9mission de CO2.<\/li>\n<li><strong>Pastille verte<\/strong>&nbsp;1 :&nbsp;Les v\u00e9hicules essence immatricul\u00e9s depuis le&nbsp;1er&nbsp;janvier 2011.<\/li>\n<li><strong>Pastille jaune<\/strong>&nbsp;2 :&nbsp;Les v\u00e9hicules essence immatricul\u00e9s entre le 1er&nbsp;janvier 2006 et le 31&nbsp;d\u00e9cembre 2010 et&nbsp;que les v\u00e9hicules diesel immatricul\u00e9s \u00e0 partir du 1er&nbsp;janvier 2011.<\/li>\n<li><strong>Pastille orange<\/strong>&nbsp;3 :&nbsp;Les v\u00e9hicules essence immatricul\u00e9s entre le 1er&nbsp;janvier 1997 et le 31&nbsp;d\u00e9cembre 2005 et&nbsp;que les v\u00e9hicules diesel immatricul\u00e9s entre le 1er&nbsp;janvier 2006 et le 31&nbsp;d\u00e9cembre 2010.<\/li>\n<li><strong>Pastille rouge<\/strong>&nbsp;4 :&nbsp;Les v\u00e9hicules diesel immatricul\u00e9s entre le 1er&nbsp;janvier 2001 et le 31&nbsp;d\u00e9cembre 2005.<\/li>\n<li><strong>Pastille rouge ocre<\/strong>&nbsp;5 :&nbsp;Les v\u00e9hicules diesel immatricul\u00e9s entre le 1er&nbsp;janvier 1997 et le 31&nbsp;d\u00e9cembre 2000.<\/li>\n<li><strong>Pastille grise<\/strong>&nbsp;6 :&nbsp;Tous les v\u00e9hicules immatricul\u00e9s avant le 31&nbsp;d\u00e9cembre 1996.<\/li>\n<\/ul>\n<p>Toutes les voitures peuvent mettre une pastille qui correspond \u00e0 leur situation : date d&#8217;immatriculation, essence ou diesel ou \u00e9lectrique.&nbsp;Les motos, les utilitaires, les poids lourds, les bus et autocars seront&nbsp;susceptibles d&#8217;afficher aussi cette vignette color\u00e9e.<\/p>\n<h2>La pastille \u00e9cologique est-elle obligatoire ?<\/h2>\n<p><strong>Non, la pastille est pour l&#8217;instant facultative<\/strong>. Elle sera gratuite les 6 premiers mois puis sera payante par la suite. <strong>Le prix de la vignette est de 4,18\u20ac<\/strong>, il s&#8217;agit des frais de fabrication et d&#8217;envoi. On peut reprocher d&#8217;une part le fait qu&#8217;elle soit facultative et la relative complexit\u00e9 du dispositif. Une pastille verte unique aurait peut \u00eatre \u00e9t\u00e9 souhaitable. On ne fait jamais \u00e9conomie de simplicit\u00e9. D&#8217;autre part on imagine mal un automobiliste payer 4\u20ac18 pour une pastille grise qui le d\u00e9signerait directement comme le pollueur.<\/p>\n<p>Il faut d&#8217;ailleurs pr\u00e9ciser que si la pastille permet d&#8217;identifier rapidement le type de v\u00e9hicules et les avantages auxquels il a droit, le fait de ne pas la mettre ne vous enl\u00e8vera en rien les avantages qui en d\u00e9coulent. Avec vous afficherez clairement votre sens civique en quelque sorte.<\/p>\n<p>Enfin, il faut noter que si cette vignette devrait \u00eatre valable plusieurs ann\u00e9es, on ne conna\u00eet pas encore pr\u00e9cis\u00e9ment sa dur\u00e9e de validit\u00e9.<\/p>\n<h2>Quels sont les avantages de la vignette ?<\/h2>\n<p>Les avantages des vignettes bleues et vertes sont des conditions de circulation facilit\u00e9es notamment en cas de pic de pollution comme on a pu conna\u00eetre plusieurs fois dans la capitale. On retrouvera essentiellement :<\/p>\n<ul>\n<li>L&#8217;obtention de conditions de circulation privil\u00e9gi\u00e9es lors des pics de pollution notamment.<\/li>\n<li>L&#8217;obtention de modalit\u00e9s de stationnement privil\u00e9gi\u00e9es.<\/li>\n<li>La possibilit\u00e9 de circuler dans des zones restreintes, on pense notamment aux voies r\u00e9serv\u00e9es aux taxis \u00e0 destination des a\u00e9roports par exemple. Ce n&#8217;est qu&#8217;une piste de r\u00e9flexion \u00e0 cette heure.<\/li>\n<\/ul>\n<p>Pour les autres, cette vignette servirait \u00e0 \u00eatre plus facilement identifiables par les forces de l&#8217;ordre les jours de circulation altern\u00e9e. Pas s\u00fbr que cela motive le plus grand nombre.<\/p>\n<h2>Quelles sont les villes o\u00f9 la vignette sera utilis\u00e9e ?<\/h2>\n<p>La d\u00e9cision relative \u00e0 l&#8217;adoption de cette mesure sera prise au cas par cas par les maires. Si Anne Hidalgo, pour la ville de Paris, a annonc\u00e9 y \u00eatre favorable, d&#8217;autres au contraire ont un avis plus nuanc\u00e9 et d\u00e9noncent une v\u00e9ritable &#8220;usine \u00e0 gaz&#8221;: c&#8217;est le cas par exemple des maires de Clermont-Ferrand et Aix-en-Provence. S\u00e9gol\u00e8ne Royal veut une \u00e9cologie &#8220;incitative&#8221; et non &#8220;punitive&#8221;.<\/p>\n<h2>Comment obtenir cette vignette ?<\/h2>\n<p>Pour obtenir la vignette, les d\u00e9marches seront relativement simples. Il suffira d&#8217;en faire la demande sur Internet et elle sera exp\u00e9di\u00e9e \u00e0 l&#8217;adresse mentionn\u00e9e sur la carte grise du v\u00e9hicule.<\/p>\n<p>&nbsp;<\/p>\n<p>&nbsp;<\/p>\n","protected":false},"excerpt":{"rendered":"<p>La ministre de l&#8217;\u00e9cologie S\u00e9gol\u00e8ne Royal vient de pr\u00e9senter un nouveau dispositif pour la circulation des v\u00e9hicules. Le principe est simple, il s&#8217;agit d&#8217;identifier les plus polluants des\u00a0plus vertueux pour l&#8217;environnement\u00a0\u00e0 l&#8217;aide de pastilles de couleurs. Ce syst\u00e8me de classification sera d\u00e9ploy\u00e9 <strong>\u00e0 partir de la date du\u00a001\/01\/2016<\/strong> avec en t\u00eate d&#8217;affiche la ville de Paris. A chaque couleur son niveau de pollution, ses avantages et ses inconv\u00e9nients suppos\u00e9s. Ces certificats de couleurs s&#8217;inspirent largement de ce qui a d\u00e9j\u00e0 \u00e9t\u00e9 fait dans d&#8217;autres pays europ\u00e9ens comme\u00a0l\u2019Allemagne, le\u00a0Su\u00e8de, le Danemark\u00a0ou l\u2019Autriche.<\/p>\n<p>MAJ : cette classification a maintenant \u00e9volu\u00e9e, la nouvelle vignette\u00a0[&#8230;]<\/p>\n","protected":false},"author":3,"featured_media":3265,"comment_status":"open","ping_status":"closed","sticky":false,"template":"","format":"standard","meta":{"footnotes":""},"categories":[7],"tags":[229,358,226,54,97,357,105],"class_list":["post-3259","post","type-post","status-publish","format-standard","has-post-thumbnail","hentry","category-environnement","tag-departement-13","tag-departement-38","tag-departement-69","tag-departement-75","tag-ecologie","tag-vignette","tag-voiture-electrique","post-1","odd"],"aioseo_notices":[],"_links":{"self":[{"href":"https:\/\/www.legipermis.com\/blog\/wp-json\/wp\/v2\/posts\/3259","targetHints":{"allow":["GET"]}}],"collection":[{"href":"https:\/\/www.legipermis.com\/blog\/wp-json\/wp\/v2\/posts"}],"about":[{"href":"https:\/\/www.legipermis.com\/blog\/wp-json\/wp\/v2\/types\/post"}],"author":[{"embeddable":true,"href":"https:\/\/www.legipermis.com\/blog\/wp-json\/wp\/v2\/users\/3"}],"replies":[{"embeddable":true,"href":"https:\/\/www.legipermis.com\/blog\/wp-json\/wp\/v2\/comments?post=3259"}],"version-history":[{"count":0,"href":"https:\/\/www.legipermis.com\/blog\/wp-json\/wp\/v2\/posts\/3259\/revisions"}],"wp:featuredmedia":[{"embeddable":true,"href":"https:\/\/www.legipermis.com\/blog\/wp-json\/wp\/v2\/media\/3265"}],"wp:attachment":[{"href":"https:\/\/www.legipermis.com\/blog\/wp-json\/wp\/v2\/media?parent=3259"}],"wp:term":[{"taxonomy":"category","embeddable":true,"href":"https:\/\/www.legipermis.com\/blog\/wp-json\/wp\/v2\/categories?post=3259"},{"taxonomy":"post_tag","embeddable":true,"href":"https:\/\/www.legipermis.com\/blog\/wp-json\/wp\/v2\/tags?post=3259"}],"curies":[{"name":"wp","href":"https:\/\/api.w.org\/{rel}","templated":true}]}}