{"id":3222,"date":"2015-06-02T13:54:54","date_gmt":"2015-06-02T11:54:54","guid":{"rendered":"https:\/\/www.legipermis.com\/blog\/?p=3222"},"modified":"2020-09-10T15:47:29","modified_gmt":"2020-09-10T13:47:29","slug":"bilan-definitif-securite-routiere-2014-quelques-chiffres","status":"publish","type":"post","link":"https:\/\/www.legipermis.com\/blog\/2015\/06\/02\/bilan-definitif-securite-routiere-2014-quelques-chiffres\/","title":{"rendered":"Bilan d\u00e9finitif s\u00e9curit\u00e9 routi\u00e8re 2014 : quelques chiffres"},"content":{"rendered":"<div style=\"text-align:right;\"><em style=\"font-size:12.9px;font-weight:bold;\" class=\"last-modified\">Mis \u00e0 jour le 10\/09\/2020.<\/em><\/div><p>On savait que le bilan en mati\u00e8re de s\u00e9curit\u00e9 routi\u00e8re \u00e9tait n\u00e9gatif depuis le d\u00e9but de l&#8217;ann\u00e9e. Avec <strong>une hausse de la mortalit\u00e9 pour la premi\u00e8re fois depuis pr\u00e8s de 12 ans<\/strong>, ce sont aujourd&#8217;hui les chiffres d\u00e9finitifs par l&#8217;interm\u00e9diaire de l&#8217;ONISR qui viennent de nous parvenir.<\/p>\n<p><noscript><img decoding=\"async\" class=\" size-full wp-image-3227 aligncenter\" src=\"\/blog\/wp-content\/uploads\/2015\/06\/evolution-mort-sur-la-route-france.jpg\" alt=\"Evolution du nombre de morts sur les routes s\u00e9curit\u00e9 routi\u00e8re en France\" width=\"761\" height=\"461\" srcset=\"https:\/\/www.legipermis.com\/blog\/wp-content\/uploads\/2015\/06\/evolution-mort-sur-la-route-france.jpg 761w, https:\/\/www.legipermis.com\/blog\/wp-content\/uploads\/2015\/06\/evolution-mort-sur-la-route-france-150x91.jpg 150w, https:\/\/www.legipermis.com\/blog\/wp-content\/uploads\/2015\/06\/evolution-mort-sur-la-route-france-300x182.jpg 300w\" sizes=\"(max-width: 761px) 100vw, 761px\"><\/noscript><img decoding=\"async\" class=\" size-full wp-image-3227 aligncenter lazyload\" src=\"data:image\/svg+xml,%3Csvg%20xmlns%3D%22http%3A%2F%2Fwww.w3.org%2F2000%2Fsvg%22%20viewBox%3D%220%200%20761%20461%22%3E%3C%2Fsvg%3E\" alt=\"Evolution du nombre de morts sur les routes s\u00e9curit\u00e9 routi\u00e8re en France\" width=\"761\" height=\"461\" srcset=\"data:image\/svg+xml,%3Csvg%20xmlns%3D%22http%3A%2F%2Fwww.w3.org%2F2000%2Fsvg%22%20viewBox%3D%220%200%20761%20461%22%3E%3C%2Fsvg%3E 761w\" sizes=\"(max-width: 761px) 100vw, 761px\" data-srcset=\"https:\/\/www.legipermis.com\/blog\/wp-content\/uploads\/2015\/06\/evolution-mort-sur-la-route-france.jpg 761w, https:\/\/www.legipermis.com\/blog\/wp-content\/uploads\/2015\/06\/evolution-mort-sur-la-route-france-150x91.jpg 150w, https:\/\/www.legipermis.com\/blog\/wp-content\/uploads\/2015\/06\/evolution-mort-sur-la-route-france-300x182.jpg 300w\" data-src=\"\/blog\/wp-content\/uploads\/2015\/06\/evolution-mort-sur-la-route-france.jpg\"><\/p>\n<h2>Un nombre de mort sur la route en hausse<\/h2>\n<p>C&#8217;est confirm\u00e9, <strong>la mortalit\u00e9 routi\u00e8re en 2014 par rapport \u00e0 2013 est en hausse de 3,5%<\/strong>, il s&#8217;agit d&#8217;une premi\u00e8re&nbsp;en 12 ans de s\u00e9curit\u00e9 routi\u00e8re depuis l&#8217;introduction des radars automatiques en 2003. Le nombre de morts sur les routes en 2014 s&#8217;\u00e9tablit \u00e0&nbsp;3384, c&#8217;est-\u00e0-dire 116 victimes de plus qu&#8217;en 2013. Les annonces du minist\u00e8re de l&#8217;int\u00e9rieur comme <a href=\"\/blog\/2015\/01\/27\/interdiction-totale-des-oreillettes-et-des-ecouteurs-sur-la-route\/\">les oreillettes interdites \u00e0 partir du 1er juillet<\/a>&nbsp;ou encore <a href=\"\/blog\/2015\/01\/28\/le-taux-dalcoolemie-abaisse-pour-les-permis-probatoires\/\">la limitation de l&#8217;alcool\u00e9mie pour les jeunes conducteurs<\/a> d\u00e9coulent directement de ce bilan.<\/p>\n<p><noscript><img decoding=\"async\" class=\" size-full wp-image-3224 aligncenter\" src=\"\/blog\/wp-content\/uploads\/2015\/06\/nombre-de-morts-sur-les-routes-en-2014.jpg\" alt=\"nombre de morts sur les routes en 2014 en augmentation\" width=\"800\" height=\"400\" srcset=\"https:\/\/www.legipermis.com\/blog\/wp-content\/uploads\/2015\/06\/nombre-de-morts-sur-les-routes-en-2014.jpg 800w, https:\/\/www.legipermis.com\/blog\/wp-content\/uploads\/2015\/06\/nombre-de-morts-sur-les-routes-en-2014-150x75.jpg 150w, https:\/\/www.legipermis.com\/blog\/wp-content\/uploads\/2015\/06\/nombre-de-morts-sur-les-routes-en-2014-300x150.jpg 300w\" sizes=\"(max-width: 800px) 100vw, 800px\"><\/noscript><img decoding=\"async\" class=\" size-full wp-image-3224 aligncenter lazyload\" src=\"data:image\/svg+xml,%3Csvg%20xmlns%3D%22http%3A%2F%2Fwww.w3.org%2F2000%2Fsvg%22%20viewBox%3D%220%200%20800%20400%22%3E%3C%2Fsvg%3E\" alt=\"nombre de morts sur les routes en 2014 en augmentation\" width=\"800\" height=\"400\" srcset=\"data:image\/svg+xml,%3Csvg%20xmlns%3D%22http%3A%2F%2Fwww.w3.org%2F2000%2Fsvg%22%20viewBox%3D%220%200%20800%20400%22%3E%3C%2Fsvg%3E 800w\" sizes=\"(max-width: 800px) 100vw, 800px\" data-srcset=\"https:\/\/www.legipermis.com\/blog\/wp-content\/uploads\/2015\/06\/nombre-de-morts-sur-les-routes-en-2014.jpg 800w, https:\/\/www.legipermis.com\/blog\/wp-content\/uploads\/2015\/06\/nombre-de-morts-sur-les-routes-en-2014-150x75.jpg 150w, https:\/\/www.legipermis.com\/blog\/wp-content\/uploads\/2015\/06\/nombre-de-morts-sur-les-routes-en-2014-300x150.jpg 300w\" data-src=\"\/blog\/wp-content\/uploads\/2015\/06\/nombre-de-morts-sur-les-routes-en-2014.jpg\"><\/p>\n<h2>Le nombre de morts par type de v\u00e9hicule<\/h2>\n<p>Alors qu&#8217;ils repr\u00e9sentent environ 2% du trafic routier, les 2 roues motoris\u00e9 comptent pour 23% du nombre de morts sur les routes. Bien \u00e9videmment, ce sont toujours les voitures de tourisme qui repr\u00e9sentent la majorit\u00e9 de la mortalit\u00e9 routi\u00e8re en 2014 avec 1663 tu\u00e9s.<\/p>\n<p><noscript><img decoding=\"async\" class=\" size-full wp-image-3226 aligncenter\" src=\"\/blog\/wp-content\/uploads\/2015\/06\/bilan-sr-repartition-2014-type-vehicule.jpg\" alt=\"r\u00e9partition des types de v\u00e9hicules mortalit\u00e9 routi\u00e8re 2014\" width=\"1000\" height=\"1000\" srcset=\"https:\/\/www.legipermis.com\/blog\/wp-content\/uploads\/2015\/06\/bilan-sr-repartition-2014-type-vehicule.jpg 1000w, https:\/\/www.legipermis.com\/blog\/wp-content\/uploads\/2015\/06\/bilan-sr-repartition-2014-type-vehicule-150x150.jpg 150w, https:\/\/www.legipermis.com\/blog\/wp-content\/uploads\/2015\/06\/bilan-sr-repartition-2014-type-vehicule-300x300.jpg 300w\" sizes=\"(max-width: 1000px) 100vw, 1000px\"><\/noscript><img decoding=\"async\" class=\" size-full wp-image-3226 aligncenter lazyload\" src=\"data:image\/svg+xml,%3Csvg%20xmlns%3D%22http%3A%2F%2Fwww.w3.org%2F2000%2Fsvg%22%20viewBox%3D%220%200%201000%201000%22%3E%3C%2Fsvg%3E\" alt=\"r\u00e9partition des types de v\u00e9hicules mortalit\u00e9 routi\u00e8re 2014\" width=\"1000\" height=\"1000\" srcset=\"data:image\/svg+xml,%3Csvg%20xmlns%3D%22http%3A%2F%2Fwww.w3.org%2F2000%2Fsvg%22%20viewBox%3D%220%200%201000%201000%22%3E%3C%2Fsvg%3E 1000w\" sizes=\"(max-width: 1000px) 100vw, 1000px\" data-srcset=\"https:\/\/www.legipermis.com\/blog\/wp-content\/uploads\/2015\/06\/bilan-sr-repartition-2014-type-vehicule.jpg 1000w, https:\/\/www.legipermis.com\/blog\/wp-content\/uploads\/2015\/06\/bilan-sr-repartition-2014-type-vehicule-150x150.jpg 150w, https:\/\/www.legipermis.com\/blog\/wp-content\/uploads\/2015\/06\/bilan-sr-repartition-2014-type-vehicule-300x300.jpg 300w\" data-src=\"\/blog\/wp-content\/uploads\/2015\/06\/bilan-sr-repartition-2014-type-vehicule.jpg\"><\/p>\n<h2>Les heures et les jours les plus accidentog\u00e8nes<\/h2>\n<p>La journ\u00e9e qui compte le plus de morts en moyenne est <strong>le vendredi suivi de pr\u00e8s par le samedi et le dimanche<\/strong>. L&#8217;Observatoire Interminist\u00e9riel pour la S\u00e9curit\u00e9 Routi\u00e8re pr\u00e9cise que <strong>la majorit\u00e9 des accidents interviennent&nbsp;entre 16 et 19h<\/strong> \u00e0 l&#8217;heure de sortie des bureaux notamment hors agglom\u00e9ration o\u00f9 la tendance est tr\u00e8s marqu\u00e9e. En effet, 64% des d\u00e9c\u00e8s se d\u00e9roulent en dehors des villes.<\/p>\n<h2>Les r\u00e9gions : Les bons et les mauvais \u00e9l\u00e8ves<\/h2>\n<p>Les r\u00e9gions de France qui ont le moins de morts sur les routes&nbsp;en 2014 sont :<\/p>\n<ul>\n<li>La Corse : 24 morts<\/li>\n<li>Le Limousin : 46 morts<\/li>\n<li>La Basse-Normandie : 83 morts<\/li>\n<\/ul>\n<p>Et les mauvais \u00e9l\u00e8ves seraient :<\/p>\n<ul>\n<li>La r\u00e9gion PACA : 333 morts<\/li>\n<li>La r\u00e9gion Ile-de-France : 314 morts<\/li>\n<li>La r\u00e9gion Rhone-Alpes : 292 morts<\/li>\n<\/ul>\n<p>Bien \u00e9videmment, ces donn\u00e9es sont \u00e0 prendre avec d&#8217;\u00e9normes pincettes \u00e9tant donn\u00e9 les diff\u00e9rences en terme de population, de transhumance vacanci\u00e8re et de topologie des diff\u00e9rentes r\u00e9gions \u00e9num\u00e9r\u00e9es.<\/p>\n<p><script src=\"\/\/platform.twitter.com\/widgets.js\" async charset=\"utf-8\"><\/script><\/p>\n","protected":false},"excerpt":{"rendered":"<p>On savait que le bilan en mati\u00e8re de s\u00e9curit\u00e9 routi\u00e8re \u00e9tait n\u00e9gatif depuis le d\u00e9but de l&#8217;ann\u00e9e. Avec <strong>une hausse de la mortalit\u00e9 pour la premi\u00e8re fois depuis pr\u00e8s de 12 ans<\/strong>, ce sont aujourd&#8217;hui les chiffres d\u00e9finitifs par l&#8217;interm\u00e9diaire de l&#8217;ONISR qui viennent de nous parvenir.<\/p>\n<p>Un nombre de mort sur la route en hausse<br \/>\nC&#8217;est confirm\u00e9, <strong>la mortalit\u00e9 routi\u00e8re en 2014 par rapport \u00e0 2013 est en hausse de 3,5%<\/strong>, il s&#8217;agit d&#8217;une premi\u00e8re\u00a0en 12 ans de s\u00e9curit\u00e9 routi\u00e8re depuis l&#8217;introduction des radars automatiques en 2003. Le nombre de morts sur les routes en 2014 s&#8217;\u00e9tablit \u00e0\u00a03384, c&#8217;est-\u00e0-dire 116 victimes\u00a0[&#8230;]<\/p>\n","protected":false},"author":3,"featured_media":3231,"comment_status":"open","ping_status":"closed","sticky":false,"template":"","format":"standard","meta":{"footnotes":""},"categories":[3],"tags":[355,32,165,89,15,240,70,90],"class_list":["post-3222","post","type-post","status-publish","format-standard","has-post-thumbnail","hentry","category-securite-routiere","tag-355","tag-accident","tag-bilan","tag-chiffres","tag-infographie","tag-morts-sur-la-route","tag-securite-routiere-2","tag-statistiques","post-1","odd"],"aioseo_notices":[],"_links":{"self":[{"href":"https:\/\/www.legipermis.com\/blog\/wp-json\/wp\/v2\/posts\/3222","targetHints":{"allow":["GET"]}}],"collection":[{"href":"https:\/\/www.legipermis.com\/blog\/wp-json\/wp\/v2\/posts"}],"about":[{"href":"https:\/\/www.legipermis.com\/blog\/wp-json\/wp\/v2\/types\/post"}],"author":[{"embeddable":true,"href":"https:\/\/www.legipermis.com\/blog\/wp-json\/wp\/v2\/users\/3"}],"replies":[{"embeddable":true,"href":"https:\/\/www.legipermis.com\/blog\/wp-json\/wp\/v2\/comments?post=3222"}],"version-history":[{"count":0,"href":"https:\/\/www.legipermis.com\/blog\/wp-json\/wp\/v2\/posts\/3222\/revisions"}],"wp:featuredmedia":[{"embeddable":true,"href":"https:\/\/www.legipermis.com\/blog\/wp-json\/wp\/v2\/media\/3231"}],"wp:attachment":[{"href":"https:\/\/www.legipermis.com\/blog\/wp-json\/wp\/v2\/media?parent=3222"}],"wp:term":[{"taxonomy":"category","embeddable":true,"href":"https:\/\/www.legipermis.com\/blog\/wp-json\/wp\/v2\/categories?post=3222"},{"taxonomy":"post_tag","embeddable":true,"href":"https:\/\/www.legipermis.com\/blog\/wp-json\/wp\/v2\/tags?post=3222"}],"curies":[{"name":"wp","href":"https:\/\/api.w.org\/{rel}","templated":true}]}}