{"id":3140,"date":"2015-05-21T10:19:58","date_gmt":"2015-05-21T08:19:58","guid":{"rendered":"https:\/\/www.legipermis.com\/blog\/?p=3140"},"modified":"2023-11-04T19:51:25","modified_gmt":"2023-11-04T18:51:25","slug":"renault-kwid-la-voiture-low-cost-a-4200e","status":"publish","type":"post","link":"https:\/\/www.legipermis.com\/blog\/2015\/05\/21\/renault-kwid-la-voiture-low-cost-a-4200e\/","title":{"rendered":"Renault Kwid : la voiture low-cost \u00e0 4200\u20ac"},"content":{"rendered":"<div style=\"text-align:right;\"><em style=\"font-size:12.9px;font-weight:bold;\" class=\"last-modified\">Mis \u00e0 jour le 04\/11\/2023.<\/em><\/div><p>Renault vient de d\u00e9voiler ce mercredi 20 mai 2015, <strong>sa nouvelle voiture \u00e0 destination des march\u00e9s \u00e9mergeant la Renault Kwid<\/strong> : une petite voiture aux allures de mini SUV. Con\u00e7ue par&nbsp;G\u00e9rard Detourbet la g\u00e9niteur de la Logan, la Renault Kwid est tout d&#8217;abord destin\u00e9e \u00e0 l&#8217;Inde avant de peut-\u00eatre d&#8217;\u00eatre lanc\u00e9e sur le march\u00e9 europ\u00e9en apr\u00e8s quelques ajustements. <strong>Son prix initial ? 4200\u20ac<\/strong>, loin du nouveau haut de gamme Espace de la marque.<\/p>\n<p><!--more--><\/p>\n<h2>Un mod\u00e8le low-cost mais pas cheap<\/h2>\n<p>L&#8217;id\u00e9e de d\u00e9part des concepteurs \u00e9taient de soigner le design pour attirer les usagers de 2 roues tr\u00e8s nombreux dans des pays comme l&#8217;Inde ou la Chine. Et tout n&#8217;a pas \u00e9t\u00e9 sacrifi\u00e9 sur l&#8217;autel des prix bas. <strong>Le design se devait d&#8217;\u00eatre attirant, cool et moderne<\/strong>. La question initiale \u00e9tait de l&#8217;aveu m\u00eame des \u00e9quipes de Renault : <strong>Comment faire comme la Logan en moins cher ? <\/strong>Apr\u00e8s&nbsp;8 ans de conception voici la r\u00e9ponse du constructeur fran\u00e7ais.<\/p>\n<p><noscript><img decoding=\"async\" class=\" size-full wp-image-3143 aligncenter\" src=\"\/blog\/wp-content\/uploads\/2015\/05\/renaut-kwid-en-france.jpg\" alt=\"renaut-kwid-en-france\" width=\"1000\" height=\"620\" srcset=\"https:\/\/www.legipermis.com\/blog\/wp-content\/uploads\/2015\/05\/renaut-kwid-en-france.jpg 1000w, https:\/\/www.legipermis.com\/blog\/wp-content\/uploads\/2015\/05\/renaut-kwid-en-france-150x93.jpg 150w, https:\/\/www.legipermis.com\/blog\/wp-content\/uploads\/2015\/05\/renaut-kwid-en-france-300x186.jpg 300w\" sizes=\"(max-width: 1000px) 100vw, 1000px\"><\/noscript><img decoding=\"async\" class=\" size-full wp-image-3143 aligncenter lazyload\" src=\"data:image\/svg+xml,%3Csvg%20xmlns%3D%22http%3A%2F%2Fwww.w3.org%2F2000%2Fsvg%22%20viewBox%3D%220%200%201000%20620%22%3E%3C%2Fsvg%3E\" alt=\"renaut-kwid-en-france\" width=\"1000\" height=\"620\" srcset=\"data:image\/svg+xml,%3Csvg%20xmlns%3D%22http%3A%2F%2Fwww.w3.org%2F2000%2Fsvg%22%20viewBox%3D%220%200%201000%20620%22%3E%3C%2Fsvg%3E 1000w\" sizes=\"(max-width: 1000px) 100vw, 1000px\" data-srcset=\"https:\/\/www.legipermis.com\/blog\/wp-content\/uploads\/2015\/05\/renaut-kwid-en-france.jpg 1000w, https:\/\/www.legipermis.com\/blog\/wp-content\/uploads\/2015\/05\/renaut-kwid-en-france-150x93.jpg 150w, https:\/\/www.legipermis.com\/blog\/wp-content\/uploads\/2015\/05\/renaut-kwid-en-france-300x186.jpg 300w\" data-src=\"\/blog\/wp-content\/uploads\/2015\/05\/renaut-kwid-en-france.jpg\"><\/p>\n<p>Avec un cahier des charges plus que serr\u00e9, l&#8217;objectif \u00e9tait de faire une citadine familiale avec de grands espaces (elle mesure 3,68 m de long), des mati\u00e8res modernes sans faire grimper la note. Des portes fines, le moins de pi\u00e8ces possible, la Kwid semble suivre un adage de design minimaliste : &#8220;Less is more&#8221;. Les \u00e9quipes de Renault sont all\u00e9es droit au but, dans la simplicit\u00e9 que ce soit sur la construction du ch\u00e2ssis ou encore au niveau du moteur de 800 cm3.<\/p>\n<p style=\"text-align: center;\">\n<\/p><h2>La Kwid bient\u00f4t lanc\u00e9e en France ?<\/h2>\n<p>Si au d\u00e9part la Logan, destin\u00e9e au march\u00e9 de l&#8217;Europe de l&#8217;est, n&#8217;avait pas \u00e9t\u00e9 pr\u00e9vue pour \u00eatre introduite sur le sol fran\u00e7ais, son succ\u00e8s a vraisemblablement fait depuis r\u00e9fl\u00e9chir les responsables de la marque au losange.&nbsp;Carlos Ghosn lui m\u00eame ne ferme pas la porte et veut &#8220;laisser le march\u00e9 d\u00e9cider&#8221;.<\/p>\n<p><noscript><img decoding=\"async\" class=\" size-full wp-image-3141 aligncenter\" src=\"\/blog\/wp-content\/uploads\/2015\/05\/renault-kwid.jpg\" alt=\"Renault Kwid 4000\u20ac\" width=\"1000\" height=\"713\" srcset=\"https:\/\/www.legipermis.com\/blog\/wp-content\/uploads\/2015\/05\/renault-kwid.jpg 1000w, https:\/\/www.legipermis.com\/blog\/wp-content\/uploads\/2015\/05\/renault-kwid-150x107.jpg 150w, https:\/\/www.legipermis.com\/blog\/wp-content\/uploads\/2015\/05\/renault-kwid-300x214.jpg 300w\" sizes=\"(max-width: 1000px) 100vw, 1000px\"><\/noscript><img decoding=\"async\" class=\" size-full wp-image-3141 aligncenter lazyload\" src=\"data:image\/svg+xml,%3Csvg%20xmlns%3D%22http%3A%2F%2Fwww.w3.org%2F2000%2Fsvg%22%20viewBox%3D%220%200%201000%20713%22%3E%3C%2Fsvg%3E\" alt=\"Renault Kwid 4000\u20ac\" width=\"1000\" height=\"713\" srcset=\"data:image\/svg+xml,%3Csvg%20xmlns%3D%22http%3A%2F%2Fwww.w3.org%2F2000%2Fsvg%22%20viewBox%3D%220%200%201000%20713%22%3E%3C%2Fsvg%3E 1000w\" sizes=\"(max-width: 1000px) 100vw, 1000px\" data-srcset=\"https:\/\/www.legipermis.com\/blog\/wp-content\/uploads\/2015\/05\/renault-kwid.jpg 1000w, https:\/\/www.legipermis.com\/blog\/wp-content\/uploads\/2015\/05\/renault-kwid-150x107.jpg 150w, https:\/\/www.legipermis.com\/blog\/wp-content\/uploads\/2015\/05\/renault-kwid-300x214.jpg 300w\" data-src=\"\/blog\/wp-content\/uploads\/2015\/05\/renault-kwid.jpg\"><\/p>\n<p>N\u00e9anmoins il faut bien prendre conscience que l&#8217;adaptation de la Kwid a un march\u00e9 comme la France fera grimper sensiblement la note. Les normes environnementales et de s\u00e9curit\u00e9 \u00e9tant bien diff\u00e9rentes par rapport au march\u00e9 indien, on estime que <strong>le prix de la Renault Kwid en France<\/strong> devrait se situer aux alentours de <strong>6000\u20ac <\/strong>si elle devait y \u00eatre lanc\u00e9e<strong>.<\/strong><\/p>\n<p><noscript><img decoding=\"async\" class=\" size-full wp-image-3144 aligncenter\" src=\"\/blog\/wp-content\/uploads\/2015\/05\/interieur-renauylt-kwid.jpg\" alt=\"Int\u00e9rieur Renault Kwid, tableau de bord\" width=\"1000\" height=\"563\" srcset=\"https:\/\/www.legipermis.com\/blog\/wp-content\/uploads\/2015\/05\/interieur-renauylt-kwid.jpg 1000w, https:\/\/www.legipermis.com\/blog\/wp-content\/uploads\/2015\/05\/interieur-renauylt-kwid-150x84.jpg 150w, https:\/\/www.legipermis.com\/blog\/wp-content\/uploads\/2015\/05\/interieur-renauylt-kwid-300x169.jpg 300w\" sizes=\"(max-width: 1000px) 100vw, 1000px\"><\/noscript><img decoding=\"async\" class=\" size-full wp-image-3144 aligncenter lazyload\" src=\"data:image\/svg+xml,%3Csvg%20xmlns%3D%22http%3A%2F%2Fwww.w3.org%2F2000%2Fsvg%22%20viewBox%3D%220%200%201000%20563%22%3E%3C%2Fsvg%3E\" alt=\"Int\u00e9rieur Renault Kwid, tableau de bord\" width=\"1000\" height=\"563\" srcset=\"data:image\/svg+xml,%3Csvg%20xmlns%3D%22http%3A%2F%2Fwww.w3.org%2F2000%2Fsvg%22%20viewBox%3D%220%200%201000%20563%22%3E%3C%2Fsvg%3E 1000w\" sizes=\"(max-width: 1000px) 100vw, 1000px\" data-srcset=\"https:\/\/www.legipermis.com\/blog\/wp-content\/uploads\/2015\/05\/interieur-renauylt-kwid.jpg 1000w, https:\/\/www.legipermis.com\/blog\/wp-content\/uploads\/2015\/05\/interieur-renauylt-kwid-150x84.jpg 150w, https:\/\/www.legipermis.com\/blog\/wp-content\/uploads\/2015\/05\/interieur-renauylt-kwid-300x169.jpg 300w\" data-src=\"\/blog\/wp-content\/uploads\/2015\/05\/interieur-renauylt-kwid.jpg\"><\/p>\n<p>Source des images: <a href=\"https:\/\/www.renault.fr\/\">Renault<\/a><\/p>\n","protected":false},"excerpt":{"rendered":"<p>Renault vient de d\u00e9voiler ce mercredi 20 mai 2015, <strong>sa nouvelle voiture \u00e0 destination des march\u00e9s \u00e9mergeant la Renault Kwid<\/strong> : une petite voiture aux allures de mini SUV. Con\u00e7ue par\u00a0G\u00e9rard Detourbet la g\u00e9niteur de la Logan, la Renault Kwid est tout d&#8217;abord destin\u00e9e \u00e0 l&#8217;Inde avant de peut-\u00eatre d&#8217;\u00eatre lanc\u00e9e sur le march\u00e9 europ\u00e9en apr\u00e8s quelques ajustements. <strong>Son prix initial ? 4200\u20ac<\/strong>, loin du nouveau haut de gamme Espace de la marque.<\/p>\n<p>\u00a0[&#8230;]<\/p>\n","protected":false},"author":3,"featured_media":3142,"comment_status":"open","ping_status":"closed","sticky":false,"template":"","format":"standard","meta":{"footnotes":""},"categories":[2],"tags":[151,350,351,99,202],"class_list":["post-3140","post","type-post","status-publish","format-standard","has-post-thumbnail","hentry","category-auto","tag-inde","tag-kwid","tag-low-cost","tag-renault","tag-voiture","post-1","odd"],"aioseo_notices":[],"_links":{"self":[{"href":"https:\/\/www.legipermis.com\/blog\/wp-json\/wp\/v2\/posts\/3140","targetHints":{"allow":["GET"]}}],"collection":[{"href":"https:\/\/www.legipermis.com\/blog\/wp-json\/wp\/v2\/posts"}],"about":[{"href":"https:\/\/www.legipermis.com\/blog\/wp-json\/wp\/v2\/types\/post"}],"author":[{"embeddable":true,"href":"https:\/\/www.legipermis.com\/blog\/wp-json\/wp\/v2\/users\/3"}],"replies":[{"embeddable":true,"href":"https:\/\/www.legipermis.com\/blog\/wp-json\/wp\/v2\/comments?post=3140"}],"version-history":[{"count":1,"href":"https:\/\/www.legipermis.com\/blog\/wp-json\/wp\/v2\/posts\/3140\/revisions"}],"predecessor-version":[{"id":12492,"href":"https:\/\/www.legipermis.com\/blog\/wp-json\/wp\/v2\/posts\/3140\/revisions\/12492"}],"wp:featuredmedia":[{"embeddable":true,"href":"https:\/\/www.legipermis.com\/blog\/wp-json\/wp\/v2\/media\/3142"}],"wp:attachment":[{"href":"https:\/\/www.legipermis.com\/blog\/wp-json\/wp\/v2\/media?parent=3140"}],"wp:term":[{"taxonomy":"category","embeddable":true,"href":"https:\/\/www.legipermis.com\/blog\/wp-json\/wp\/v2\/categories?post=3140"},{"taxonomy":"post_tag","embeddable":true,"href":"https:\/\/www.legipermis.com\/blog\/wp-json\/wp\/v2\/tags?post=3140"}],"curies":[{"name":"wp","href":"https:\/\/api.w.org\/{rel}","templated":true}]}}