{"id":2759,"date":"2015-04-16T08:15:51","date_gmt":"2015-04-16T06:15:51","guid":{"rendered":"https:\/\/www.legipermis.com\/blog\/?p=2759"},"modified":"2020-05-31T09:52:41","modified_gmt":"2020-05-31T07:52:41","slug":"amende-pour-exces-de-vitesse-avec-vehicule-de-fonction","status":"publish","type":"post","link":"https:\/\/www.legipermis.com\/blog\/2015\/04\/16\/amende-pour-exces-de-vitesse-avec-vehicule-de-fonction\/","title":{"rendered":"Amende avec v\u00e9hicule de fonction. Qui paie la contravention ?"},"content":{"rendered":"<div style=\"text-align:right;\"><em style=\"font-size:12.9px;font-weight:bold;\" class=\"last-modified\">Mis \u00e0 jour le 31\/05\/2020.<\/em><\/div><p><strong>Mise \u00e0 jour Octobre 2016 : Attention, \u00e0 partir du 1er janvier 2017<\/strong>, <a href=\"\/blog\/2016\/10\/24\/voiture-de-fonction-les-salaries-vont-payer-au-01012017\/\">l&#8217;employeur sera oblig\u00e9 de d\u00e9noncer un salari\u00e9<\/a> sous peine d&#8217;une amende. Le salari\u00e9 devra donc d&#8217;une part payer l&#8217;amende et d&#8217;autres parts aura un retrait de point associ\u00e9.<\/p>\n<p>Une question r\u00e9currente aujourd&#8217;hui, lors d&#8217;<strong>un <a href=\"\/infractions\/exces-de-vitesse.html\" target=\"_blank\" rel=\"noopener noreferrer\">exc\u00e8s de vitesse<\/a> au travail avec un v\u00e9hicule de fonction<\/strong>, <strong>qui est responsable ? Qui paie l&#8217;amende ? Qui perd des points ?<\/strong> Le cas est le suivant : vous \u00eates commercial d&#8217;une soci\u00e9t\u00e9 Y et vous \u00eates flash\u00e9 lors d&#8217;un contr\u00f4le de vitesse par&nbsp;un radar automatique. L&#8217;avis de contravention arrive par voie postal au titulaire de la carte grise, \u00e0 savoir la personne morale, la soci\u00e9t\u00e9 et son repr\u00e9sentant l\u00e9gal : le dirigeant, votre patron.<\/p>\n<h2>L&#8217;employeur doit payer l&#8217;amende sauf si &#8230;<\/h2>\n<p>L&#8217;arr\u00eat\u00e9 de la Cour de Cassation est clair en la mati\u00e8re (Cass. Soc. 14 octobre 2009, n\u00b009-84031), le salari\u00e9 n&#8217;est pas d\u00e9biteur du paiement de la contravention. <strong>C&#8217;est \u00e0 l&#8217;entreprise de payer l&#8217;amende<\/strong> (sans perte de points \u00e9videmment). Sauf si bien s\u00fbr, l&#8217;employeur peut apporter la preuve formelle de l&#8217;identit\u00e9 du salari\u00e9 qui \u00e9tait au volant, au travers d&#8217;un registre ou d&#8217;un carnet de bord par exemple. Cela revient \u00e0 <strong>d\u00e9noncer son salari\u00e9<\/strong>, mais il n&#8217;est en aucun cas oblig\u00e9 de le faire.<\/p>\n<p>Si l&#8217;employeur n&#8217;apporte pas de preuves claires de l&#8217;identit\u00e9 du conducteur, le salari\u00e9 :<\/p>\n<ul>\n<li><strong>Ne paie pas d&#8217;amende<\/strong> (sauf dans le cas d&#8217;une faute lourde).<\/li>\n<li><strong>Ne perd pas de points<\/strong> sur son <a href=\"\/legislation\/\" target=\"_blank\" rel=\"noopener noreferrer\">permis \u00e0 points<\/a>.<\/li>\n<li>C&#8217;est l&#8217;entreprise qui r\u00e8gle l&#8217;amende, sans perte de points \u00e9videmment pour son repr\u00e9sentant l\u00e9gal.<\/li>\n<\/ul>\n<p>Si l&#8217;employeur apporte la preuve formelle de l&#8217;identit\u00e9 du conducteur salari\u00e9, ce dernier devra en fonction de l&#8217;importance de son exc\u00e8s de vitesse :<\/p>\n<ul>\n<li>Payer l&#8217;amende correspondant \u00e0 la <a title=\"Tarif de classe de contraventions\" href=\"\/infractions\/contravention.html\"> classe de contraventions<\/a><\/li>\n<li>Subir une perte de points<\/li>\n<\/ul>\n<h2>L&#8217;entreprise&nbsp;ne peut demander le remboursement de l&#8217;amende<\/h2>\n<p><strong>L&#8217;employeur&nbsp;ne peut pas demander l\u00e9galement au salari\u00e9 de rembourser l&#8217;amende <\/strong>(Cass. Soc. 17 avril 2013, n\u00b011-27750). La retenue sur salaire est formellement interdite m\u00eame si une clause est pr\u00e9cis\u00e9e dans le contrat de travail. Le bulletin de paie ne peut mentionner une telle inscription, c&#8217;est ill\u00e9gal. Seule une faute lourde, \u00e0 savoir une faute commise par le salari\u00e9 dans l&#8217;intention de nuire aux int\u00e9r\u00eats de l&#8217;entreprise, peut engager la responsabilit\u00e9 p\u00e9cuniaire de l&#8217;employ\u00e9.<\/p>\n<h2>Peut-on \u00eatre licenci\u00e9 pour un exc\u00e8s de vitesse ?<\/h2>\n<p><strong>Oui<\/strong>, une faute au code de la route avec une v\u00e9hicule de fonction&nbsp;peut \u00eatre consid\u00e9r\u00e9 <strong>comme une faute professionnelle<\/strong>. Des sanctions sont pr\u00e9vues par le code du travail allant de l&#8217;avertissement <strong>au licenciement<\/strong> en passant par la mise \u00e0 pieds.<\/p>\n<h2>Quelles sont les infractions qui imposent le paiement de l&#8217;amende \u00e0 l&#8217;entreprise ?<\/h2>\n<p>La&nbsp;pr\u00e9somption de responsabilit\u00e9 p\u00e9cuniaire concerne&nbsp;une liste d\u2019infractions sp\u00e9cifiques, constat\u00e9es sans une arrestation physique&nbsp;\u00e0 savoir&nbsp;:<\/p>\n<ul>\n<li><a href=\"\/infractions\/non-respect-distance-securite.html\" target=\"_blank\" rel=\"noopener noreferrer\">Non-respect des distances de s\u00e9curit\u00e9<\/a><\/li>\n<li><a href=\"\/infractions\/non-respect-feu-rouge.html\" target=\"_blank\" rel=\"noopener noreferrer\">Non-respect d&#8217;un feu rouge<\/a><\/li>\n<li><a href=\"\/infractions\/non-respect-du-stop.html\" target=\"_blank\" rel=\"noopener noreferrer\">Non-respect d&#8217;un stop<\/a><\/li>\n<li>Non-respect de la r\u00e9glementation sur le stationnement<\/li>\n<li><a href=\"\/infractions\/exces-de-vitesse.html\" target=\"_blank\" rel=\"noopener noreferrer\">Les exc\u00e8s de vitesse<\/a><\/li>\n<\/ul>\n<h2>Avril 2015 : Un&nbsp;projet pour&nbsp;forcer l&#8217;entreprise \u00e0 d\u00e9noncer le salari\u00e9 ?<\/h2>\n<p>Le jeudi 16\/04\/2015, nous avons appris l\u2019existence d&#8217;un projet de recommandation \u00e9tudi\u00e9 par le Conseil National de la S\u00e9curit\u00e9 Routi\u00e8re (CNSR) pour <strong>forcer les entreprises \u00e0 d\u00e9noncer le salari\u00e9<\/strong> fautif \u00e0 l&#8217;occasion d&#8217;une&nbsp;infraction au code de la route. L&#8217;enjeu n&#8217;est pas nul puisque que 10% des exc\u00e8s de vitesse constat\u00e9s par les radars automatiques sont des v\u00e9hicules professionnels. Le d\u00e9ploiement progressifs <a href=\"\/blog\/2014\/12\/17\/le-radar-double-face-la-nouvelle-arme-de-la-securite-routiere\/\" target=\"_blank\" rel=\"noopener noreferrer\">des radars double-face<\/a> permettront \u00e0 ce titre une meilleure identification du conducteur du v\u00e9hicule.<\/p>\n<p><noscript><img decoding=\"async\" class=\" size-full wp-image-2818 aligncenter\" src=\"\/blog\/wp-content\/uploads\/2015\/04\/entreprise-contravention-denoncer-salarie.jpg\" alt=\"entreprise d\u00e9noncer la contravention du salari\u00e9\" width=\"800\" height=\"295\" srcset=\"https:\/\/www.legipermis.com\/blog\/wp-content\/uploads\/2015\/04\/entreprise-contravention-denoncer-salarie.jpg 800w, https:\/\/www.legipermis.com\/blog\/wp-content\/uploads\/2015\/04\/entreprise-contravention-denoncer-salarie-150x55.jpg 150w, https:\/\/www.legipermis.com\/blog\/wp-content\/uploads\/2015\/04\/entreprise-contravention-denoncer-salarie-300x111.jpg 300w\" sizes=\"(max-width: 800px) 100vw, 800px\"><\/noscript><img decoding=\"async\" class=\" size-full wp-image-2818 aligncenter lazyload\" src=\"data:image\/svg+xml,%3Csvg%20xmlns%3D%22http%3A%2F%2Fwww.w3.org%2F2000%2Fsvg%22%20viewBox%3D%220%200%20800%20295%22%3E%3C%2Fsvg%3E\" alt=\"entreprise d\u00e9noncer la contravention du salari\u00e9\" width=\"800\" height=\"295\" srcset=\"data:image\/svg+xml,%3Csvg%20xmlns%3D%22http%3A%2F%2Fwww.w3.org%2F2000%2Fsvg%22%20viewBox%3D%220%200%20800%20295%22%3E%3C%2Fsvg%3E 800w\" sizes=\"(max-width: 800px) 100vw, 800px\" data-srcset=\"https:\/\/www.legipermis.com\/blog\/wp-content\/uploads\/2015\/04\/entreprise-contravention-denoncer-salarie.jpg 800w, https:\/\/www.legipermis.com\/blog\/wp-content\/uploads\/2015\/04\/entreprise-contravention-denoncer-salarie-150x55.jpg 150w, https:\/\/www.legipermis.com\/blog\/wp-content\/uploads\/2015\/04\/entreprise-contravention-denoncer-salarie-300x111.jpg 300w\" data-src=\"\/blog\/wp-content\/uploads\/2015\/04\/entreprise-contravention-denoncer-salarie.jpg\"><\/p>\n<p>Les entreprises devront&nbsp;alors tenir \u00e0 jour un carnet de bord \u00e0 jour et pourraient \u00eatre condamn\u00e9es \u00e0 une amende suppl\u00e9mentaire en cas de non-d\u00e9nonciation de l&#8217;employ\u00e9. Nous reviendrons sur les d\u00e9tails de ce projet si une telle mesure \u00e9tait&nbsp;adopt\u00e9e.<\/p>\n<p>MAJ : le <a href=\"\/blog\/2015\/10\/02\/les-22-mesures-du-cisr-du-02102015-pour-la-securite-routiere\/\">CISR du 2 octobre 2015<\/a> a annonc\u00e9 la cr\u00e9ation d&#8217;une obligation de d\u00e9noncer un salari\u00e9 sous peine d&#8217;une amende de 650\u20ac.<\/p>\n<p>Cr\u00e9dit photo :&nbsp;Robert Couse-Baker, photo modifi\u00e9e.<\/p>\n","protected":false},"excerpt":{"rendered":"<p><strong>Mise \u00e0 jour Octobre 2016 : Attention, \u00e0 partir du 1er janvier 2017<\/strong>, l&#8217;employeur sera oblig\u00e9 de d\u00e9noncer un salari\u00e9 sous peine d&#8217;une amende. Le salari\u00e9 devra donc d&#8217;une part payer l&#8217;amende et d&#8217;autres parts aura un retrait de point associ\u00e9.<\/p>\n<p>Une question r\u00e9currente aujourd&#8217;hui, lors d&#8217;<strong>un exc\u00e8s de vitesse au travail avec un v\u00e9hicule de fonction<\/strong>, <strong>qui est responsable ? Qui paie l&#8217;amende ? Qui perd des points ?<\/strong> Le cas est le suivant : vous \u00eates commercial d&#8217;une soci\u00e9t\u00e9 Y et vous \u00eates flash\u00e9 lors d&#8217;un contr\u00f4le de vitesse par\u00a0un radar automatique. L&#8217;avis de contravention arrive par voie postal\u00a0[&#8230;]<\/p>\n","protected":false},"author":3,"featured_media":2763,"comment_status":"open","ping_status":"closed","sticky":false,"template":"","format":"standard","meta":{"footnotes":""},"categories":[4],"tags":[41,223,191,148,181,310,311,312],"class_list":["post-2759","post","type-post","status-publish","format-standard","has-post-thumbnail","hentry","category-legislation","tag-amende","tag-contravention","tag-droit","tag-exces-de-vitesse","tag-legislation-2","tag-salarie","tag-travail","tag-vehicule-de-fonction","post-1","odd"],"aioseo_notices":[],"_links":{"self":[{"href":"https:\/\/www.legipermis.com\/blog\/wp-json\/wp\/v2\/posts\/2759","targetHints":{"allow":["GET"]}}],"collection":[{"href":"https:\/\/www.legipermis.com\/blog\/wp-json\/wp\/v2\/posts"}],"about":[{"href":"https:\/\/www.legipermis.com\/blog\/wp-json\/wp\/v2\/types\/post"}],"author":[{"embeddable":true,"href":"https:\/\/www.legipermis.com\/blog\/wp-json\/wp\/v2\/users\/3"}],"replies":[{"embeddable":true,"href":"https:\/\/www.legipermis.com\/blog\/wp-json\/wp\/v2\/comments?post=2759"}],"version-history":[{"count":0,"href":"https:\/\/www.legipermis.com\/blog\/wp-json\/wp\/v2\/posts\/2759\/revisions"}],"wp:featuredmedia":[{"embeddable":true,"href":"https:\/\/www.legipermis.com\/blog\/wp-json\/wp\/v2\/media\/2763"}],"wp:attachment":[{"href":"https:\/\/www.legipermis.com\/blog\/wp-json\/wp\/v2\/media?parent=2759"}],"wp:term":[{"taxonomy":"category","embeddable":true,"href":"https:\/\/www.legipermis.com\/blog\/wp-json\/wp\/v2\/categories?post=2759"},{"taxonomy":"post_tag","embeddable":true,"href":"https:\/\/www.legipermis.com\/blog\/wp-json\/wp\/v2\/tags?post=2759"}],"curies":[{"name":"wp","href":"https:\/\/api.w.org\/{rel}","templated":true}]}}