{"id":2749,"date":"2015-04-15T08:15:41","date_gmt":"2015-04-15T06:15:41","guid":{"rendered":"https:\/\/www.legipermis.com\/blog\/?p=2749"},"modified":"2021-08-30T13:35:09","modified_gmt":"2021-08-30T11:35:09","slug":"le-gilet-jaune-a-moto-devient-obligatoire","status":"publish","type":"post","link":"https:\/\/www.legipermis.com\/blog\/2015\/04\/15\/le-gilet-jaune-a-moto-devient-obligatoire\/","title":{"rendered":"Le gilet jaune \u00e0 moto obligatoire le 1er Janvier 2016"},"content":{"rendered":"<div style=\"text-align:right;\"><em style=\"font-size:12.9px;font-weight:bold;\" class=\"last-modified\">Mis \u00e0 jour le 30\/08\/2021.<\/em><\/div><p>Si dans les <a href=\"\/blog\/2015\/01\/27\/les-26-mesures-de-bernard-cazeneuve-pour-la-securite-routiere\/\" target=\"_blank\" rel=\"noopener noreferrer\">26 mesures<\/a> pour la s\u00e9curit\u00e9 routi\u00e8re annonc\u00e9es par Bernard Cazeneuve, la lutte contre <a href=\"\/infractions\/telephone-au-volant.html\" target=\"_blank\" rel=\"noopener noreferrer\">le t\u00e9l\u00e9phone au volant<\/a> et <a href=\"\/infractions\/alcool-permis-conduire.html\" target=\"_blank\" rel=\"noopener noreferrer\">l&#8217;alcool\u00e9mie<\/a> ont trouv\u00e9 une place de choix et ce \u00e0 juste titre, la s\u00e9curit\u00e9 entourant les motos et scooters n&#8217;est pas en reste. Nous avions d\u00e9j\u00e0 parl\u00e9 <a href=\"\/blog\/2015\/02\/23\/plaque-dimmatriculation-des-motos-une-taille-unique\/\" target=\"_blank\" rel=\"noopener noreferrer\">des nouvelles tailles des plaques d&#8217;immatriculation<\/a> concernant les 2 roues motoris\u00e9s, <strong>aujourd&#8217;hui nous abordons le sujet des gilets jaunes \u00e0 moto<\/strong> qui sont d\u00e9j\u00e0 cens\u00e9s \u00eatre obligatoires depuis le mois de juin 2013, mais le d\u00e9faut n&#8217;\u00e9tait jusqu&#8217;alors pas verbalis\u00e9. <strong>La mesure\u00a0entrera en vigueur le 1er janvier 2016<\/strong>.<\/p>\n<h2>Quand mettre un gilet jaune \u00e0 moto ?<\/h2>\n<p>Le gilet jaune devra \u00eatre port\u00e9 par les usagers de motos et de scooters <strong>d\u00e9s qu&#8217;un arr\u00eat d&#8217;urgence sera n\u00e9cessaire.<\/strong> Qu&#8217;il s&#8217;agisse d&#8217;un accident de la route ou d&#8217;une panne m\u00e9canique. N\u00e9anmoins il va de soi qu&#8217;un motard victime d&#8217;un accident ne pourra se relever syst\u00e9matiquement pour aller chercher son gilet sous la selle. Certains se posent la question aussi de la d\u00e9marche en terme de s\u00e9curit\u00e9. Retourner chercher son gilet jaune sera parfois plus dangereux que de ne pas la porter. La mesure demande encore quelques pr\u00e9cisions. <strong>La date de mise en application est fix\u00e9e au 01\/01\/2016<\/strong>\u00a0d&#8217;apr\u00e8s le <a href=\"https:\/\/www.legifrance.gouv.fr\/loda\/id\/JORFTEXT000030560885\/\" target=\"_blank\" rel=\"noopener noreferrer\">d\u00e9cret n\u00b0 2015-514 du 7 mai 2015<\/a>.<\/p>\n<h2>Quel gilet jaune ? Quelle norme ?<\/h2>\n<p><strong>Le gilet jaune fluo<\/strong> autrement appel\u00e9\u00a0gilet r\u00e9tro-r\u00e9fl\u00e9chissant de haute visibilit\u00e9\u00a0<strong>doit ob\u00e9ir \u00e0 la norme europ\u00e9enne (CE) EN471<\/strong>. On en trouve des variantes en termes de couleurs : jaunes, oranges et des verts. Cette norme garantit une visibilit\u00e9 optimale de l&#8217;individu de jour comme de nuit par tous les types de temps. Cette mesure qui s&#8217;applique d\u00e9j\u00e0 pour les automobilistes (certes il est plus facile de ranger un gilet dans une voiture que dans une moto) avec en plus le triangle pour ces derniers, s&#8217;appliquera d&#8217;ici peu pour les 2 roues.<\/p>\n<h2>La sanction en cas de non-respect de la mesure<\/h2>\n<p>En cas de contr\u00f4le de police ou de gendarmerie qui constaterait un d\u00e9faut de possession de gilet jaune \u00e0 moto, l&#8217;<strong>amende<\/strong>\u00a0sera de 11\u20ac en temps normal et 135\u20ac lors d&#8217;un d\u00e9faut lors d&#8217;un arr\u00eat d&#8217;urgence.<\/p>\n<p>Cr\u00e9dit photo :\u00a0Am\u00e9lien Bayle, photo modifi\u00e9e.<\/p>\n","protected":false},"excerpt":{"rendered":"<p>Si dans les 26 mesures pour la s\u00e9curit\u00e9 routi\u00e8re annonc\u00e9es par Bernard Cazeneuve, la lutte contre le t\u00e9l\u00e9phone au volant et l&#8217;alcool\u00e9mie ont trouv\u00e9 une place de choix et ce \u00e0 juste titre, la s\u00e9curit\u00e9 entourant les motos et scooters n&#8217;est pas en reste. Nous avions d\u00e9j\u00e0 parl\u00e9 des nouvelles tailles des plaques d&#8217;immatriculation concernant les 2 roues motoris\u00e9s, <strong>aujourd&#8217;hui nous abordons le sujet des gilets jaunes \u00e0 moto<\/strong> qui sont d\u00e9j\u00e0 cens\u00e9s \u00eatre obligatoires depuis le mois de juin 2013, mais le d\u00e9faut n&#8217;\u00e9tait jusqu&#8217;alors pas verbalis\u00e9. <strong>La mesure\u00a0entrera en vigueur le 1er janvier 2016<\/strong>.<br \/>\nQuand mettre un gilet jaune\u00a0[&#8230;]<\/p>\n","protected":false},"author":3,"featured_media":2750,"comment_status":"open","ping_status":"closed","sticky":false,"template":"","format":"standard","meta":{"footnotes":""},"categories":[138],"tags":[32,308,269,167,69,309,70],"class_list":["post-2749","post","type-post","status-publish","format-standard","has-post-thumbnail","hentry","category-moto-2roues","tag-accident","tag-gilet-jaune","tag-ministre-de-linterieur","tag-motard","tag-moto","tag-panne","tag-securite-routiere-2","post-1","odd"],"aioseo_notices":[],"_links":{"self":[{"href":"https:\/\/www.legipermis.com\/blog\/wp-json\/wp\/v2\/posts\/2749","targetHints":{"allow":["GET"]}}],"collection":[{"href":"https:\/\/www.legipermis.com\/blog\/wp-json\/wp\/v2\/posts"}],"about":[{"href":"https:\/\/www.legipermis.com\/blog\/wp-json\/wp\/v2\/types\/post"}],"author":[{"embeddable":true,"href":"https:\/\/www.legipermis.com\/blog\/wp-json\/wp\/v2\/users\/3"}],"replies":[{"embeddable":true,"href":"https:\/\/www.legipermis.com\/blog\/wp-json\/wp\/v2\/comments?post=2749"}],"version-history":[{"count":0,"href":"https:\/\/www.legipermis.com\/blog\/wp-json\/wp\/v2\/posts\/2749\/revisions"}],"wp:featuredmedia":[{"embeddable":true,"href":"https:\/\/www.legipermis.com\/blog\/wp-json\/wp\/v2\/media\/2750"}],"wp:attachment":[{"href":"https:\/\/www.legipermis.com\/blog\/wp-json\/wp\/v2\/media?parent=2749"}],"wp:term":[{"taxonomy":"category","embeddable":true,"href":"https:\/\/www.legipermis.com\/blog\/wp-json\/wp\/v2\/categories?post=2749"},{"taxonomy":"post_tag","embeddable":true,"href":"https:\/\/www.legipermis.com\/blog\/wp-json\/wp\/v2\/tags?post=2749"}],"curies":[{"name":"wp","href":"https:\/\/api.w.org\/{rel}","templated":true}]}}