{"id":2487,"date":"2015-02-23T08:37:14","date_gmt":"2015-02-23T07:37:14","guid":{"rendered":"https:\/\/www.legipermis.com\/blog\/?p=2487"},"modified":"2021-08-20T13:12:29","modified_gmt":"2021-08-20T11:12:29","slug":"plaque-dimmatriculation-des-motos-une-taille-unique","status":"publish","type":"post","link":"https:\/\/www.legipermis.com\/blog\/2015\/02\/23\/plaque-dimmatriculation-des-motos-une-taille-unique\/","title":{"rendered":"Plaque d&#8217;immatriculation des motos : une taille unique"},"content":{"rendered":"<div style=\"text-align:right;\"><em style=\"font-size:12.9px;font-weight:bold;\" class=\"last-modified\">Mis \u00e0 jour le 20\/08\/2021.<\/em><\/div><p>Annonc\u00e9e dans le cadre <a href=\"\/blog\/2015\/01\/27\/les-26-mesures-de-bernard-cazeneuve-pour-la-securite-routiere\/\" target=\"_blank\" rel=\"noopener noreferrer\">des 26 mesures du plan Cazeneuve<\/a>, l&#8217;uniformisation des plaques d&#8217;immatriculation des 2 roues motoris\u00e9s&nbsp;entre en vigueur d\u00e9s maintenant selon un arr\u00eat\u00e9 du&nbsp;17 f\u00e9vrier 2015&nbsp;publi\u00e9 au journal officiel. Quelle est la taille r\u00e9glementaire de la plaque d&#8217;immatriculation de&nbsp;votre moto ou votre scooter ? Quand faut-il changer ? Voici quelques r\u00e9ponses.<\/p>\n<h2>Une taille unique finalement plus petite&nbsp;que pr\u00e9vue<\/h2>\n<p>Initialement pr\u00e9vue pour 2012, la r\u00e9forme aura mis 3 ans de plus pour \u00eatre adopt\u00e9e. <strong>La taille unique des plaques d&#8217;immatriculations retenue pour les motos, cyclomoteurs est de 21cm x 13cm (210mm x 130mm)<\/strong>. On est loin du gigantisme voulu au d\u00e9part par le minist\u00e8re de l&#8217;int\u00e9rieur qui tablait sur 180mm x 200mm avant de reculer devant la r\u00e9action des associations de motards, la <a href=\"https:\/\/ffmc.asso.fr\/\" target=\"_blank\" rel=\"noopener noreferrer\">FFMC<\/a> en t\u00eate.<\/p>\n<p>Auparavant, on avait les tailles suivantes en fonction du type de 2 roues selon l&#8217;<a href=\"https:\/\/www.legifrance.gouv.fr\/loda\/id\/JORFTEXT000020237128\/\" target=\"_blank\" rel=\"noopener\">arr\u00eat\u00e9 de 2009<\/a> :<\/p>\n<ul>\n<li>Cyclomoteurs : 140mm x 120mm<\/li>\n<li>Motocyclettes : 170mm x 130mm ou 210mm x 130mm<\/li>\n<\/ul>\n<p>C&#8217;est donc une solution pragmatique qu&#8217;a retenu le minist\u00e8re. La taille choisie faisant d\u00e9j\u00e0 partie des tailles autoris\u00e9es pour les motos. Nombres de motards n&#8217;auront aucune modification \u00e0 apporter.<\/p>\n<p><noscript><img decoding=\"async\" class=\" size-full wp-image-2488 aligncenter\" src=\"\/blog\/wp-content\/uploads\/2015\/02\/plaque-immatriculation-plan.jpg\" alt=\"plaque immatriculation moto taille\" width=\"810\" height=\"393\" srcset=\"https:\/\/www.legipermis.com\/blog\/wp-content\/uploads\/2015\/02\/plaque-immatriculation-plan.jpg 810w, https:\/\/www.legipermis.com\/blog\/wp-content\/uploads\/2015\/02\/plaque-immatriculation-plan-150x73.jpg 150w, https:\/\/www.legipermis.com\/blog\/wp-content\/uploads\/2015\/02\/plaque-immatriculation-plan-300x146.jpg 300w\" sizes=\"(max-width: 810px) 100vw, 810px\"><\/noscript><img decoding=\"async\" class=\" size-full wp-image-2488 aligncenter lazyload\" src=\"data:image\/svg+xml,%3Csvg%20xmlns%3D%22http%3A%2F%2Fwww.w3.org%2F2000%2Fsvg%22%20viewBox%3D%220%200%20810%20393%22%3E%3C%2Fsvg%3E\" alt=\"plaque immatriculation moto taille\" width=\"810\" height=\"393\" srcset=\"data:image\/svg+xml,%3Csvg%20xmlns%3D%22http%3A%2F%2Fwww.w3.org%2F2000%2Fsvg%22%20viewBox%3D%220%200%20810%20393%22%3E%3C%2Fsvg%3E 810w\" sizes=\"(max-width: 810px) 100vw, 810px\" data-srcset=\"https:\/\/www.legipermis.com\/blog\/wp-content\/uploads\/2015\/02\/plaque-immatriculation-plan.jpg 810w, https:\/\/www.legipermis.com\/blog\/wp-content\/uploads\/2015\/02\/plaque-immatriculation-plan-150x73.jpg 150w, https:\/\/www.legipermis.com\/blog\/wp-content\/uploads\/2015\/02\/plaque-immatriculation-plan-300x146.jpg 300w\" data-src=\"\/blog\/wp-content\/uploads\/2015\/02\/plaque-immatriculation-plan.jpg\"><\/p>\n<h2>Un d\u00e9lai et une tol\u00e9rance de mise en place<\/h2>\n<p>Si vous avez d\u00e9j\u00e0 ce format de plaque d&#8217;immatriculation, inutile de dire que vous n&#8217;avez rien \u00e0 faire. Pour les autres, il existe un d\u00e9lai. Si votre 2 roues d\u00e9j\u00e0 immatricul\u00e9 respecte l&#8217;arr\u00eat\u00e9 de 2009 ( selon les 3 formats en fonction du v\u00e9hicule), vous n&#8217;aurez pas \u00e0 changer votre plaque. Pour les autres, <strong>vous avez jusqu&#8217;au 30 Juin 2015<\/strong> pour \u00eatre en conformit\u00e9 avec la loi.<\/p>\n<h2>Une amende pr\u00e9vue de 135\u20ac<\/h2>\n<p>Si votre v\u00e9hicule ne poss\u00e8de pas de plaque d&#8217;immatriculation ou si celle-ci n&#8217;est pas conforme, vous encourez une amende de 135\u20ac selon&nbsp;l\u2019article <a href=\"https:\/\/www.legifrance.gouv.fr\/codes\/article_lc\/LEGIARTI000042266062\/\" target=\"_blank\" rel=\"noopener noreferrer\">R317-8 du Code de la route<\/a> en tant qu&#8217;infraction de 4\u00e8me classe.&nbsp;Une immobilisation du v\u00e9hicule est possible \u00e0 cette occasion.<\/p>\n<h2>Tableau complet des tailles de plaques d&#8217;immatriculation en fonction du v\u00e9hicule<\/h2>\n<p>Voici le tableau complet issue de la r\u00e9glementation de 2009 des caract\u00e9ristiques et tailles des plaques d&#8217;immatriculation en France selon le type de v\u00e9hicule.<a href=\"\/blog\/wp-content\/uploads\/2015\/02\/tableau-tailes-plaques-immatriculations-voiture-moto.jpg\"><noscript><img decoding=\"async\" class=\"aligncenter wp-image-2489\" src=\"\/blog\/wp-content\/uploads\/2015\/02\/tableau-tailes-plaques-immatriculations-voiture-moto.jpg\" alt=\"toutes les tailles des plaques d'immatriculation voiture et moto en Frane\" width=\"1243\" height=\"984\" srcset=\"https:\/\/www.legipermis.com\/blog\/wp-content\/uploads\/2015\/02\/tableau-tailes-plaques-immatriculations-voiture-moto.jpg 1414w, https:\/\/www.legipermis.com\/blog\/wp-content\/uploads\/2015\/02\/tableau-tailes-plaques-immatriculations-voiture-moto-150x119.jpg 150w, https:\/\/www.legipermis.com\/blog\/wp-content\/uploads\/2015\/02\/tableau-tailes-plaques-immatriculations-voiture-moto-300x237.jpg 300w, https:\/\/www.legipermis.com\/blog\/wp-content\/uploads\/2015\/02\/tableau-tailes-plaques-immatriculations-voiture-moto-1024x810.jpg 1024w\" sizes=\"(max-width: 1243px) 100vw, 1243px\"><\/noscript><img decoding=\"async\" class=\"aligncenter wp-image-2489 lazyload\" src=\"data:image\/svg+xml,%3Csvg%20xmlns%3D%22http%3A%2F%2Fwww.w3.org%2F2000%2Fsvg%22%20viewBox%3D%220%200%201243%20984%22%3E%3C%2Fsvg%3E\" alt=\"toutes les tailles des plaques d'immatriculation voiture et moto en Frane\" width=\"1243\" height=\"984\" srcset=\"data:image\/svg+xml,%3Csvg%20xmlns%3D%22http%3A%2F%2Fwww.w3.org%2F2000%2Fsvg%22%20viewBox%3D%220%200%201243%20984%22%3E%3C%2Fsvg%3E 1243w\" sizes=\"(max-width: 1243px) 100vw, 1243px\" data-srcset=\"https:\/\/www.legipermis.com\/blog\/wp-content\/uploads\/2015\/02\/tableau-tailes-plaques-immatriculations-voiture-moto.jpg 1414w, https:\/\/www.legipermis.com\/blog\/wp-content\/uploads\/2015\/02\/tableau-tailes-plaques-immatriculations-voiture-moto-150x119.jpg 150w, https:\/\/www.legipermis.com\/blog\/wp-content\/uploads\/2015\/02\/tableau-tailes-plaques-immatriculations-voiture-moto-300x237.jpg 300w, https:\/\/www.legipermis.com\/blog\/wp-content\/uploads\/2015\/02\/tableau-tailes-plaques-immatriculations-voiture-moto-1024x810.jpg 1024w\" data-src=\"\/blog\/wp-content\/uploads\/2015\/02\/tableau-tailes-plaques-immatriculations-voiture-moto.jpg\"><\/a><\/p>\n","protected":false},"excerpt":{"rendered":"<p>Annonc\u00e9e dans le cadre des 26 mesures du plan Cazeneuve, l&#8217;uniformisation des plaques d&#8217;immatriculation des 2 roues motoris\u00e9s\u00a0entre en vigueur d\u00e9s maintenant selon un arr\u00eat\u00e9 du\u00a017 f\u00e9vrier 2015\u00a0publi\u00e9 au journal officiel. Quelle est la taille r\u00e9glementaire de la plaque d&#8217;immatriculation de\u00a0votre moto ou votre scooter ? Quand faut-il changer ? Voici quelques r\u00e9ponses.<br \/>\nUne taille unique finalement plus petite\u00a0que pr\u00e9vue<br \/>\nInitialement pr\u00e9vue pour 2012, la r\u00e9forme aura mis 3 ans de plus pour \u00eatre adopt\u00e9e. <strong>La taille unique des plaques d&#8217;immatriculations retenue pour les motos, cyclomoteurs est de 21cm x 13cm (210mm x 130mm)<\/strong>. On est loin du gigantisme voulu au d\u00e9part\u00a0[&#8230;]<\/p>\n","protected":false},"author":3,"featured_media":2491,"comment_status":"open","ping_status":"closed","sticky":false,"template":"","format":"standard","meta":{"footnotes":""},"categories":[4],"tags":[186,167,69,278],"class_list":["post-2487","post","type-post","status-publish","format-standard","has-post-thumbnail","hentry","category-legislation","tag-loi","tag-motard","tag-moto","tag-plaque-dimmatriculation","post-1","odd"],"aioseo_notices":[],"_links":{"self":[{"href":"https:\/\/www.legipermis.com\/blog\/wp-json\/wp\/v2\/posts\/2487","targetHints":{"allow":["GET"]}}],"collection":[{"href":"https:\/\/www.legipermis.com\/blog\/wp-json\/wp\/v2\/posts"}],"about":[{"href":"https:\/\/www.legipermis.com\/blog\/wp-json\/wp\/v2\/types\/post"}],"author":[{"embeddable":true,"href":"https:\/\/www.legipermis.com\/blog\/wp-json\/wp\/v2\/users\/3"}],"replies":[{"embeddable":true,"href":"https:\/\/www.legipermis.com\/blog\/wp-json\/wp\/v2\/comments?post=2487"}],"version-history":[{"count":0,"href":"https:\/\/www.legipermis.com\/blog\/wp-json\/wp\/v2\/posts\/2487\/revisions"}],"wp:featuredmedia":[{"embeddable":true,"href":"https:\/\/www.legipermis.com\/blog\/wp-json\/wp\/v2\/media\/2491"}],"wp:attachment":[{"href":"https:\/\/www.legipermis.com\/blog\/wp-json\/wp\/v2\/media?parent=2487"}],"wp:term":[{"taxonomy":"category","embeddable":true,"href":"https:\/\/www.legipermis.com\/blog\/wp-json\/wp\/v2\/categories?post=2487"},{"taxonomy":"post_tag","embeddable":true,"href":"https:\/\/www.legipermis.com\/blog\/wp-json\/wp\/v2\/tags?post=2487"}],"curies":[{"name":"wp","href":"https:\/\/api.w.org\/{rel}","templated":true}]}}