{"id":2389,"date":"2015-01-27T16:08:36","date_gmt":"2015-01-27T15:08:36","guid":{"rendered":"https:\/\/www.legipermis.com\/blog\/?p=2389"},"modified":"2021-08-20T09:39:59","modified_gmt":"2021-08-20T07:39:59","slug":"les-26-mesures-de-bernard-cazeneuve-pour-la-securite-routiere","status":"publish","type":"post","link":"https:\/\/www.legipermis.com\/blog\/2015\/01\/27\/les-26-mesures-de-bernard-cazeneuve-pour-la-securite-routiere\/","title":{"rendered":"Les 26 mesures de Bernard Cazeneuve pour la s\u00e9curit\u00e9 routi\u00e8re en 2015"},"content":{"rendered":"<div style=\"text-align:right;\"><em style=\"font-size:12.9px;font-weight:bold;\" class=\"last-modified\">Mis \u00e0 jour le 20\/08\/2021.<\/em><\/div><p>Le ministre de l&#8217;int\u00e9rieur Bernard Cazeneuve a pr\u00e9sent\u00e9 le bilan provisoire de la s\u00e9curit\u00e9 routi\u00e8re 2014. Ce dernier pr\u00e9sente une augmentation du nombre de morts sur la route pour la premi\u00e8re fois depuis 12 ans. &nbsp;Afin de relancer la course \u00e0 moins de 2000 morts \u00e0 l&#8217;horizon de 2020, le ministre a annonc\u00e9 un plan massif articul\u00e9 autour de 26 mesures annonc\u00e9es le lundi 26 janvier 2015.<\/p>\n<h2>Un bilan provisoire morose sur les accidents 2014<\/h2>\n<p>En 2014, d&#8217;apr\u00e8s l&#8217;Observatoire National Interminist\u00e9riel de la S\u00e9curit\u00e9 Routi\u00e8re (ONISR), <strong>le nombre de d\u00e9c\u00e8s sur les routes a augment\u00e9 de 3,7% soit 120 tu\u00e9s suppl\u00e9mentaires en 2014<\/strong> par rapport \u00e0 2013. Le nombre des bless\u00e9s \u00e9volue lui aussi de 2,5%.<\/p>\n<p>Ce bilan est marqu\u00e9 par une hausse de la mortalit\u00e9 sur les personnes vuln\u00e9rables comme les pi\u00e9tons avec +8%, les cyclistes +8% et les cyclomoteurs +6%. L&#8217;augmentation reste de mise chez les automobilistes avec +3% soit 50 d\u00e9c\u00e8s suppl\u00e9mentaires. Ces mauvais chiffres font sans plus attendre r\u00e9agir le gouvernement par l&#8217;annonce de mesures imminentes qui ont pour objectif de durcir les <a title=\"Infractions au code de la route\" href=\"\/infractions\/\" target=\"_blank\" rel=\"noopener noreferrer\">infractions au code de la route<\/a>.<\/p>\n<h2>26 mesures sur le permis de conduire<\/h2>\n<p>Le ministre de l&#8217;int\u00e9rieur a d\u00e9voil\u00e9 le lundi 26\/01\/2015 26 mesures autour de la sensibilisation, de la protection des personnes vuln\u00e9rables, du combat contre les infractions les plus graves comme le <a title=\"T\u00e9l\u00e9phone au volant\" href=\"\/infractions\/telephone-au-volant.html\" target=\"_blank\" rel=\"noopener noreferrer\">t\u00e9l\u00e9phone portable au volant<\/a> ou encore autour de l&#8217;am\u00e9lioration des infrastructures.<\/p>\n<h3>Sensibiliser pour mieux pr\u00e9venir et former<\/h3>\n<ul>\n<li>Modernisation accrue de l\u2019enseignement de la conduite, en lien avec les formateurs agr\u00e9\u00e9s : <strong>La conduite accompagn\u00e9 peut \u00eatre pratiqu\u00e9e d\u00e8s l&#8217;\u00e2ge de 15 ans avec la possibilit\u00e9 de passer l\u2019examen de conduite d\u00e8s 17 ans et demi<\/strong>.<\/li>\n<li>G\u00e9n\u00e9ralisation d\u2019un module de sensibilisation \u00e0 la s\u00e9curit\u00e9 routi\u00e8re en classe de seconde d\u00e8s la rentr\u00e9e 2015, ainsi que lors des journ\u00e9es de d\u00e9fense et de citoyennet\u00e9 suivies par les jeunes \u00e0 partir de leur 18\u00e8me ann\u00e9e. Actuellement, c&#8217;est en classe de 3\u00e8me que s&#8217;arr\u00eate la formation \u00e0 la s\u00e9curit\u00e9 routi\u00e8re.<\/li>\n<li>D\u00e9veloppement des op\u00e9rations de sensibilisation aux risques li\u00e9s aux pratiques addictives et \u00e0 l\u2019utilisation du t\u00e9l\u00e9phone portable au volant. Sensibilisation de l\u2019opinion \u00e0 la question des bless\u00e9s de la route \u2013 une campagne nationale d\u2019information sera lanc\u00e9e d\u00e8s le mois de f\u00e9vrier.<\/li>\n<li>Cr\u00e9ation d\u2019un site internet du Conseil National de la S\u00e9curit\u00e9 Routi\u00e8re (CNSR). Il permettra de mieux sensibiliser le public aux enjeux de la s\u00e9curit\u00e9 routi\u00e8re.<\/li>\n<li>Mise en place sur le site de la S\u00e9curit\u00e9 routi\u00e8re (DSCR) d\u2019une rubrique \u00ab \u00e0 l\u2019\u00e9preuve des faits \u00bb, d\u00e9livrant \u00e0 nos concitoyens une information de qualit\u00e9 et r\u00e9active face aux id\u00e9es re\u00e7ues et fausses affirmations sur la s\u00e9curit\u00e9 routi\u00e8re (technique du fact-checking).<\/li>\n<li><strong>Abaissement du <a title=\"L'alcool au volant\" href=\"\/infractions\/alcool-permis-conduire.html\" target=\"_blank\" rel=\"noopener noreferrer\">taux l\u00e9gal d\u2019alcool\u00e9mie<\/a> de 0,5 g\/l \u00e0 0,2 g\/l pour les conducteurs novices<\/strong> (3 ans apr\u00e8s le permis, ramen\u00e9s \u00e0 2 ans apr\u00e8s le permis s\u2019il a \u00e9t\u00e9 pr\u00e9c\u00e9d\u00e9 d\u2019un apprentissage par conduite accompagn\u00e9e). Les accidents de la route sont la premi\u00e8re cause de mortalit\u00e9 des 18-25 ans.<\/li>\n<li>Renforcement des contr\u00f4les des exploitants de d\u00e9bits de boissons autoris\u00e9s \u00e0 fermer entre 2h00 et 7h00 qui ont obligation de mise \u00e0 disposition de dispositifs d\u2019autocontr\u00f4le. Sanctionner administrativement en cas de non-respect, jusqu\u2019au retrait des autorisations d\u2019ouverture tardive, voire de vente de boissons alcoolis\u00e9es.<\/li>\n<li>Formation de tous les m\u00e9decins agr\u00e9\u00e9s au d\u00e9pistage pr\u00e9coce des probl\u00e8mes d\u2019alcool et de stup\u00e9fiants.<\/li>\n<\/ul>\n<blockquote class=\"twitter-tweet\" lang=\"fr\"><p><a href=\"https:\/\/twitter.com\/hashtag\/securiteroutiere?src=hash\">#securiteroutiere<\/a> LT <a href=\"https:\/\/twitter.com\/BCazeneuve\">@BCazeneuve<\/a> Sensibiliser, pr\u00e9venir, former Mesure n\u00b08 <a href=\"http:\/\/t.co\/4cnEg0LLto\">pic.twitter.com\/4cnEg0LLto<\/a><\/p>\n<p>\u2014 Minist\u00e8re Int\u00e9rieur (@Place_Beauvau) <a href=\"https:\/\/twitter.com\/Place_Beauvau\/status\/559735609385037824\">26 Janvier 2015<\/a><\/p><\/blockquote>\n<p><script src=\"\/\/platform.twitter.com\/widgets.js\" async charset=\"utf-8\"><\/script><\/p>\n<h3>Prot\u00e9ger les usagers les plus vuln\u00e9rables<\/h3>\n<ul>\n<li><strong>Interdire le stationnement des v\u00e9hicules, \u00e0 l\u2019exception des deux-roues, 5 m\u00e8tres avant les passages pi\u00e9tons<\/strong> pour am\u00e9liorer la visibilit\u00e9 entre pi\u00e9tons et conducteurs.<\/li>\n<li>Permettre aux maires d\u2019abaisser la vitesse sur de grandes parties, voire sur la totalit\u00e9 de l\u2019agglom\u00e9ration (et non plus uniquement dans quelques rues), pour r\u00e9duire le nombre et la gravit\u00e9 des collisions.<\/li>\n<li>En lien avec la Chancellerie, renforcer les sanctions pour les conducteurs qui, stationnant sur les passages pi\u00e9tons, sur les trottoirs ou sur les pistes cyclables, mettent en danger les pi\u00e9tons en les obligeant \u00e0 les contourner.<\/li>\n<li><strong>Relancer le d\u00e9ploiement de radars feux rouges et leur associer syst\u00e9matiquement un module de contr\u00f4le de la vitesse<\/strong>, notamment en agglom\u00e9ration.<\/li>\n<li>Uniformiser la taille et le format des plaques d\u2019immatriculation des deux-roues motoris\u00e9s, afin de faciliter les contr\u00f4les.<\/li>\n<li><strong>Rendre obligatoire pour les usagers de deux-roues motoris\u00e9s le port du gilet de s\u00e9curit\u00e9 en cas d\u2019arr\u00eat d\u2019urgence<\/strong>, comme c\u2019est d\u00e9j\u00e0 le cas pour les automobilistes.<\/li>\n<li>G\u00e9n\u00e9raliser \u00e0 terme l\u2019utilisation de supports de panneaux de signalisation \u00ab fusibles \u00bb, qui ne n\u00e9cessitent pas de glissi\u00e8re de s\u00e9curit\u00e9 et diminuent les risques pour les deux-roues motoris\u00e9s.<\/li>\n<\/ul>\n<blockquote class=\"twitter-tweet\" lang=\"fr\"><p><a href=\"https:\/\/twitter.com\/hashtag\/securiteroutiere?src=hash\">#securiteroutiere<\/a> LT <a href=\"https:\/\/twitter.com\/BCazeneuve\">@BCazeneuve<\/a> Prot\u00e9ger les plus vuln\u00e9rables Mesure n\u00b013 <a href=\"http:\/\/t.co\/E7cgnrUsEj\">pic.twitter.com\/E7cgnrUsEj<\/a> \u2014 Minist\u00e8re Int\u00e9rieur (@Place_Beauvau) <a href=\"https:\/\/twitter.com\/Place_Beauvau\/status\/559734994105810944\">26 Janvier 2015<\/a><\/p><\/blockquote>\n<p><script src=\"\/\/platform.twitter.com\/widgets.js\" async charset=\"utf-8\"><\/script><\/p>\n<h3>Lutter contre les infractions graves<\/h3>\n<p>Poursuivre la modernisation du parc des 4200 radars afin de mieux lutter encore contre la vitesse excessive ou inadapt\u00e9e sur les routes (radars chantiers pour la s\u00e9curit\u00e9 des personnels, radars mobile de nouvelle g\u00e9n\u00e9ration).<\/p>\n<ul>\n<li>Lutter contre les contournements de la loi en mati\u00e8re de contr\u00f4le automatis\u00e9, notamment : en <strong>d\u00e9ployant <a href=\"\/blog\/2014\/12\/17\/le-radar-double-face-la-nouvelle-arme-de-la-securite-routiere\/\" target=\"_blank\" rel=\"noopener noreferrer\">des radars double-face<\/a><\/strong> qui permettront aux enqu\u00eateurs de mieux identifier les auteurs des infractions ; en rappelant sur les avis de contraventions que les personnes morales ne peuvent se substituer aux personnes physiques pour l\u2019acquittement des amendes qui, comme les \u00e9ventuels retraits de points de permis, s\u2019appliquent au conducteur en infraction.<\/li>\n<li>Exiger, lors de la demande de certification d\u2019immatriculation d\u2019un v\u00e9hicule, la d\u00e9signation d\u2019une personne titulaire du permis de conduire correspondant au type de v\u00e9hicule \u00e0 immatriculer. Cette personne sera responsable en cas d\u2019infraction constat\u00e9e, \u00e0 d\u00e9faut d\u2019identification du conducteur en infraction.<\/li>\n<li>Agir contre le d\u00e9faut d\u2019assurance en se donnant les moyens techniques de v\u00e9rifier l\u2019ad\u00e9quation entre les v\u00e9hicules assur\u00e9s et les v\u00e9hicules immatricul\u00e9s.<\/li>\n<li>Observer, sur certains tron\u00e7ons de route \u00e0 double sens identifi\u00e9s comme particuli\u00e8rement accidentog\u00e8nes, l\u2019impact d\u2019<a href=\"\/blog\/2017\/12\/05\/limitation-de-vitesse-a-80-km-h-en-2018\/\" target=\"_blank\" rel=\"noopener noreferrer\">une diminution de la vitesse maximale autoris\u00e9e de 90 \u00e0 80 km\/h<\/a>.<\/li>\n<li>Exp\u00e9rimenter dans 11 d\u00e9partements, en lien avec la Mildeca, <a href=\"\/blog\/2014\/11\/14\/de-nouveaux-tests-salivaires-pour-le-cannabis\/\" target=\"_blank\" rel=\"noopener noreferrer\">la technique du double pr\u00e9l\u00e8vement salivaire en mati\u00e8re de d\u00e9pistage des stup\u00e9fiants<\/a>, en vue de la g\u00e9n\u00e9raliser et d\u2019augmenter ainsi le nombre de contr\u00f4les.<\/li>\n<li><strong><a title=\"Interdiction des oreillettes et des \u00e9couteurs sur la route\" href=\"\/blog\/2015\/01\/27\/interdiction-totale-des-oreillettes-et-des-ecouteurs-sur-la-route\/\">Interdire de porter tout syst\u00e8me de type \u00e9couteurs, oreillette, casque, &#8230;<\/a> susceptible de limiter tant l\u2019attention que l\u2019audition des conducteurs.<\/strong><\/li>\n<\/ul>\n<p><noscript><img decoding=\"async\" class=\" aligncenter\" src=\"\/images\/infractions\/kit-mains-libres-volant.jpg\" alt=\"\u00e9couteur et casque interdits au volant\"><\/noscript><img decoding=\"async\" class=\" aligncenter lazyload\" src=\"data:image\/gif;base64,R0lGODlhAQABAIAAAAAAAP\/\/\/yH5BAEAAAAALAAAAAABAAEAAAIBRAA7\" alt=\"\u00e9couteur et casque interdits au volant\" data-src=\"\/images\/infractions\/kit-mains-libres-volant.jpg\"><\/p>\n<ul>\n<li>Pr\u00e9ciser la r\u00e9glementation du surteintage des vitres \u00e0 l\u2019avant des v\u00e9hicules pour garantir le bon contr\u00f4le de certains comportements dangereux (utilisation du t\u00e9l\u00e9phone au volant, <a title=\"Non-port de la ceinture de s\u00e9curit\u00e9\" href=\"\/infractions\/non-port-ceinture-securite.html\" target=\"_blank\" rel=\"noopener noreferrer\">non-port de la ceinture de s\u00e9curit\u00e9<\/a> &#8230;)<\/li>\n<\/ul>\n<blockquote class=\"twitter-tweet\" lang=\"fr\"><p><a href=\"https:\/\/twitter.com\/hashtag\/securiteroutiere?src=hash\">#securiteroutiere<\/a> LT <a href=\"https:\/\/twitter.com\/BCazeneuve\">@BCazeneuve<\/a> Lutter sans rel\u00e2che contre les infractions graves Mesure n\u00b022 <a href=\"http:\/\/t.co\/IazCCC1Rn4\">pic.twitter.com\/IazCCC1Rn4<\/a><\/p>\n<p>\u2014 Minist\u00e8re Int\u00e9rieur (@Place_Beauvau) <a href=\"https:\/\/twitter.com\/Place_Beauvau\/status\/559734044544745472\">26 Janvier 2015<\/a><\/p><\/blockquote>\n<p><script src=\"\/\/platform.twitter.com\/widgets.js\" async charset=\"utf-8\"><\/script><\/p>\n<h3>Am\u00e9liorer la s\u00e9curit\u00e9 des v\u00e9hicules et des infrastructures<\/h3>\n<ul>\n<li style=\"list-style-type: none;\">\n<ul>\n<li><strong>R\u00e9duire les risques de contresens sur autoroute<\/strong> en alertant les conducteurs d\u00e9sorient\u00e9s par l\u2019installation de panneaux \u00ab sens interdit \u00bb sur fond r\u00e9tro-r\u00e9fl\u00e9chissant sur les bretelles de sortie.<\/li>\n<li>Soutenir les d\u00e9marches europ\u00e9ennes sur l\u2019installation d\u2019enregistreurs de donn\u00e9es de la route (EDR) dans les v\u00e9hicules pour mieux conna\u00eetre les m\u00e9canismes d\u2019accidents.<\/li>\n<li>Fournir aux collectivit\u00e9s locales des outils pour les soutenir dans leurs d\u00e9marches d\u2019am\u00e9lioration de la s\u00e9curit\u00e9 routi\u00e8re : guides techniques pour les encourager \u00e0 r\u00e9aliser, comme le fait aujourd\u2019hui l\u2019Etat sur son r\u00e9seau, des audits de s\u00e9curit\u00e9 ; partage de bonnes pratiques.<\/li>\n<\/ul>\n<\/li>\n<\/ul>\n<blockquote class=\"twitter-tweet\" lang=\"fr\"><p><a href=\"https:\/\/twitter.com\/hashtag\/securiteroutiere?src=hash\">#securiteroutiere<\/a> LT <a href=\"https:\/\/twitter.com\/BCazeneuve\">@BCazeneuve<\/a> Am\u00e9liorer la s\u00e9curit\u00e9 des v\u00e9hicules et des infrastructures Mesure n\u00b024 <a href=\"http:\/\/t.co\/oiA8hb9mOW\">pic.twitter.com\/oiA8hb9mOW<\/a> \u2014 Minist\u00e8re Int\u00e9rieur (@Place_Beauvau) <a href=\"https:\/\/twitter.com\/Place_Beauvau\/status\/559736077309992960\">26 Janvier 2015<\/a><\/p><\/blockquote>\n<p><script src=\"\/\/platform.twitter.com\/widgets.js\" async charset=\"utf-8\"><\/script><\/p>\n<h2>L&#8217;acceptabilit\u00e9 de telles mesures<\/h2>\n<p>Il n&#8217;est pas \u00e9vident pour tout un chacun de comprendre que la politique de s\u00e9curit\u00e9 routi\u00e8re s&#8217;applique \u00e0 tous. L&#8217;interdiction des oreillettes notamment risque de faire grand bruit aupr\u00e8s de certaines professions comme les taxis. Les jeunes conducteurs trouveront injuste de perdre leur permis, qui leur a co\u00fbt\u00e9 du temps et de l&#8217;argent, pour une bi\u00e8re. Mais si on se place devant les critiques r\u00e9currentes des associations d&#8217;automobilistes et de motards, on pourra arguer que ces mesures pour une fois, sont loin de se concentrer que sur la vitesse qui est un facteur aggravant \u00e0 tous les comportements.<\/p>\n<p>Enfin dans ce flot de mesures, aucune annonce n&#8217;a \u00e9t\u00e9 faite autour des <a href=\"\/stage-recuperation-points\/\" target=\"_blank\" rel=\"noopener noreferrer\">stages pour la r\u00e9cup\u00e9ration de points<\/a> dont la port\u00e9e de sensibilisation est souvent mise de cot\u00e9. Le rendre obligatoire dans le cadre d&#8217;une formation continue pourrait appara\u00eetre comme une solution. Un conducteur, une fois le permis en poche, est laiss\u00e9 sur le cot\u00e9 de la route le reste de sa vie. Tout n&#8217;est pas parfait et certains argueront et notamment les deux roues, qu&#8217;il manquera toujours un volet d\u00e9di\u00e9 \u00e0 <a href=\"\/infractions\/changement-direction-absence-clignotant.html\" target=\"_blank\" rel=\"noopener noreferrer\">l&#8217;oubli du clignotant<\/a> ou encore un plan d&#8217;action global visant \u00e0 am\u00e9liorer l&#8217;\u00e9tat des routes.<\/p>\n","protected":false},"excerpt":{"rendered":"<p>Le ministre de l&#8217;int\u00e9rieur Bernard Cazeneuve a pr\u00e9sent\u00e9 le bilan provisoire de la s\u00e9curit\u00e9 routi\u00e8re 2014. Ce dernier pr\u00e9sente une augmentation du nombre de morts sur la route pour la premi\u00e8re fois depuis 12 ans. \u00a0Afin de relancer la course \u00e0 moins de 2000 morts \u00e0 l&#8217;horizon de 2020, le ministre a annonc\u00e9 un plan massif articul\u00e9 autour de 26 mesures annonc\u00e9es le lundi 26 janvier 2015.<br \/>\nUn bilan provisoire morose sur les accidents 2014<br \/>\nEn 2014, d&#8217;apr\u00e8s l&#8217;Observatoire National Interminist\u00e9riel de la S\u00e9curit\u00e9 Routi\u00e8re (ONISR), <strong>le nombre de d\u00e9c\u00e8s sur les routes a augment\u00e9 de 3,7% soit 120 tu\u00e9s suppl\u00e9mentaires en\u00a0[&#8230;]<\/p>\n","protected":false},"author":2,"featured_media":2402,"comment_status":"open","ping_status":"closed","sticky":false,"template":"","format":"standard","meta":{"footnotes":""},"categories":[3],"tags":[80,165,89,186,269,112,21,70,90,270],"class_list":["post-2389","post","type-post","status-publish","format-standard","has-post-thumbnail","hentry","category-securite-routiere","tag-alcool","tag-bilan","tag-chiffres","tag-loi","tag-ministre-de-linterieur","tag-permis-de-conduire","tag-reforme","tag-securite-routiere-2","tag-statistiques","tag-telephone","post-1","odd"],"aioseo_notices":[],"_links":{"self":[{"href":"https:\/\/www.legipermis.com\/blog\/wp-json\/wp\/v2\/posts\/2389","targetHints":{"allow":["GET"]}}],"collection":[{"href":"https:\/\/www.legipermis.com\/blog\/wp-json\/wp\/v2\/posts"}],"about":[{"href":"https:\/\/www.legipermis.com\/blog\/wp-json\/wp\/v2\/types\/post"}],"author":[{"embeddable":true,"href":"https:\/\/www.legipermis.com\/blog\/wp-json\/wp\/v2\/users\/2"}],"replies":[{"embeddable":true,"href":"https:\/\/www.legipermis.com\/blog\/wp-json\/wp\/v2\/comments?post=2389"}],"version-history":[{"count":0,"href":"https:\/\/www.legipermis.com\/blog\/wp-json\/wp\/v2\/posts\/2389\/revisions"}],"wp:featuredmedia":[{"embeddable":true,"href":"https:\/\/www.legipermis.com\/blog\/wp-json\/wp\/v2\/media\/2402"}],"wp:attachment":[{"href":"https:\/\/www.legipermis.com\/blog\/wp-json\/wp\/v2\/media?parent=2389"}],"wp:term":[{"taxonomy":"category","embeddable":true,"href":"https:\/\/www.legipermis.com\/blog\/wp-json\/wp\/v2\/categories?post=2389"},{"taxonomy":"post_tag","embeddable":true,"href":"https:\/\/www.legipermis.com\/blog\/wp-json\/wp\/v2\/tags?post=2389"}],"curies":[{"name":"wp","href":"https:\/\/api.w.org\/{rel}","templated":true}]}}