{"id":2317,"date":"2015-02-09T08:37:16","date_gmt":"2015-02-09T07:37:16","guid":{"rendered":"https:\/\/www.legipermis.com\/blog\/?p=2317"},"modified":"2018-01-15T14:40:45","modified_gmt":"2018-01-15T13:40:45","slug":"differences-entre-phares-de-position-croisement-routes","status":"publish","type":"post","link":"https:\/\/www.legipermis.com\/blog\/2015\/02\/09\/differences-entre-phares-de-position-croisement-routes\/","title":{"rendered":"Diff\u00e9rences entre phares de position, croisement, routes &#8230;"},"content":{"rendered":"<div style=\"text-align:right;\"><em style=\"font-size:12.9px;font-weight:bold;\" class=\"last-modified\">Mis \u00e0 jour le 15\/01\/2018.<\/em><\/div><p>C&#8217;est une question classique que l&#8217;on peut retrouver notamment \u00e0 l&#8217;examen du code de la route. <strong>Quelles sont les principales diff\u00e9rences entre les phares de position, de croisement et de routes ?<\/strong> Dans quels cas doit-on les utiliser ? Quels sont les risques de mettre ses feux de brouillard quand ce n&#8217;est pas adapt\u00e9 ? Aujourd&#8217;hui, de nombreux dispositifs en option permettent de mettre automatiquement &#8220;vos phares&#8221;, il convient n\u00e9anmoins de bien conna\u00eetre la l\u00e9gislation en vigueur.<\/p>\n<h2>Les feux de position ou &#8220;veilleuses&#8221;<\/h2>\n<p>Les feux de position encore appel\u00e9s &#8220;veilleuses&#8221; sont <strong>le&nbsp;niveau minimum d&#8217;intensit\u00e9<\/strong> <strong>des phares<\/strong> que l&#8217;on peut retrouver. Leur principe est d&#8217;\u00eatre tout simplement mieux vu vis \u00e0 vis des autres. En revanche, ils ne servent en aucun cas \u00e0 \u00e9clairer. En ville lorsque les conditions d&#8217;\u00e9clairages sont satisfaisantes, ils peuvent se substituer aux feux de croisement m\u00eame par temps de pluie.<\/p>\n<h2>Les feux de croisement ou &#8220;codes&#8221;<\/h2>\n<p>C&#8217;est le deuxi\u00e8me niveau de phare en terme d&#8217;intensit\u00e9. Les feux de croisement ou &#8220;codes&#8221; comme on les appelle vulgairement permettent de mieux voir la nuit ou dans les conditions d&#8217;obscurit\u00e9 et d&#8217;\u00eatre vu sans \u00e9blouir les autres conducteurs. <strong>C&#8217;est \u00e0 dire quand la visibilit\u00e9 parfaite \u00e0 150m n&#8217;est plus garantie.<\/strong> Il est \u00e0 noter que depuis le 1er Janvier 2014, l&#8217;utilisation des feux de croisement est obligatoire en Suisse m\u00eame en plein jour (peuvent \u00eatre remplac\u00e9s par des feux diurnes qui sont souvent moins agressifs car ce sont des LED). L&#8217;oubli d&#8217;\u00e9clairer ses phares est sanctionn\u00e9 par une amende forfaitaire de 135\u20ac&nbsp;ainsi qu&#8217;un retrait&nbsp;de 4 points, voire m\u00eame une suspension de permis.<\/p>\n<p><noscript><img decoding=\"async\" class=\" size-full wp-image-2319 aligncenter\" src=\"\/blog\/wp-content\/uploads\/2015\/01\/obligation-phares-route.jpg\" alt=\"obligation phares sur la route\" width=\"800\" height=\"407\" srcset=\"https:\/\/www.legipermis.com\/blog\/wp-content\/uploads\/2015\/01\/obligation-phares-route.jpg 800w, https:\/\/www.legipermis.com\/blog\/wp-content\/uploads\/2015\/01\/obligation-phares-route-150x76.jpg 150w, https:\/\/www.legipermis.com\/blog\/wp-content\/uploads\/2015\/01\/obligation-phares-route-300x153.jpg 300w\" sizes=\"(max-width: 800px) 100vw, 800px\"><\/noscript><img decoding=\"async\" class=\" size-full wp-image-2319 aligncenter lazyload\" src=\"data:image\/svg+xml,%3Csvg%20xmlns%3D%22http%3A%2F%2Fwww.w3.org%2F2000%2Fsvg%22%20viewBox%3D%220%200%20800%20407%22%3E%3C%2Fsvg%3E\" alt=\"obligation phares sur la route\" width=\"800\" height=\"407\" srcset=\"data:image\/svg+xml,%3Csvg%20xmlns%3D%22http%3A%2F%2Fwww.w3.org%2F2000%2Fsvg%22%20viewBox%3D%220%200%20800%20407%22%3E%3C%2Fsvg%3E 800w\" sizes=\"(max-width: 800px) 100vw, 800px\" data-srcset=\"https:\/\/www.legipermis.com\/blog\/wp-content\/uploads\/2015\/01\/obligation-phares-route.jpg 800w, https:\/\/www.legipermis.com\/blog\/wp-content\/uploads\/2015\/01\/obligation-phares-route-150x76.jpg 150w, https:\/\/www.legipermis.com\/blog\/wp-content\/uploads\/2015\/01\/obligation-phares-route-300x153.jpg 300w\" data-src=\"\/blog\/wp-content\/uploads\/2015\/01\/obligation-phares-route.jpg\"><\/p>\n<h2>Les feux de routes, &#8220;phares&#8221; ou &#8220;pleins phares&#8221;<\/h2>\n<p>L&#8217;utilisation des feux de routes encore appel\u00e9s &#8220;pleins phares&#8221; permettent de voir jusqu&#8217;\u00e0 100m la nuit. Il est par contre imp\u00e9ratif de repasser en feux de croisement d\u00e9s que l&#8217;on croise un autre v\u00e9hicule. Si on \u00e9blouit (c&#8217;est notion de g\u00eane qui est retenue) le&nbsp;conducteur d&#8217;en face, la sanction pr\u00e9vue est une amende de 135\u20ac et la perte de 4 points sur <a href=\"\/legislation\/\">le permis \u00e0 points<\/a>. Les appels de phares sont une autre question que&nbsp;<a href=\"\/blog\/2014\/09\/29\/lappel-de-phare-est-il-interdit-ou-autorise\/\" target=\"_blank\">Me. Changeur&nbsp;a d\u00e9j\u00e0 abord\u00e9 sur le blog<\/a>.<\/p>\n<p><iframe style=\"width:120px;height:240px;\" marginwidth=\"0\" marginheight=\"0\" scrolling=\"no\" frameborder=\"0\" src=\"\/\/ws-eu.amazon-adsystem.com\/widgets\/q?ServiceVersion=20070822&#038;OneJS=1&#038;Operation=GetAdHtml&#038;MarketPlace=FR&#038;source=ss&#038;ref=ss_til&#038;ad_type=product_link&#038;tracking_id=legip-21&#038;marketplace=amazon&#038;region=FR&#038;placement=B00Q9VTMKS&#038;asins=B00Q9VTMKS&#038;linkId=&#038;show_border=true&#038;link_opens_in_new_window=true\"><br \/>\n<\/iframe><iframe style=\"width:120px;height:240px;\" marginwidth=\"0\" marginheight=\"0\" scrolling=\"no\" frameborder=\"0\" src=\"\/\/ws-eu.amazon-adsystem.com\/widgets\/q?ServiceVersion=20070822&#038;OneJS=1&#038;Operation=GetAdHtml&#038;MarketPlace=FR&#038;source=ss&#038;ref=ss_til&#038;ad_type=product_link&#038;tracking_id=legip-21&#038;marketplace=amazon&#038;region=FR&#038;placement=B0091TBPHS&#038;asins=B0091TBPHS&#038;linkId=&#038;show_border=true&#038;link_opens_in_new_window=true\"><br \/>\n<\/iframe><iframe style=\"width:120px;height:240px;\" marginwidth=\"0\" marginheight=\"0\" scrolling=\"no\" frameborder=\"0\" src=\"\/\/ws-eu.amazon-adsystem.com\/widgets\/q?ServiceVersion=20070822&#038;OneJS=1&#038;Operation=GetAdHtml&#038;MarketPlace=FR&#038;source=ss&#038;ref=ss_til&#038;ad_type=product_link&#038;tracking_id=legip-21&#038;marketplace=amazon&#038;region=FR&#038;placement=B007TNDPUI&#038;asins=B007TNDPUI&#038;linkId=&#038;show_border=true&#038;link_opens_in_new_window=true\"><br \/>\n<\/iframe><iframe style=\"width:120px;height:240px;\" marginwidth=\"0\" marginheight=\"0\" scrolling=\"no\" frameborder=\"0\" src=\"\/\/ws-eu.amazon-adsystem.com\/widgets\/q?ServiceVersion=20070822&#038;OneJS=1&#038;Operation=GetAdHtml&#038;MarketPlace=FR&#038;source=ss&#038;ref=ss_til&#038;ad_type=product_link&#038;tracking_id=legip-21&#038;marketplace=amazon&#038;region=FR&#038;placement=B00K5S4API&#038;asins=B00K5S4API&#038;linkId=&#038;show_border=true&#038;link_opens_in_new_window=true\"><br \/>\n<\/iframe><\/p>\n<h2>Les feux de brouillard avant<\/h2>\n<p>Les feux de brouillard avant s&#8217;utilisent&nbsp;en compl\u00e9ment ou \u00e0 la place&nbsp;des feux de croisement, en cas de pluie, de neige ou de brouillard.<\/p>\n<h2>Les feux de brouillard&nbsp;arri\u00e8re<\/h2>\n<p>Les feux de brouillard arri\u00e8re \u00e0 la diff\u00e9rence des feux avant ne peuvent \u00eatre utilis\u00e9s par temps de pluie car ils sont trop lumineux et pourraient \u00e9blouir les v\u00e9hicules&nbsp;derri\u00e8re. Une g\u00eane occasionn\u00e9e par une mauvaise utilisation des feux de brouillard pourra \u00eatre sanctionn\u00e9e par une amende forfaitaire de 135\u20ac.<br>\nVoir <a href=\"\/blog\/2016\/11\/02\/feux-de-brouillard-avant-et-arriere-quand-sont-ils-obligatoires\/\">quand mettre les phares anti-brouillards<\/a>.<\/p>\n<h2>Amende pour un \u00e9clairage d\u00e9fectueux ou manquant<\/h2>\n<p>Une amende de 68 \u20ac pour un feu ou \u00e9l\u00e9ment de signalisation manquant, grill\u00e9 ou cass\u00e9 est pr\u00e9vue par la loi. L&#8217;oubli et l&#8217;usage abusif sont donc plus sanctionn\u00e9 que le d\u00e9faut technique.<\/p>\n<h2>Pour les motos et les cyclomoteurs<\/h2>\n<p><b>L\u2019allumage des feux de jour comme de nuit est obligatoire<\/b> pour les motos de plus de 125cm3 depuis le 1er janvier 1965 et pour les autres qui le sont depuis le 1er janvier 1988. Les cyclomoteurs quant \u00e0 eux doivent tous allumer les feux de jour comme de nuit depuis le 1er janvier 2004. Le non-respect de ces r\u00e8gles pour les deux roues motoris\u00e9s est sanctionn\u00e9 en th\u00e9orie d&#8217;une amende de 35\u20ac.<\/p>\n<p><strong>Mise \u00e0 jour janvier 2018<\/strong> : Le <a href=\"\/blog\/2018\/01\/10\/cisr-du-09-01-2018-80-km-h-telephone-alcool\/\">CISR du 9 janvier 2018<\/a> pr\u00e9voit, pour le courant de l&#8217;ann\u00e9e 2018, d&#8217;autoriser l\u2019allumage de jour, en dehors des p\u00e9riodes de faible visibilit\u00e9 et hors<br>\nagglom\u00e9ration, des feux de brouillard pour les motocyclistes.<\/p>\n<p>Cr\u00e9dit photo :&nbsp;Julien Neuville et&nbsp;Mathieu Bonnevie.<\/p>\n<p>&nbsp;<\/p>\n","protected":false},"excerpt":{"rendered":"<p>C&#8217;est une question classique que l&#8217;on peut retrouver notamment \u00e0 l&#8217;examen du code de la route. <strong>Quelles sont les principales diff\u00e9rences entre les phares de position, de croisement et de routes ?<\/strong> Dans quels cas doit-on les utiliser ? Quels sont les risques de mettre ses feux de brouillard quand ce n&#8217;est pas adapt\u00e9 ? Aujourd&#8217;hui, de nombreux dispositifs en option permettent de mettre automatiquement &#8220;vos phares&#8221;, il convient n\u00e9anmoins de bien conna\u00eetre la l\u00e9gislation en vigueur.<br \/>\nLes feux de position ou &#8220;veilleuses&#8221;<br \/>\nLes feux de position encore appel\u00e9s &#8220;veilleuses&#8221; sont <strong>le\u00a0niveau minimum d&#8217;intensit\u00e9<\/strong> <strong>des phares<\/strong> que l&#8217;on peut retrouver. Leur principe\u00a0[&#8230;]<\/p>\n","protected":false},"author":3,"featured_media":2320,"comment_status":"open","ping_status":"closed","sticky":false,"template":"","format":"standard","meta":{"footnotes":""},"categories":[3],"tags":[181,277,262,115],"class_list":["post-2317","post","type-post","status-publish","format-standard","has-post-thumbnail","hentry","category-securite-routiere","tag-legislation-2","tag-pedagogie","tag-phare","tag-route","post-1","odd"],"aioseo_notices":[],"_links":{"self":[{"href":"https:\/\/www.legipermis.com\/blog\/wp-json\/wp\/v2\/posts\/2317","targetHints":{"allow":["GET"]}}],"collection":[{"href":"https:\/\/www.legipermis.com\/blog\/wp-json\/wp\/v2\/posts"}],"about":[{"href":"https:\/\/www.legipermis.com\/blog\/wp-json\/wp\/v2\/types\/post"}],"author":[{"embeddable":true,"href":"https:\/\/www.legipermis.com\/blog\/wp-json\/wp\/v2\/users\/3"}],"replies":[{"embeddable":true,"href":"https:\/\/www.legipermis.com\/blog\/wp-json\/wp\/v2\/comments?post=2317"}],"version-history":[{"count":0,"href":"https:\/\/www.legipermis.com\/blog\/wp-json\/wp\/v2\/posts\/2317\/revisions"}],"wp:featuredmedia":[{"embeddable":true,"href":"https:\/\/www.legipermis.com\/blog\/wp-json\/wp\/v2\/media\/2320"}],"wp:attachment":[{"href":"https:\/\/www.legipermis.com\/blog\/wp-json\/wp\/v2\/media?parent=2317"}],"wp:term":[{"taxonomy":"category","embeddable":true,"href":"https:\/\/www.legipermis.com\/blog\/wp-json\/wp\/v2\/categories?post=2317"},{"taxonomy":"post_tag","embeddable":true,"href":"https:\/\/www.legipermis.com\/blog\/wp-json\/wp\/v2\/tags?post=2317"}],"curies":[{"name":"wp","href":"https:\/\/api.w.org\/{rel}","templated":true}]}}