{"id":1743,"date":"2014-10-07T09:00:00","date_gmt":"2014-10-07T07:00:00","guid":{"rendered":"https:\/\/www.legipermis.com\/blog\/?p=1743"},"modified":"2021-08-23T14:12:17","modified_gmt":"2021-08-23T12:12:17","slug":"signaler-un-radar-sur-internet-est-ce-autorise","status":"publish","type":"post","link":"https:\/\/www.legipermis.com\/blog\/2014\/10\/07\/signaler-un-radar-sur-internet-est-ce-autorise\/","title":{"rendered":"Signaler un radar sur Internet. Est-ce autoris\u00e9 ?"},"content":{"rendered":"<div style=\"text-align:right;\"><em style=\"font-size:12.9px;font-weight:bold;\" class=\"last-modified\">Mis \u00e0 jour le 23\/08\/2021.<\/em><\/div><p>15 internautes ont comparu&nbsp;devant la justice le 9 septembre pour avoir&nbsp;signal\u00e9 des emplacements de radars &nbsp;sur Facebook notamment sur le groupe appel\u00e9 :<strong>&nbsp;<\/strong>&#8220;qui&nbsp;te dit o\u00f9 est la police en Aveyron&#8221;.<\/p>\n<h2>Une pratique r\u00e9pandue sur les r\u00e9seaux sociaux<\/h2>\n<p>Cette pratique est aujourd&#8217;hui assez r\u00e9pandue sur Internet, que ce soit sur Facebook ou sur Twitter o\u00f9 les comptes pullulent. On estime qu&#8217;en France, <strong>il y a environ 800000 internautes qui suivent ou participent \u00e0 ces r\u00e9seaux<\/strong>&nbsp;et qui signalent l&#8217;emplacement des radars mobiles. Alors que <strong>cette pratique est bien \u00e9videmment interdite <\/strong>(l\u2019article <a href=\"https:\/\/www.legifrance.gouv.fr\/codes\/article_lc\/LEGIARTI000006842205\/2008-01-31\/\" target=\"_blank\" rel=\"noopener noreferrer\">R413-15<\/a> du Code de la route interdit les \u201cappareils, dispositifs ou produits\u201d<em>)<\/em>,&nbsp;la&nbsp;plupart des utilisateurs se d\u00e9fendent d&#8217;avertir les travaux et les accidents. Apr\u00e8s tout, cette pratique n&#8217;est que la g\u00e9n\u00e9ralisation d&#8217;un principe que beaucoup ont connu dans le pass\u00e9 avec le principe de l&#8217;appel de phare. De plus, on pourrait aussi pointer du doigts <strong>les fameuses zones dangereuses<\/strong> que les dispositifs et autres applications mobiles signalent all\u00e8grement. Nous avions vu par exemple que l&#8217;application Waze peut \u00eatre tr\u00e8s facilement d\u00e9bloqu\u00e9e sous Android afin de participer \u00e0 une communaut\u00e9&nbsp;qui signale les radars sur une carte avec GPS.<\/p>\n<p><noscript><img decoding=\"async\" class=\"size-full wp-image-1745 aligncenter\" src=\"\/blog\/wp-content\/uploads\/2014\/09\/radars.jpg\" alt=\"radars sur facebook\" width=\"520\" height=\"393\" srcset=\"https:\/\/www.legipermis.com\/blog\/wp-content\/uploads\/2014\/09\/radars.jpg 520w, https:\/\/www.legipermis.com\/blog\/wp-content\/uploads\/2014\/09\/radars-150x113.jpg 150w, https:\/\/www.legipermis.com\/blog\/wp-content\/uploads\/2014\/09\/radars-300x226.jpg 300w\" sizes=\"(max-width: 520px) 100vw, 520px\"><\/noscript><img decoding=\"async\" class=\"size-full wp-image-1745 aligncenter lazyload\" src=\"data:image\/svg+xml,%3Csvg%20xmlns%3D%22http%3A%2F%2Fwww.w3.org%2F2000%2Fsvg%22%20viewBox%3D%220%200%20520%20393%22%3E%3C%2Fsvg%3E\" alt=\"radars sur facebook\" width=\"520\" height=\"393\" srcset=\"data:image\/svg+xml,%3Csvg%20xmlns%3D%22http%3A%2F%2Fwww.w3.org%2F2000%2Fsvg%22%20viewBox%3D%220%200%20520%20393%22%3E%3C%2Fsvg%3E 520w\" sizes=\"(max-width: 520px) 100vw, 520px\" data-srcset=\"https:\/\/www.legipermis.com\/blog\/wp-content\/uploads\/2014\/09\/radars.jpg 520w, https:\/\/www.legipermis.com\/blog\/wp-content\/uploads\/2014\/09\/radars-150x113.jpg 150w, https:\/\/www.legipermis.com\/blog\/wp-content\/uploads\/2014\/09\/radars-300x226.jpg 300w\" data-src=\"\/blog\/wp-content\/uploads\/2014\/09\/radars.jpg\"><\/p>\n<p>P\u00e9naliser ces gens, reviendrait \u00e0 p\u00e9naliser des utilisateurs n\u00e9ophytes et naifs, plut\u00f4t que des profils plus initi\u00e9s aux nouvelles technologies et qui communiquent sous des profils anonymes.<\/p>\n<h2>Un ras le bol g\u00e9n\u00e9ral<\/h2>\n<p>Par dessus tout, ces groupes t\u00e9moignent d&#8217;un ras le bol g\u00e9n\u00e9ral de gens qui ont en marre de payer, de perdre des points et qui ne sont pas satisfaits des pouvoirs public de mani\u00e8re g\u00e9n\u00e9rale. Ce qu&#8217;on peut lire dans ces statuts rel\u00e8ve clairement de l&#8217;outrage, de l&#8217;insulte envers des gendarmes et parfois m\u00eame de l&#8217;incitation \u00e0 la violence. C&#8217;est aussi \u00e7\u00e0 qui est point\u00e9 du doigts par le juge. Ce sont plus des groupes &#8220;anti-flics&#8221; que des ensembles de personnes qui s\u2019entraident. Tout y est m\u00e9lang\u00e9, de la parodie d&#8217;agents de l&#8217;\u00e9tat \u00e0 des mises en avant de &#8220;bavures&#8221; sans preuves clairement mise en avant.<\/p>\n","protected":false},"excerpt":{"rendered":"<p>15 internautes ont comparu\u00a0devant la justice le 9 septembre pour avoir\u00a0signal\u00e9 des emplacements de radars \u00a0sur Facebook notamment sur le groupe appel\u00e9 :<strong>\u00a0<\/strong>&#8220;qui\u00a0te dit o\u00f9 est la police en Aveyron&#8221;.<br \/>\nUne pratique r\u00e9pandue sur les r\u00e9seaux sociaux<br \/>\nCette pratique est aujourd&#8217;hui assez r\u00e9pandue sur Internet, que ce soit sur Facebook ou sur Twitter o\u00f9 les comptes pullulent. On estime qu&#8217;en France, <strong>il y a environ 800000 internautes qui suivent ou participent \u00e0 ces r\u00e9seaux<\/strong>\u00a0et qui signalent l&#8217;emplacement des radars mobiles. Alors que <strong>cette pratique est bien \u00e9videmment interdite <\/strong>(l\u2019article R413-15 du Code de la route interdit les \u201cappareils, dispositifs ou produits\u201d<em>)<\/em>,\u00a0la\u00a0plupart des\u00a0[&#8230;]<\/p>\n","protected":false},"author":3,"featured_media":1746,"comment_status":"open","ping_status":"closed","sticky":false,"template":"","format":"standard","meta":{"footnotes":""},"categories":[437,3],"tags":[189,10,22],"class_list":["post-1743","post","type-post","status-publish","format-standard","has-post-thumbnail","hentry","category-radar-automatique","category-securite-routiere","tag-facebook","tag-radar","tag-radar-mobile","post-1","odd"],"aioseo_notices":[],"_links":{"self":[{"href":"https:\/\/www.legipermis.com\/blog\/wp-json\/wp\/v2\/posts\/1743","targetHints":{"allow":["GET"]}}],"collection":[{"href":"https:\/\/www.legipermis.com\/blog\/wp-json\/wp\/v2\/posts"}],"about":[{"href":"https:\/\/www.legipermis.com\/blog\/wp-json\/wp\/v2\/types\/post"}],"author":[{"embeddable":true,"href":"https:\/\/www.legipermis.com\/blog\/wp-json\/wp\/v2\/users\/3"}],"replies":[{"embeddable":true,"href":"https:\/\/www.legipermis.com\/blog\/wp-json\/wp\/v2\/comments?post=1743"}],"version-history":[{"count":0,"href":"https:\/\/www.legipermis.com\/blog\/wp-json\/wp\/v2\/posts\/1743\/revisions"}],"wp:featuredmedia":[{"embeddable":true,"href":"https:\/\/www.legipermis.com\/blog\/wp-json\/wp\/v2\/media\/1746"}],"wp:attachment":[{"href":"https:\/\/www.legipermis.com\/blog\/wp-json\/wp\/v2\/media?parent=1743"}],"wp:term":[{"taxonomy":"category","embeddable":true,"href":"https:\/\/www.legipermis.com\/blog\/wp-json\/wp\/v2\/categories?post=1743"},{"taxonomy":"post_tag","embeddable":true,"href":"https:\/\/www.legipermis.com\/blog\/wp-json\/wp\/v2\/tags?post=1743"}],"curies":[{"name":"wp","href":"https:\/\/api.w.org\/{rel}","templated":true}]}}