{"id":13449,"date":"2026-07-22T11:39:31","date_gmt":"2026-07-22T09:39:31","guid":{"rendered":"https:\/\/www.legipermis.com\/blog\/?p=13449"},"modified":"2026-07-23T15:06:05","modified_gmt":"2026-07-23T13:06:05","slug":"voiture-autonome-niveau-3-130kmh","status":"publish","type":"post","link":"https:\/\/www.legipermis.com\/blog\/2026\/07\/22\/voiture-autonome-niveau-3-130kmh\/","title":{"rendered":"Voiture autonome niveau 3 \u00e0 130 km\/h : ce qui va changer en France"},"content":{"rendered":"<div style=\"text-align:right;\"><em style=\"font-size:12.9px;font-weight:bold;\" class=\"last-modified\">Mis \u00e0 jour le 23\/07\/2026.<\/em><\/div>\n<p class=\"intro wp-block-paragraph\">Depuis janvier 2023, le r\u00e8glement ONU n\u00b0 157 permet l\u2019homologation d\u2019un syst\u00e8me de niveau 3 jusqu\u2019\u00e0 130 km\/h sous conditions, contre 60 km\/h \u00e0 l\u2019origine. Cela n\u2019autorise pas \u00e0 l\u00e2cher le volant partout : v\u00e9hicule, route, m\u00e9t\u00e9o, reprise en main, responsabilit\u00e9 et assurance restent encadr\u00e9s.<\/p>\n\n\n\n<p class=\"wp-block-paragraph\">MAJ du 23 juillet 2026 : la France n\u2019autorisera pas le FSD de Tesla en l\u2019\u00e9tat. Dans une <a href=\"https:\/\/www.agora.gouv.fr\/qags\/918b7863-c9e7-4dfb-9a2e-b54feb7e1629\" title=\"\">r\u00e9ponse officielle publi\u00e9e sur Agora<\/a>, le ministre des Transports Philippe Tabarot estime que les garanties de s\u00e9curit\u00e9 sont encore insuffisantes, notamment en raison de possibles d\u00e9passements de vitesse et d\u2019une surveillance jug\u00e9e insuffisante de l\u2019attention du conducteur. Les \u00e9changes se poursuivent avec Tesla, les Pays-Bas et d\u2019autres \u00c9tats europ\u00e9ens.<\/p>\n\n\n\n<!--more-->\n\n\n\n<h2 class=\"wp-block-heading\">Voiture autonome niveau 3 : de quoi parle-t-on exactement ?<\/h2>\n\n\n\n<p class=\"wp-block-paragraph\">En <strong>niveau 2<\/strong>, le v\u00e9hicule assiste mais le conducteur surveille toujours la route. En <strong>niveau 3<\/strong>, le syst\u00e8me conduit et surveille dans un domaine pr\u00e9cis ; le conducteur doit toutefois pouvoir reprendre la main.<\/p>\n\n\n\n<figure class=\"wp-block-table\"><table class=\"has-fixed-layout\"><thead><tr><th>Niveau<\/th><th>Ce que fait le v\u00e9hicule<\/th><th>Responsabilit\u00e9 du conducteur<\/th><\/tr><\/thead><tbody><tr><td><strong>Niveau 2<\/strong><\/td><td>Aide \u00e0 la conduite: maintien dans la voie, r\u00e9gulateur adaptatif, assistance autorouti\u00e8re.<\/td><td>Le conducteur surveille la route en permanence.<\/td><\/tr><tr><td><strong>Niveau 3<\/strong><\/td><td>Le syst\u00e8me conduit seul dans un domaine pr\u00e9cis et surveille l\u2019environnement.<\/td><td>Le conducteur doit pouvoir reprendre la main sur demande.<\/td><\/tr><tr><td><strong>Niveau 4<\/strong><\/td><td>Le syst\u00e8me conduit seul dans une zone ou un service d\u00e9fini, sans reprise humaine n\u00e9cessaire dans ce p\u00e9rim\u00e8tre.<\/td><td>Le conducteur peut \u00eatre absent dans certains services, comme les navettes ou robotaxis g\u00e9ocadr\u00e9s.<\/td><\/tr><\/tbody><\/table><\/figure>\n\n\n\n<div style=\"margin-bottom:4px;max-width:730px;text-align:center;\">\n\t<!-- responsive blog legipermis avant bl -->\n\t<ins class=\"adsbygoogle\"\n\t\t style=\"display:block\"\n\t\t data-ad-client=\"ca-pub-0319615741565724\"\n\t\t data-ad-slot=\"3542437151\"\n\t\t data-ad-format=\"auto\" id=\"top-ad-responsive-blog\"><\/ins>\n\t<script>\n\t(tarteaucitron.job = tarteaucitron.job || []).push('adsense');\n\t(adsbygoogle = window.adsbygoogle || []).push({});\n\t<\/script>\n<\/div>\n\n\n\n<h3 class=\"wp-block-heading\">Le niveau 5 ?<\/h3>\n\n\n\n<p class=\"wp-block-paragraph\">Le niveau 5 d\u00e9signe l\u2019automatisation compl\u00e8te dans toutes les conditions o\u00f9 un conducteur humain pourrait conduire. Un v\u00e9hicule de niveau 5 pourrait \u00eatre con\u00e7u sans volant ni p\u00e9dales, mais leur absence ne d\u00e9finit pas ce niveau. Ce degr\u00e9 d\u2019automatisation doit encore g\u00e9rer les cas rares et impr\u00e9vus ; il n\u2019est pas disponible aujourd\u2019hui pour un usage routier g\u00e9n\u00e9ral.<\/p>\n\n\n\n<h2 class=\"wp-block-heading\">Pourquoi le passage de 60 \u00e0 130 km\/h est important<\/h2>\n\n\n\n<p class=\"wp-block-paragraph\">Le r\u00e8glement ONU n\u00b0157, ou ALKS, est pass\u00e9 d\u2019un usage dans les bouchons \u00e0 un cadre autoroutier pouvant atteindre <strong>130 km\/h<\/strong>, avec des exigences techniques renforc\u00e9es.<\/p>\n\n\n\n<figure class=\"wp-block-table\"><table class=\"has-fixed-layout\"><thead><tr><th>Point cl\u00e9<\/th><th>Cadre initial autour de 60 km\/h<\/th><th>Cadre \u00e9tendu jusqu\u2019\u00e0 130 km\/h<\/th><\/tr><\/thead><tbody><tr><td><strong>Usage principal<\/strong><\/td><td>Embouteillages et circulation lente.<\/td><td>Autoroute ou voie rapide \u00e0 chauss\u00e9es s\u00e9par\u00e9es.<\/td><\/tr><tr><td><strong>Complexit\u00e9<\/strong><\/td><td>Environnement plus pr\u00e9visible.<\/td><td>Vitesses \u00e9lev\u00e9es, distances de s\u00e9curit\u00e9 plus grandes, changements de voie.<\/td><\/tr><tr><td><strong>Fonctions attendues<\/strong><\/td><td>Maintien automatis\u00e9 dans la voie.<\/td><td>Maintien dans la voie et man\u0153uvre \u00e0 risque minimal ; changement de voie possible si le syst\u00e8me est con\u00e7u et homologu\u00e9 pour cette fonction.<\/td><\/tr><tr><td><strong>D\u00e9tection<\/strong><\/td><td>Port\u00e9e minimale plus courte.<\/td><td>Exigences renforc\u00e9es, avec une port\u00e9e de d\u00e9tection avant d\u2019au moins 150 m\u00e8tres \u00e0 130 km\/h.<\/td><\/tr><\/tbody><\/table><\/figure>\n\n\n\n<h2 class=\"wp-block-heading\">La France autorise-t-elle d\u00e9j\u00e0 le niveau 3 \u00e0 130 km\/h ?<\/h2>\n\n\n\n<p class=\"wp-block-paragraph\">La France encadre d\u00e9j\u00e0 les v\u00e9hicules \u00e0 d\u00e9l\u00e9gation de conduite avec le d\u00e9cret n\u00b02021-873. Cela n\u2019autorise pas pour autant le niveau 3 \u00e0 130 km\/h partout.<\/p>\n\n\n\n<p class=\"wp-block-paragraph\">Concr\u00e8tement, trois cadres se superposent :<\/p>\n\n\n\n<ul class=\"wp-block-list\">\n<li><strong>Le r\u00e8glement ONU<\/strong>, qui fixe un cadre technique international permettant le niveau 3 jusqu\u2019\u00e0 130 km\/h sous conditions ;<\/li>\n\n\n\n<li><strong>Le droit fran\u00e7ais<\/strong>, qui encadre la d\u00e9l\u00e9gation de conduite, la responsabilit\u00e9 et les obligations du conducteur ;<\/li>\n\n\n\n<li><strong>Les v\u00e9hicules r\u00e9ellement homologu\u00e9s et commercialis\u00e9s<\/strong>, qui restent encore peu nombreux et tr\u00e8s encadr\u00e9s;<\/li>\n<\/ul>\n\n\n\n<h2 class=\"wp-block-heading\">Le conducteur peut-il vraiment l\u00e2cher le volant ?<\/h2>\n\n\n\n<p class=\"wp-block-paragraph\">Oui, mais seulement dans le domaine d\u2019emploi du syst\u00e8me. Le conducteur doit rester disponible : dormir ou quitter son si\u00e8ge reste exclu.<\/p>\n\n\n\n<h2 class=\"wp-block-heading\">Responsabilit\u00e9 en cas d\u2019infraction : conducteur ou constructeur ?<\/h2>\n\n\n\n<p class=\"wp-block-paragraph\">Le r\u00e9gime sp\u00e9cial des articles L.123-1 et suivants s\u2019applique lorsque le syst\u00e8me contr\u00f4le le v\u00e9hicule dans ses conditions d\u2019utilisation.<\/p>\n\n\n\n<p class=\"wp-block-paragraph\">Pour une contravention caus\u00e9e par le syst\u00e8me, le constructeur peut devoir payer l\u2019amende. Certains d\u00e9lits peuvent aussi engager sa responsabilit\u00e9 p\u00e9nale si une faute est \u00e9tablie.<\/p>\n\n\n\n<p class=\"wp-block-paragraph\">Le conducteur redevient notamment responsable dans les cas suivants :<\/p>\n\n\n\n<ul class=\"wp-block-list\">\n<li><strong>s\u2019il reprend effectivement le contr\u00f4le dynamique du v\u00e9hicule<\/strong> \u00e0 la suite d\u2019une reprise en main ;<\/li>\n\n\n\n<li><strong>s\u2019il ne reprend pas la main<\/strong> \u00e0 l\u2019issue de la p\u00e9riode de transition apr\u00e8s une demande du syst\u00e8me ;<\/li>\n\n\n\n<li><strong>s\u2019il ne respecte pas les sommations, injonctions ou indications des forces de l\u2019ordre<\/strong>, par exemple une sommation de s\u2019arr\u00eater ;<\/li>\n\n\n\n<li><strong>s\u2019il ne respecte pas les r\u00e8gles relatives aux v\u00e9hicules d\u2019int\u00e9r\u00eat g\u00e9n\u00e9ral<\/strong>, notamment l\u2019obligation de faciliter ou de c\u00e9der le passage \u00e0 un v\u00e9hicule prioritaire ;<\/li>\n\n\n\n<li><strong>si le syst\u00e8me n\u2019\u00e9tait pas utilis\u00e9 conform\u00e9ment \u00e0 ses conditions d\u2019utilisation<\/strong> : dans ce cas, le r\u00e9gime sp\u00e9cial d\u2019exon\u00e9ration du conducteur ne s\u2019applique pas.<\/li>\n<\/ul>\n\n\n\n<figure class=\"wp-block-table\"><table class=\"has-fixed-layout\"><thead><tr><th>Situation<\/th><th>Cons\u00e9quence juridique<\/th><th>R\u00e9f\u00e9rence principale<\/th><\/tr><\/thead><tbody><tr><td>Le syst\u00e8me automatis\u00e9 conduit dans ses conditions d\u2019utilisation<\/td><td>Le conducteur n\u2019est pas soumis \u00e0 la r\u00e8gle g\u00e9n\u00e9rale de responsabilit\u00e9 pour les infractions r\u00e9sultant d\u2019une man\u0153uvre du v\u00e9hicule.<\/td><td>Article L.123-1 du code de la route<\/td><\/tr><tr><td>Contravention r\u00e9sultant d\u2019une man\u0153uvre du syst\u00e8me<\/td><td>Le constructeur ou son mandataire est redevable p\u00e9cuniairement de l\u2019amende, sauf exceptions pr\u00e9vues par le code.<\/td><td>Article L.123-2 du code de la route<\/td><\/tr><tr><td>D\u00e9lit non intentionnel, homicide routier ou blessures routi\u00e8res<\/td><td>Le constructeur ou son mandataire peut \u00eatre p\u00e9nalement responsable si une faute est \u00e9tablie.<\/td><td>Article L.123-2 du code de la route<\/td><\/tr><tr><td>Absence de reprise en main apr\u00e8s demande du syst\u00e8me<\/td><td>Le conducteur redevient soumis au droit commun de la responsabilit\u00e9.<\/td><td>Article L.123-1 du code de la route<\/td><\/tr><tr><td>Usage hors conditions d\u2019utilisation<\/td><td>Le r\u00e9gime sp\u00e9cial d\u2019exon\u00e9ration ne s\u2019applique pas.<\/td><td>Articles L.123-1, L.319-1 et L.319-3 du code de la route<\/td><\/tr><\/tbody><\/table><\/figure>\n\n\n\n<h2 class=\"wp-block-heading\">Assurance auto : ce que cela change<\/h2>\n\n\n\n<p class=\"wp-block-paragraph\">L\u2019<a href=\"https:\/\/www.legipermis.com\/blog\/2016\/12\/01\/voiture-au-garage-assurance-auto-obligatoire\/\" title=\"Voiture au garage : assurance auto obligatoire ?\"><strong>assurance auto<\/strong><\/a> reste obligatoire, m\u00eame avec un v\u00e9hicule de niveau 3.<\/p>\n\n\n\n<p class=\"wp-block-paragraph\">Selon les caract\u00e9ristiques du v\u00e9hicule et les clauses du contrat, il est recommand\u00e9 de :<\/p>\n\n\n\n<ul class=\"wp-block-list\">\n<li>v\u00e9rifier aupr\u00e8s de l\u2019assureur si l\u2019\u00e9quipement automatis\u00e9 doit \u00eatre d\u00e9clar\u00e9 ;<\/li>\n\n\n\n<li>conserver les justificatifs de mises \u00e0 jour logicielles lorsque le constructeur ou le contrat le recommande ;<\/li>\n\n\n\n<li>respecter les conditions d\u2019utilisation du syst\u00e8me ;<\/li>\n\n\n\n<li>pr\u00e9voir une formation des conducteurs professionnels si les conditions d\u2019usage ou le contrat l\u2019exigent ;<\/li>\n\n\n\n<li>v\u00e9rifier les exclusions et limites du contrat d\u2019assurance.<\/li>\n<\/ul>\n\n\n\n<h2 class=\"wp-block-heading\">Quels v\u00e9hicules proposent d\u00e9j\u00e0 du niveau 3 ?<\/h2>\n\n\n\n<p class=\"wp-block-paragraph\">BMW et Mercedes-Benz illustrent un march\u00e9 encore progressif, avec des syst\u00e8mes de niveau 3 disponibles et homologu\u00e9s en Allemagne aux vitesses annonc\u00e9es de 60 km\/h pour BMW et 95 km\/h pour Mercedes-Benz. Ces vitesses ne signifient pas que les m\u00eames fonctions sont disponibles ou autoris\u00e9es en France. Le plafond r\u00e9glementaire de 130 km\/h n\u2019est pas g\u00e9n\u00e9ralis\u00e9.<\/p>\n\n\n\n<h2 class=\"wp-block-heading\">Ce que les conducteurs devront v\u00e9rifier avant d\u2019utiliser le niveau 3<\/h2>\n\n\n\n<ul class=\"wp-block-list\">\n<li><strong>Le niveau exact du syst\u00e8me :<\/strong> niveau 2 ou vrai niveau 3 homologu\u00e9.<\/li>\n\n\n\n<li><strong>Le domaine d\u2019emploi :<\/strong> autoroute, m\u00e9t\u00e9o, marquage, vitesse maximale, pays autoris\u00e9.<\/li>\n\n\n\n<li><strong>Les alertes de reprise en main :<\/strong> signal sonore, visuel, vibration, d\u00e9lai de transition.<\/li>\n\n\n\n<li><strong>Les mises \u00e0 jour logicielles :<\/strong> version du syst\u00e8me, correctifs, maintenance.<\/li>\n\n\n\n<li><strong>La couverture d\u2019assurance :<\/strong> d\u00e9claration du v\u00e9hicule et garanties applicables.<\/li>\n\n\n\n<li><strong>Les donn\u00e9es disponibles :<\/strong> historique d\u2019activation et \u00e9v\u00e9nements enregistr\u00e9s.<\/li>\n<\/ul>\n\n\n\n<h2 class=\"wp-block-heading\">FAQ sur la voiture autonome niveau 3 \u00e0 130 km\/h<\/h2>\n\n\n\n<h3 class=\"wp-block-heading\">Le niveau 3 permet-il de dormir au volant ?<\/h3>\n\n\n\n<p class=\"wp-block-paragraph\">Non : le conducteur doit rester disponible pour reprendre la main.<\/p>\n\n\n\n<h3 class=\"wp-block-heading\">Peut-on utiliser un syst\u00e8me niveau 3 \u00e0 130 km\/h partout en France ?<\/h3>\n\n\n\n<p class=\"wp-block-paragraph\">Non. L\u2019homologation et le domaine d\u2019emploi limitent la route, la vitesse, la m\u00e9t\u00e9o et le pays autoris\u00e9s.<\/p>\n\n\n\n<h3 class=\"wp-block-heading\">Quelle est la diff\u00e9rence entre niveau 2 mains libres et niveau 3 ?<\/h3>\n\n\n\n<p class=\"wp-block-paragraph\">Le niveau 2 exige une surveillance permanente ; le niveau 3 surveille l\u2019environnement, avec reprise en main sur demande.<\/p>\n\n\n\n<h3 class=\"wp-block-heading\">Qui est responsable si le v\u00e9hicule autonome commet une infraction ?<\/h3>\n\n\n\n<p class=\"wp-block-paragraph\">Si le syst\u00e8me conduisait dans ses conditions d\u2019emploi, la responsabilit\u00e9 peut se d\u00e9placer. Elle revient au conducteur s\u2019il ignore une demande de reprise.<\/p>\n\n\n\n<h3 class=\"wp-block-heading\">L\u2019assurance auto reste-t-elle obligatoire avec une voiture autonome ?<\/h3>\n\n\n\n<p class=\"wp-block-paragraph\"><strong>Oui<\/strong>, l\u2019assurance responsabilit\u00e9 civile reste obligatoire.<\/p>\n\n\n\n<h3 class=\"wp-block-heading\">Les robotaxis vont-ils arriver rapidement en France ?<\/h3>\n\n\n\n<p class=\"wp-block-paragraph\">\u00c0 ce jour, les d\u00e9ploiements fran\u00e7ais restent principalement limit\u00e9s \u00e0 des navettes, des transports publics automatis\u00e9s et des exp\u00e9rimentations locales ; aucun d\u00e9ploiement national de robotaxis grand public n\u2019est annonc\u00e9.<\/p>\n\n\n\n<div class=\"lp-sources\" style=\"border-top:1px solid #e5e5e5;margin-top:35px;padding-top:20px;font-size:0.95em;\">\n  <h2>Sources<\/h2>\n  <ol>\n    <li>\n      UNECE, r\u00e8glement ONU n\u00b0157 et extension de l\u2019ALKS jusqu\u2019\u00e0 130 km\/h :\n      <a href=\"https:\/\/unece.org\/sustainable-development\/press\/un-regulation-extends-automated-driving-130-kmh-certain-conditions\" target=\"_blank\" rel=\"noopener\">communiqu\u00e9 officiel UNECE<\/a>.\n    <\/li>\n    <li>\n      UNECE, texte consolid\u00e9 du r\u00e8glement n\u00b0157 :\n      <a href=\"https:\/\/unece.org\/sites\/default\/files\/2025-06\/R157r1e.pdf\" target=\"_blank\" rel=\"noopener\">UN Regulation No. 157<\/a>.\n    <\/li>\n    <li>\n      L\u00e9gifrance, d\u00e9cret n\u00b02021-873 du 29 juin 2021 relatif aux v\u00e9hicules \u00e0 d\u00e9l\u00e9gation de conduite :\n      <a href=\"https:\/\/www.legifrance.gouv.fr\/jorf\/id\/JORFTEXT000043729532\" target=\"_blank\" rel=\"noopener\">texte officiel<\/a>.\n    <\/li>\n    <li>\n      L\u00e9gifrance, dispositions du code de la route sur la responsabilit\u00e9 en cas de d\u00e9l\u00e9gation de conduite :\n      <a href=\"https:\/\/www.legifrance.gouv.fr\/codes\/article_lc\/LEGIARTI000043371835\" target=\"_blank\" rel=\"noopener\">article L.123-1 du code de la route<\/a>.\n    <\/li>\n    <li>\n      Minist\u00e8re de la Transition \u00e9cologique, transport routier automatis\u00e9 et connect\u00e9 :\n      <a href=\"https:\/\/www.ecologie.gouv.fr\/politiques-publiques\/transport-routier-automatise-connecte\" target=\"_blank\" rel=\"noopener\">page officielle<\/a>.\n    <\/li>\n    <li>\n      Minist\u00e8re de la Transition \u00e9cologique, strat\u00e9gie nationale 2025-2027 sur les mobilit\u00e9s routi\u00e8res automatis\u00e9es :\n      <a href=\"https:\/\/www.ecologie.gouv.fr\/sites\/default\/files\/documents\/Mobilit%C3%A9s%20routi%C3%A8res%20automatis%C3%A9es%20et%20connect%C3%A9es%20fr.pdf\" target=\"_blank\" rel=\"noopener\">document PDF<\/a>.\n    <\/li>\n    <li>\n      EUR-Lex, r\u00e8glement d\u2019ex\u00e9cution UE 2022\/1426 relatif aux v\u00e9hicules automatis\u00e9s :\n      <a href=\"https:\/\/eur-lex.europa.eu\/eli\/reg_impl\/2022\/1426\/oj\/eng\" target=\"_blank\" rel=\"noopener\">texte europ\u00e9en<\/a>.\n    <\/li>\n    <li>\n      SAE \/ NHTSA, classification des niveaux d\u2019automatisation :\n      <a href=\"https:\/\/www.nhtsa.gov\/vehicle-safety\/automated-vehicles-safety\" target=\"_blank\" rel=\"noopener\">NHTSA Automated Vehicles Safety<\/a>.\n    <\/li>\n    <li>\n      BMW Group, communication sur le syst\u00e8me Personal Pilot L3 :\n      <a href=\"https:\/\/www.press.bmwgroup.com\/global\/article\/detail\/T0443285EN\/road-to-autonomous-driving%3A-bmw-is-the-first-car-manufacturer-to-receive-approval-for-the-combination-of-level-2-and-level-3?language=en\" target=\"_blank\" rel=\"noopener\">communiqu\u00e9 BMW<\/a>.\n    <\/li>\n    <li>\n      Mercedes-Benz, communication sur Drive Pilot jusqu\u2019\u00e0 95 km\/h :\n      <a href=\"https:\/\/group.mercedes-benz.com\/technology\/autonomous-driving\/driving\/drive-pilot-95-kmh.html\" target=\"_blank\" rel=\"noopener\">page Mercedes-Benz<\/a>.\n    <\/li>\n    <li>\n      Renault Group, v\u00e9hicules autonomes pour le transport public :\n      <a href=\"https:\/\/media.renaultgroup.com\/vehicule-autonome-pour-le-transport-public-linteret-grandissant-des-collectivites-et-operateurs-de-mobilite-pour-lapproche-de-renault-group\/?lang=fra\" target=\"_blank\" rel=\"noopener\">communiqu\u00e9 Renault Group<\/a>.\n    <\/li>\n    <li>\n      France Assureurs, assurance automobile et responsabilit\u00e9 civile :\n      <a href=\"https:\/\/www.franceassureurs.fr\/lassurance-protege-finance-et-emploie\/lassurance-protege\/lassurance-en-pratique-pour-les-particuliers\/assurance-automobile\/\" target=\"_blank\" rel=\"noopener\">fiche assurance automobile<\/a>.\n    <\/li>\n  <\/ol>\n<\/div>\n\n\n\n<p class=\"wp-block-paragraph\"><\/p>\n","protected":false},"excerpt":{"rendered":"<p>\nDepuis janvier 2023, le r\u00e8glement ONU n\u00b0 157 permet l\u2019homologation d\u2019un syst\u00e8me de niveau 3 jusqu\u2019\u00e0 130 km\/h sous conditions, contre 60 km\/h \u00e0 l\u2019origine. Cela n\u2019autorise pas \u00e0 l\u00e2cher le volant partout : v\u00e9hicule, route, m\u00e9t\u00e9o, reprise en main, responsabilit\u00e9 et assurance restent encadr\u00e9s.<\/p>\n<p>MAJ du 23 juillet 2026 : la France n\u2019autorisera pas le FSD de Tesla en l\u2019\u00e9tat. Dans une r\u00e9ponse officielle publi\u00e9e sur Agora, le ministre des Transports Philippe Tabarot estime que les garanties de s\u00e9curit\u00e9 sont encore insuffisantes, notamment en raison de possibles d\u00e9passements de vitesse et d\u2019une surveillance jug\u00e9e insuffisante de l\u2019attention du conducteur. Les\u00a0[&#8230;]<\/p>\n","protected":false},"author":3,"featured_media":13455,"comment_status":"open","ping_status":"closed","sticky":false,"template":"","format":"standard","meta":{"footnotes":""},"categories":[6,2,4],"tags":[205,55,70,255],"class_list":["post-13449","post","type-post","status-publish","format-standard","has-post-thumbnail","hentry","category-actualites-voiture-autonomes","category-auto","category-legislation","tag-autoroute","tag-limitation-de-vitesse","tag-securite-routiere-2","tag-voiture-autonome","post-1","odd"],"aioseo_notices":[],"aioseo_head":"\n\t\t<!-- All in One SEO 4.9.9 - aioseo.com -->\n\t<meta name=\"description\" content=\"Depuis janvier 2023, le r\u00e8glement ONU n\u00b0 157 permet l\u2019homologation d\u2019un syst\u00e8me de niveau 3 jusqu\u2019\u00e0 130 km\/h sous conditions, contre 60 km\/h \u00e0 l\u2019origine. Cela n\u2019autorise pas \u00e0 l\u00e2cher le volant partout : v\u00e9hicule, route, m\u00e9t\u00e9o, reprise en main, responsabilit\u00e9 et assurance restent encadr\u00e9s. MAJ du 23 juillet 2026 : la France n\u2019autorisera pas\" \/>\n\t<meta name=\"robots\" content=\"max-image-preview:large\" \/>\n\t<meta name=\"author\" content=\"Fr\u00e9d\u00e9ric Darne\"\/>\n\t<meta name=\"keywords\" content=\"autoroute,limitation de vitesse,s\u00e9curit\u00e9 routi\u00e8re,voiture autonome\" \/>\n\t<link rel=\"canonical\" href=\"https:\/\/www.legipermis.com\/blog\/2026\/07\/22\/voiture-autonome-niveau-3-130kmh\/\" \/>\n\t<meta name=\"generator\" content=\"All in One SEO (AIOSEO) 4.9.9\" \/>\n\t\t<meta property=\"og:locale\" content=\"fr_FR\" \/>\n\t\t<meta property=\"og:site_name\" content=\"Auto, moto, s\u00e9curit\u00e9 routi\u00e8re et permis | blog LegiPermis |\" \/>\n\t\t<meta property=\"og:type\" content=\"article\" \/>\n\t\t<meta property=\"og:title\" content=\"Voiture autonome niveau 3 \u00e0 130 km\/h : ce qui va changer en France - LegiPermis\" \/>\n\t\t<meta property=\"og:description\" content=\"Depuis janvier 2023, le r\u00e8glement ONU n\u00b0 157 permet l\u2019homologation d\u2019un syst\u00e8me de niveau 3 jusqu\u2019\u00e0 130 km\/h sous conditions, contre 60 km\/h \u00e0 l\u2019origine. Cela n\u2019autorise pas \u00e0 l\u00e2cher le volant partout : v\u00e9hicule, route, m\u00e9t\u00e9o, reprise en main, responsabilit\u00e9 et assurance restent encadr\u00e9s. MAJ du 23 juillet 2026 : la France n\u2019autorisera pas\" \/>\n\t\t<meta property=\"og:url\" content=\"https:\/\/www.legipermis.com\/blog\/2026\/07\/22\/voiture-autonome-niveau-3-130kmh\/\" \/>\n\t\t<meta property=\"article:published_time\" content=\"2026-07-22T09:39:31+00:00\" \/>\n\t\t<meta property=\"article:modified_time\" content=\"2026-07-23T13:06:05+00:00\" \/>\n\t\t<meta property=\"article:publisher\" content=\"https:\/\/www.facebook.com\/legipermis\/\" \/>\n\t\t<meta name=\"twitter:card\" content=\"summary\" \/>\n\t\t<meta name=\"twitter:site\" content=\"@LegiPermis\" \/>\n\t\t<meta name=\"twitter:title\" content=\"Voiture autonome niveau 3 \u00e0 130 km\/h : ce qui va changer en France - LegiPermis\" \/>\n\t\t<meta name=\"twitter:description\" content=\"Depuis janvier 2023, le r\u00e8glement ONU n\u00b0 157 permet l\u2019homologation d\u2019un syst\u00e8me de niveau 3 jusqu\u2019\u00e0 130 km\/h sous conditions, contre 60 km\/h \u00e0 l\u2019origine. Cela n\u2019autorise pas \u00e0 l\u00e2cher le volant partout : v\u00e9hicule, route, m\u00e9t\u00e9o, reprise en main, responsabilit\u00e9 et assurance restent encadr\u00e9s. MAJ du 23 juillet 2026 : la France n\u2019autorisera pas\" \/>\n\t\t<meta name=\"twitter:creator\" content=\"@LegiPermis\" \/>\n\t\t<!-- All in One SEO -->\n\n","aioseo_head_json":{"title":"Voiture autonome niveau 3 \u00e0 130 km\/h : ce qui va changer en France - LegiPermis","description":"Depuis janvier 2023, le r\u00e8glement ONU n\u00b0 157 permet l\u2019homologation d\u2019un syst\u00e8me de niveau 3 jusqu\u2019\u00e0 130 km\/h sous conditions, contre 60 km\/h \u00e0 l\u2019origine. Cela n\u2019autorise pas \u00e0 l\u00e2cher le volant partout : v\u00e9hicule, route, m\u00e9t\u00e9o, reprise en main, responsabilit\u00e9 et assurance restent encadr\u00e9s. MAJ du 23 juillet 2026 : la France n\u2019autorisera pas","canonical_url":"https:\/\/www.legipermis.com\/blog\/2026\/07\/22\/voiture-autonome-niveau-3-130kmh\/","robots":"max-image-preview:large","keywords":"autoroute,limitation de vitesse,s\u00e9curit\u00e9 routi\u00e8re,voiture autonome","webmasterTools":{"miscellaneous":""},"schema":null,"og:locale":"fr_FR","og:site_name":"Auto, moto, s\u00e9curit\u00e9 routi\u00e8re et permis | blog LegiPermis |","og:type":"article","og:title":"Voiture autonome niveau 3 \u00e0 130 km\/h : ce qui va changer en France - LegiPermis","og:description":"Depuis janvier 2023, le r\u00e8glement ONU n\u00b0 157 permet l\u2019homologation d\u2019un syst\u00e8me de niveau 3 jusqu\u2019\u00e0 130 km\/h sous conditions, contre 60 km\/h \u00e0 l\u2019origine. Cela n\u2019autorise pas \u00e0 l\u00e2cher le volant partout : v\u00e9hicule, route, m\u00e9t\u00e9o, reprise en main, responsabilit\u00e9 et assurance restent encadr\u00e9s. MAJ du 23 juillet 2026 : la France n\u2019autorisera pas","og:url":"https:\/\/www.legipermis.com\/blog\/2026\/07\/22\/voiture-autonome-niveau-3-130kmh\/","article:published_time":"2026-07-22T09:39:31+00:00","article:modified_time":"2026-07-23T13:06:05+00:00","article:publisher":"https:\/\/www.facebook.com\/legipermis\/","twitter:card":"summary","twitter:site":"@LegiPermis","twitter:title":"Voiture autonome niveau 3 \u00e0 130 km\/h : ce qui va changer en France - LegiPermis","twitter:description":"Depuis janvier 2023, le r\u00e8glement ONU n\u00b0 157 permet l\u2019homologation d\u2019un syst\u00e8me de niveau 3 jusqu\u2019\u00e0 130 km\/h sous conditions, contre 60 km\/h \u00e0 l\u2019origine. Cela n\u2019autorise pas \u00e0 l\u00e2cher le volant partout : v\u00e9hicule, route, m\u00e9t\u00e9o, reprise en main, responsabilit\u00e9 et assurance restent encadr\u00e9s. MAJ du 23 juillet 2026 : la France n\u2019autorisera pas","twitter:creator":"@LegiPermis"},"aioseo_meta_data":{"post_id":"13449","title":null,"description":null,"keywords":null,"keyphrases":{"focus":{"keyphrase":"","score":0,"analysis":{"keyphraseInTitle":{"score":0,"maxScore":9,"error":1}}},"additional":[]},"primary_term":null,"canonical_url":null,"og_title":null,"og_description":null,"og_object_type":"default","og_image_type":"default","og_image_url":null,"og_image_width":null,"og_image_height":null,"og_image_custom_url":null,"og_image_custom_fields":null,"og_video":"","og_custom_url":null,"og_article_section":null,"og_article_tags":null,"twitter_use_og":false,"twitter_card":"default","twitter_image_type":"default","twitter_image_url":null,"twitter_image_custom_url":null,"twitter_image_custom_fields":null,"twitter_title":null,"twitter_description":null,"schema":{"blockGraphs":[],"customGraphs":[],"default":{"data":{"Article":[],"Course":[],"Dataset":[],"FAQPage":[],"Movie":[],"Person":[],"Product":[],"ProductReview":[],"Car":[],"Recipe":[],"Service":[],"SoftwareApplication":[],"WebPage":[]},"graphName":"Article","isEnabled":true},"graphs":[]},"schema_type":"default","schema_type_options":null,"pillar_content":false,"robots_default":true,"robots_noindex":false,"robots_noarchive":false,"robots_nosnippet":false,"robots_nofollow":false,"robots_noimageindex":false,"robots_noodp":false,"robots_notranslate":false,"robots_max_snippet":"-1","robots_max_videopreview":"-1","robots_max_imagepreview":"large","priority":null,"frequency":"default","location":null,"local_seo":null,"breadcrumb_settings":null,"limit_modified_date":false,"ai":{"faqs":[],"keyPoints":[],"schemas":[],"titles":[],"descriptions":[],"socialPosts":{"email":{"subject":"","preview":"","content":""},"linkedin":[],"twitter":[],"facebook":[],"instagram":[]}},"created":"2026-06-29 07:42:05","updated":"2026-07-23 13:06:06","seo_analyzer_scan_date":null},"aioseo_breadcrumb":"<div class=\"aioseo-breadcrumbs\"><span class=\"aioseo-breadcrumb\">\n\t\t\t<a href=\"https:\/\/www.legipermis.com\/blog\" title=\"Accueil\">Accueil<\/a>\n\t\t<\/span><span class=\"aioseo-breadcrumb-separator\">&raquo;<\/span><span class=\"aioseo-breadcrumb\">\n\t\t\t<a href=\"https:\/\/www.legipermis.com\/blog\/category\/auto\/\" title=\"Automobile\">Automobile<\/a>\n\t\t<\/span><span class=\"aioseo-breadcrumb-separator\">&raquo;<\/span><span class=\"aioseo-breadcrumb\">\n\t\t\t<a href=\"https:\/\/www.legipermis.com\/blog\/category\/auto\/actualites-voiture-autonomes\/\" title=\"Actus Voiture Autonome et tech\">Actus Voiture Autonome et tech<\/a>\n\t\t<\/span><span class=\"aioseo-breadcrumb-separator\">&raquo;<\/span><span class=\"aioseo-breadcrumb\">\n\t\t\tVoiture autonome niveau 3 \u00e0 130 km\/h : ce qui va changer en France\n\t\t<\/span><\/div>","aioseo_breadcrumb_json":[{"label":"Accueil","link":"https:\/\/www.legipermis.com\/blog"},{"label":"Automobile","link":"https:\/\/www.legipermis.com\/blog\/category\/auto\/"},{"label":"Actus Voiture Autonome et tech","link":"https:\/\/www.legipermis.com\/blog\/category\/auto\/actualites-voiture-autonomes\/"},{"label":"Voiture autonome niveau 3 \u00e0 130 km\/h : ce qui va changer en France","link":"https:\/\/www.legipermis.com\/blog\/2026\/07\/22\/voiture-autonome-niveau-3-130kmh\/"}],"_links":{"self":[{"href":"https:\/\/www.legipermis.com\/blog\/wp-json\/wp\/v2\/posts\/13449","targetHints":{"allow":["GET"]}}],"collection":[{"href":"https:\/\/www.legipermis.com\/blog\/wp-json\/wp\/v2\/posts"}],"about":[{"href":"https:\/\/www.legipermis.com\/blog\/wp-json\/wp\/v2\/types\/post"}],"author":[{"embeddable":true,"href":"https:\/\/www.legipermis.com\/blog\/wp-json\/wp\/v2\/users\/3"}],"replies":[{"embeddable":true,"href":"https:\/\/www.legipermis.com\/blog\/wp-json\/wp\/v2\/comments?post=13449"}],"version-history":[{"count":10,"href":"https:\/\/www.legipermis.com\/blog\/wp-json\/wp\/v2\/posts\/13449\/revisions"}],"predecessor-version":[{"id":13480,"href":"https:\/\/www.legipermis.com\/blog\/wp-json\/wp\/v2\/posts\/13449\/revisions\/13480"}],"wp:featuredmedia":[{"embeddable":true,"href":"https:\/\/www.legipermis.com\/blog\/wp-json\/wp\/v2\/media\/13455"}],"wp:attachment":[{"href":"https:\/\/www.legipermis.com\/blog\/wp-json\/wp\/v2\/media?parent=13449"}],"wp:term":[{"taxonomy":"category","embeddable":true,"href":"https:\/\/www.legipermis.com\/blog\/wp-json\/wp\/v2\/categories?post=13449"},{"taxonomy":"post_tag","embeddable":true,"href":"https:\/\/www.legipermis.com\/blog\/wp-json\/wp\/v2\/tags?post=13449"}],"curies":[{"name":"wp","href":"https:\/\/api.w.org\/{rel}","templated":true}]}}