{"id":13224,"date":"2025-07-11T09:21:02","date_gmt":"2025-07-11T07:21:02","guid":{"rendered":"https:\/\/www.legipermis.com\/blog\/?p=13224"},"modified":"2025-08-26T14:38:06","modified_gmt":"2025-08-26T12:38:06","slug":"bonus-ecologique-changements-au-1er-juillet-2025","status":"publish","type":"post","link":"https:\/\/www.legipermis.com\/blog\/2025\/07\/11\/bonus-ecologique-changements-au-1er-juillet-2025\/","title":{"rendered":"Bonus \u00e9cologique : changements au 1er juillet 2025"},"content":{"rendered":"<div style=\"text-align:right;\"><em style=\"font-size:12.9px;font-weight:bold;\" class=\"last-modified\">Mis \u00e0 jour le 26\/08\/2025.<\/em><\/div>\n<p>Le <a href=\"https:\/\/www.legipermis.com\/estimation-cote-voiture\/bonus-ecologique.html\" title=\"\">bonus \u00e9cologique<\/a> permet de toucher une prime pour l&#8217;achat d&#8217;une voiture neuve \u00e9lectrique peu polluante. Pas besoin de mettre au rebut une voiture comme avec la prime \u00e0 la conversion. Depuis le 1er juillet 2025, les montants ont \u00e9t\u00e9 modifi\u00e9s voire augment\u00e9s et ce n&#8217;est plus l&#8217;\u00c9tat qui vous versera directement le bonus. L&#8217;<a href=\"https:\/\/www.legifrance.gouv.fr\/jorf\/id\/JORFTEXT000051808792\" target=\"_blank\" rel=\"noopener\" title=\"\">arr\u00eat\u00e9 du 27 juin 2025<\/a> fixe les d\u00e9tails de cette modification.<\/p>\n\n\n\n<!--more-->\n\n\n\n<h2 class=\"wp-block-heading\">Fin du dispositif public<\/h2>\n\n\n\n<p>Le bonus \u00e9cologique financ\u00e9 par l&#8217;\u00c9tat a pris fin le&nbsp;30 juin 2025. Les v\u00e9hicules command\u00e9s avant cette date et livr\u00e9s avant le&nbsp;30 septembre 2025&nbsp;restent \u00e9ligibles \u00e0 l&#8217;ancien syst\u00e8me (jusqu&#8217;\u00e0 4 000 \u20ac). Mais \u00e7a ne veut pas dire que c&#8217;est la fin du bonus pour autant.<\/p>\n\n\n\n<h2 class=\"wp-block-heading\">Nouveau syst\u00e8me via les CEE<\/h2>\n\n\n\n<p>Les&nbsp;<strong>Certificats d&#8217;\u00e9conomies d&#8217;\u00e9nergie (CEE)<\/strong>&nbsp;remplacent le bonus public. Les fournisseurs d&#8217;\u00e9nergie comme EDF ou TotalEnergies financeront d\u00e9sormais le bonus en fonction de votre revenu fiscal de r\u00e9f\u00e9rence par part.<\/p>\n\n\n\n<h2 class=\"wp-block-heading\">Montants des nouvelles primes<\/h2>\n\n\n\n<figure class=\"wp-block-table\"><table class=\"table table-striped\">\n\t\t\t<caption>Cat\u00e9gories et montants \u2013 prime CEE VP \u00e9lectriques (2025)<\/caption>\n\t\t\t<thead>\n\t\t\t\t<tr>\n\t\t\t\t\t<th>Cat\u00e9gorie de m\u00e9nage<\/th>\n\t\t\t\t\t<th>Plafonds de revenus (\u00cele-de-France \/ Autres r\u00e9gions)<\/th>\n\t\t\t\t\t<th>Montant de la prime<\/th>\n\t\t\t\t<\/tr>\n\t\t\t<\/thead>\n\t\t\t<tbody>\n\t\t\t\t<tr>\n\t\t\t\t\t<td><strong>Pr\u00e9carit\u00e9 \u00e9nerg\u00e9tique<\/strong><\/td>\n\t\t\t\t\t<td>\n\t\t\t\t\t\t<strong>\u00cele-de-France :<\/strong><br>\n\t\t\t\t\t\t1 pers&nbsp;: 23&nbsp;768&nbsp;\u20ac | 2 pers&nbsp;: 34&nbsp;884&nbsp;\u20ac<br>\n\t\t\t\t\t\t3 pers&nbsp;: 41&nbsp;893&nbsp;\u20ac | 4 pers&nbsp;: 48&nbsp;914&nbsp;\u20ac<br>\n\t\t\t\t\t\t5 pers&nbsp;: 55&nbsp;961&nbsp;\u20ac | +7&nbsp;038&nbsp;\u20ac\/pers sup.<br>\n\t\t\t\t\t\t<strong>Autres r\u00e9gions :<\/strong><br>\n\t\t\t\t\t\t1 pers&nbsp;: 17&nbsp;173&nbsp;\u20ac | 2 pers&nbsp;: 25&nbsp;115&nbsp;\u20ac<br>\n\t\t\t\t\t\t3 pers&nbsp;: 30&nbsp;206&nbsp;\u20ac | 4 pers&nbsp;: 35&nbsp;285&nbsp;\u20ac<br>\n\t\t\t\t\t\t5 pers&nbsp;: 40&nbsp;388&nbsp;\u20ac | +5&nbsp;094&nbsp;\u20ac\/pers sup.\n\t\t\t\t\t<\/td>\n\t\t\t\t\t<td><strong>4&nbsp;200&nbsp;\u20ac<\/strong><\/td>\n\t\t\t\t<\/tr>\n\t\t\t\t<tr>\n\t\t\t\t\t<td><strong>M\u00e9nages modestes<\/strong><\/td>\n\t\t\t\t\t<td>\n\t\t\t\t\t\t<strong>\u00cele-de-France :<\/strong><br>\n\t\t\t\t\t\t1 pers&nbsp;: 28&nbsp;933&nbsp;\u20ac | 2 pers&nbsp;: 42&nbsp;463&nbsp;\u20ac<br>\n\t\t\t\t\t\t3 pers&nbsp;: 51&nbsp;000&nbsp;\u20ac | 4 pers&nbsp;: 59&nbsp;549&nbsp;\u20ac<br>\n\t\t\t\t\t\t5 pers&nbsp;: 68&nbsp;123&nbsp;\u20ac | +8&nbsp;568&nbsp;\u20ac\/pers sup.<br>\n\t\t\t\t\t\t<strong>Autres r\u00e9gions :<\/strong><br>\n\t\t\t\t\t\t1 pers&nbsp;: 22&nbsp;015&nbsp;\u20ac | 2 pers&nbsp;: 32&nbsp;197&nbsp;\u20ac<br>\n\t\t\t\t\t\t3 pers&nbsp;: 38&nbsp;719&nbsp;\u20ac | 4 pers&nbsp;: 45&nbsp;234&nbsp;\u20ac<br>\n\t\t\t\t\t\t5 pers&nbsp;: 51&nbsp;775&nbsp;\u20ac | +6&nbsp;525&nbsp;\u20ac\/pers sup.\n\t\t\t\t\t<\/td>\n\t\t\t\t\t<td><strong>4&nbsp;200&nbsp;\u20ac<\/strong><\/td>\n\t\t\t\t<\/tr>\n\t\t\t\t<tr>\n\t\t\t\t\t<td><strong>Autres m\u00e9nages<\/strong><\/td>\n\t\t\t\t\t<td>Revenus sup\u00e9rieurs aux plafonds \u00ab m\u00e9nages modestes \u00bb<\/td>\n\t\t\t\t\t<td><strong>3&nbsp;100&nbsp;\u20ac<\/strong><\/td>\n\t\t\t\t<\/tr>\n\t\t\t<\/tbody>\n\t\t\t<\/table><\/figure>\n\n\n\n<div style=\"margin-bottom:4px;max-width:730px;text-align:center;\">\n\t<!-- responsive blog legipermis avant bl -->\n\t<ins class=\"adsbygoogle\"\n\t\t style=\"display:block\"\n\t\t data-ad-client=\"ca-pub-0319615741565724\"\n\t\t data-ad-slot=\"3542437151\"\n\t\t data-ad-format=\"auto\" id=\"top-ad-responsive-blog\"><\/ins>\n\t<script>\n\t(tarteaucitron.job = tarteaucitron.job || []).push('adsense');\n\t(adsbygoogle = window.adsbygoogle || []).push({});\n\t<\/script>\n<\/div>\n\n\n\n<h3 class=\"wp-block-heading\">Communiqu\u00e9 du Minist\u00e8re de l&#8217;\u00c9conomie :<\/h3>\n\n\n\n<blockquote class=\"wp-block-quote is-layout-flow wp-block-quote-is-layout-flow\">\n<p>&#8220;4 200 \u20ac pour les m\u00e9nages modestes et interm\u00e9diaires&nbsp;(d\u00e9ciles 1 \u00e0 5,&nbsp;voire 6 \u00e0 8 selon la composition du foyer), et&nbsp;3 100 \u20ac pour les autres m\u00e9nages.&#8221;<\/p>\n<\/blockquote>\n\n\n\n<p>La mention &#8220;selon la composition du foyer&#8221; pour les d\u00e9ciles 6-8 n&#8217;est pas d\u00e9taill\u00e9e dans les textes officiels publi\u00e9s. Les crit\u00e8res exacts (nombre d&#8217;enfants, parts fiscales, etc.) devraient \u00eatre pr\u00e9cis\u00e9s dans un arr\u00eat\u00e9 \u00e0 venir.<\/p>\n\n\n\n<h2 class=\"wp-block-heading\">Comparaison de l&#8217;ancien bonus avec le nouveau<\/h2>\n\n\n\n<figure class=\"wp-block-table\"><table class=\"has-fixed-layout\"><thead><tr><th>Syst\u00e8me<\/th><th>D\u00e9ciles 1-5<\/th><th>D\u00e9ciles 6-8<\/th><th>D\u00e9ciles 9-10<\/th><\/tr><\/thead><tbody><tr><td><strong>Avant juillet 2025<\/strong><\/td><td>4 000 \u20ac<\/td><td>3 000 \u20ac<\/td><td>2 000 \u20ac<\/td><\/tr><tr><td><strong>Apr\u00e8s juillet 2025<\/strong><\/td><td>4 200 \u20ac (+200\u20ac)<\/td><td>3 100 \u20ac \u00e0 4 200 \u20ac (+100\u20ac \u00e0 +1200\u20ac)<\/td><td>3 100 \u20ac (+1100\u20ac)<\/td><\/tr><\/tbody><\/table><\/figure>\n\n\n\n<p>Les primes sont d\u00e9duites directement chez le concessionnaire ou rembours\u00e9es sur demande.<\/p>\n\n\n\n<h2 class=\"wp-block-heading\">Conditions d&#8217;\u00e9ligibilit\u00e9 du bonus au 1er juillet 2025<\/h2>\n\n\n\n<ul class=\"wp-block-list\">\n<li>V\u00e9hicule&nbsp;<strong>100% \u00e9lectrique<\/strong> neuf ;<\/li>\n\n\n\n<li>Prix \u2264&nbsp;<strong>47 000 \u20ac TTC<\/strong> ;<\/li>\n\n\n\n<li>Poids &lt;&nbsp;<strong>2,4 tonnes<\/strong> ;<\/li>\n\n\n\n<li><a href=\"https:\/\/score-environnemental-bonus.ademe.fr\/\" target=\"_blank\" rel=\"noopener\" title=\"\">Score environnemental<\/a>\u2265&nbsp;<strong>60 points<\/strong> (voir l&#8217;ADEME) ;<\/li>\n<\/ul>\n\n\n\n<h2 class=\"wp-block-heading\">Et le leasing social ?<\/h2>\n\n\n\n<p>Le dispositif de location \u00e0 moins de 100 \u20ac\/mois pour les m\u00e9nages modestes sera relanc\u00e9 \u00e0 la&nbsp;<strong>rentr\u00e9e 2025<\/strong>. Entre&nbsp;<strong>10 000 et 50 000 v\u00e9hicules<\/strong>&nbsp;seront propos\u00e9s selon les offres des constructeurs.<br><\/p>\n\n\n\n<p>La suppression du bonus public marque la fin d\u2019un cycle entam\u00e9 en 2008. D\u00e9sormais, la transition vers l\u2019\u00e9lectrique s\u2019appuiera sur un m\u00e9canisme plus indirect, financ\u00e9 par le priv\u00e9. Les montants restent attractifs, \u00e0 condition de naviguer entre les diff\u00e9rentes offres des fournisseurs d\u2019\u00e9nergie. Et pour les m\u00e9nages les plus modestes, le leasing social pourrait devenir l\u2019option la plus avantageuse.<\/p>\n\n\n\n<h2 class=\"wp-block-heading\">Les points cl\u00e9s<\/h2>\n\n\n\n<ul class=\"wp-block-list\">\n<li>Les montants de l&#8217;aide sont&nbsp;sup\u00e9rieurs&nbsp;\u00e0 l&#8217;ancien bonus ;<\/li>\n\n\n\n<li>Le traitement est&nbsp;simplifi\u00e9&nbsp;via les concessionnaires ;<\/li>\n\n\n\n<li>Les crit\u00e8res d&#8217;\u00e9ligibilit\u00e9 restent&nbsp;identiques ;<\/li>\n\n\n\n<li>Le financement passe du public au priv\u00e9 <strong>sans impact<\/strong> pour l&#8217;acheteur ;<\/li>\n<\/ul>\n\n\n\n<p><\/p>\n\n\n\n<p>image \u00e0 la une g\u00e9n\u00e9r\u00e9e par un outil.<\/p>\n","protected":false},"excerpt":{"rendered":"<p>\nLe bonus \u00e9cologique permet de toucher une prime pour l&#8217;achat d&#8217;une voiture neuve \u00e9lectrique peu polluante. Pas besoin de mettre au rebut une voiture comme avec la prime \u00e0 la conversion. Depuis le 1er juillet 2025, les montants ont \u00e9t\u00e9 modifi\u00e9s voire augment\u00e9s et ce n&#8217;est plus l&#8217;\u00c9tat qui vous versera directement le bonus. L&#8217;arr\u00eat\u00e9 du 27 juin 2025 fixe les d\u00e9tails de cette modification.<\/p>\n<p>\u00a0[&#8230;]<\/p>\n","protected":false},"author":3,"featured_media":13225,"comment_status":"open","ping_status":"closed","sticky":false,"template":"","format":"standard","meta":{"footnotes":""},"categories":[2,7,1],"tags":[],"class_list":["post-13224","post","type-post","status-publish","format-standard","has-post-thumbnail","hentry","category-auto","category-environnement","category-non-classe","post-1","odd"],"aioseo_notices":[],"_links":{"self":[{"href":"https:\/\/www.legipermis.com\/blog\/wp-json\/wp\/v2\/posts\/13224","targetHints":{"allow":["GET"]}}],"collection":[{"href":"https:\/\/www.legipermis.com\/blog\/wp-json\/wp\/v2\/posts"}],"about":[{"href":"https:\/\/www.legipermis.com\/blog\/wp-json\/wp\/v2\/types\/post"}],"author":[{"embeddable":true,"href":"https:\/\/www.legipermis.com\/blog\/wp-json\/wp\/v2\/users\/3"}],"replies":[{"embeddable":true,"href":"https:\/\/www.legipermis.com\/blog\/wp-json\/wp\/v2\/comments?post=13224"}],"version-history":[{"count":6,"href":"https:\/\/www.legipermis.com\/blog\/wp-json\/wp\/v2\/posts\/13224\/revisions"}],"predecessor-version":[{"id":13235,"href":"https:\/\/www.legipermis.com\/blog\/wp-json\/wp\/v2\/posts\/13224\/revisions\/13235"}],"wp:featuredmedia":[{"embeddable":true,"href":"https:\/\/www.legipermis.com\/blog\/wp-json\/wp\/v2\/media\/13225"}],"wp:attachment":[{"href":"https:\/\/www.legipermis.com\/blog\/wp-json\/wp\/v2\/media?parent=13224"}],"wp:term":[{"taxonomy":"category","embeddable":true,"href":"https:\/\/www.legipermis.com\/blog\/wp-json\/wp\/v2\/categories?post=13224"},{"taxonomy":"post_tag","embeddable":true,"href":"https:\/\/www.legipermis.com\/blog\/wp-json\/wp\/v2\/tags?post=13224"}],"curies":[{"name":"wp","href":"https:\/\/api.w.org\/{rel}","templated":true}]}}