{"id":13194,"date":"2025-06-11T09:52:17","date_gmt":"2025-06-11T07:52:17","guid":{"rendered":"https:\/\/www.legipermis.com\/blog\/?p=13194"},"modified":"2025-06-11T09:53:44","modified_gmt":"2025-06-11T07:53:44","slug":"lyon-le-plus-grand-parking-velo-de-france-2025","status":"publish","type":"post","link":"https:\/\/www.legipermis.com\/blog\/2025\/06\/11\/lyon-le-plus-grand-parking-velo-de-france-2025\/","title":{"rendered":"Lyon : le plus grand parking v\u00e9lo de France en 2025"},"content":{"rendered":"\n<p>Le <strong>Park\u202fV\u00e9lo\u202fB\u00e9raudier<\/strong>, situ\u00e9 <strong>\u00e0 Lyon<\/strong>, sous la place Charles\u2011B\u00e9raudier (3\u1d49 arrondissement), a \u00e9t\u00e9 officiellement inaugur\u00e9 ce mercredi 14 mai 2025 par Gr\u00e9gory Doucet, maire \u00e9cologiste de Lyon, aux c\u00f4t\u00e9s de Bruno Bernard, pr\u00e9sident de la M\u00e9tropole, et Fabienne Buccio, pr\u00e9f\u00e8te de r\u00e9gion.<\/p>\n\n\n\n<p>Avec ses <strong>1\u202f500 places s\u00e9curis\u00e9es<\/strong> distribu\u00e9es sur deux niveaux, ce parking \u00e0 v\u00e9los surpasse d\u00e9sormais toutes les v\u00e9lostations fran\u00e7aises pour d\u00e9velopper la mobilit\u00e9 douce \u00e0 Lyon.<\/p>\n\n\n\n<!--more-->\n\n\n\n<h2 class=\"wp-block-heading\">Acc\u00e8s &amp; utilisation<\/h2>\n\n\n\n<ul class=\"wp-block-list\">\n<li><strong>Horaires d\u2019ouverture<\/strong> : tous les jours de <strong>4h30 \u00e0 1h00<\/strong>, soit 15 minutes avant l\u2019ouverture de la gare et 15 minutes apr\u00e8s sa fermeture.<\/li>\n\n\n\n<li><strong>Dur\u00e9e maximale de stationnement<\/strong> : <strong>14 jours cons\u00e9cutifs<\/strong>, pratique pour les usagers prenant le train.<\/li>\n\n\n\n<li><strong>Acc\u00e8s cycliste<\/strong> : une \u00e9l\u00e9gante rampe h\u00e9lico\u00efdale de 80\u202fm de long et 4\u202fm de large, permettant l\u2019entr\u00e9e des v\u00e9los standards, cargos et longtails.<\/li>\n\n\n\n<li><strong>Contr\u00f4le d\u2019acc\u00e8s<\/strong> : entr\u00e9e\/sortie cycliste via badge. Les pi\u00e9tons entrent sous contr\u00f4le, et la sortie est libre.<\/li>\n\n\n\n<li><strong>Connexion multimodale<\/strong> : deux acc\u00e8s pi\u00e9tons relient le parking au m\u00e9tro B, \u00e0 la gare SNCF de Lyon Part-Dieu, au patio sud et \u00e0 la tour To\u2011Lyon.<\/li>\n\n\n\n<li><strong>Adresse<\/strong> : 8 Place Charles B\u00e9raudier, 69003 Lyon.<\/li>\n<\/ul>\n\n\n\n<h2 class=\"wp-block-heading\">Tarifs &amp; conditions<\/h2>\n\n\n\n<ul class=\"wp-block-list\">\n<li><strong>Gratuit<\/strong> pour les d\u00e9tenteurs d\u2019une carte <strong>TCL ou O\u00f9Ra<\/strong>, apr\u00e8s <strong>inscription pr\u00e9alable<\/strong> sur le site de LPA Mobilit\u00e9s (PARK V\u00e9lo).<\/li>\n\n\n\n<li><strong>Prix acc\u00e8s occasionnel<\/strong> pr\u00e9vu \u00e0 <strong>2\u202f\u20ac\/24\u202fh<\/strong> \u00e0 partir de fin 2025, sous r\u00e9serve d\u2019une validation administrative et paiement par carte bancaire.<\/li>\n<\/ul>\n\n\n\n<h2 class=\"wp-block-heading\">Financement de la v\u00e9lostation<\/h2>\n\n\n\n<p>Apr\u00e8s 12 ans d\u2019\u00e9tudes et de travaux, le co\u00fbt total de la v\u00e9lostation est de 12 millions d&#8217;euros. Son financement provient de la M\u00e9tropole de Lyon \u00e0 travers la SPL Lyon Part-Dieu et la SPLM, dont l\u2019\u00c9tat a particip\u00e9 \u00e0 hauteur de 2 millions d&#8217;euros.<\/p>\n\n\n\n<h2 class=\"wp-block-heading\">Comparaison internationale<\/h2>\n\n\n\n<p>Le Park\u202fV\u00e9lo\u202fB\u00e9raudier, avec ses 1\u202f500 places, s\u2019impose comme le leader national des parkings \u00e0 v\u00e9los. Mais plusieurs m\u00e9gaplacements existent en Europe :<\/p>\n\n\n\n<ol class=\"wp-block-list\">\n<li><strong>Rotterdam Centraal (Pays\u2011Bas)<\/strong> :\n<ul class=\"wp-block-list\">\n<li>Une structure \u00e0 plusieurs \u00e9tages capable d\u2019accueillir <strong>quelque 6\u202f000 v\u00e9los<\/strong>, avec des racks automatiques, stations de r\u00e9paration et int\u00e9gration parfaite au r\u00e9seau de transports.<\/li>\n<\/ul>\n<\/li>\n\n\n\n<li><strong>Utrecht Centraal (Pays\u2011Bas)<\/strong> :\n<ul class=\"wp-block-list\">\n<li>Le record mondial avec <strong>12\u202f500 places<\/strong>, sur trois niveaux, accessible depuis 2019, co\u00fbtant environ 30\u201148\u202fM\u202f\u20ac, connect\u00e9 \u00e0 la gare centrale.<\/li>\n<\/ul>\n<\/li>\n\n\n\n<li><strong>Amsterdam (Pays\u2011Bas)<\/strong> :\n<ul class=\"wp-block-list\">\n<li>Deux parkings sous-marins pr\u00e8s de la gare centrale, totalisant <strong>11\u202f000 places<\/strong>, co\u00fbtant environ 60\u202fM\u202f\u20ac, implant\u00e9s sous des plans d\u2019eau pour lib\u00e9rer l\u2019espace public.<\/li>\n<\/ul>\n<\/li>\n\n\n\n<li><strong>Utrecht stationsplein (confirmation)<\/strong> :\n<ul class=\"wp-block-list\">\n<li>Cit\u00e9 comme le plus grand garage v\u00e9lo du monde (12\u202f500 places).<\/li>\n<\/ul>\n<\/li>\n\n\n\n<li><strong>Copenhague (Danemark)<\/strong> :\n<ul class=\"wp-block-list\">\n<li>Bien que tr\u00e8s cyclable, reste sous-dot\u00e9 en stationnement s\u00e9curis\u00e9 : environ <strong>48\u202f000 emplacements<\/strong> pour <strong>560\u202f000 v\u00e9los<\/strong>, avec un d\u00e9ficit estim\u00e9 par les usagers .<\/li>\n<\/ul>\n<\/li>\n<\/ol>\n\n\n\n<h2 class=\"wp-block-heading\">Perte de points sur le permis<\/h2>\n\n\n\n<p>Garer son v\u00e9lo va \u00eatre facilit\u00e9 dans le quartier d&#8217;affaire \u00e0 Lyon, m\u00eame si aujourd&#8217;hui, stationner son deux roues de fa\u00e7on incorrecte, n&#8217;entra\u00eene aucune perte de point sur le permis de conduire\u202f: les cyclistes ne sont pas vis\u00e9s par le syst\u00e8me de points.<\/p>\n\n\n\n<p>\u00c0 l\u2019inverse, <strong>le stationnement d\u2019une voiture dans une zone dangereuse<\/strong> (par exemple virage, sommet de c\u00f4te, intersection) constitue une infraction de 4\u1d49 classe, sanctionn\u00e9e par une <strong>amende forfaitaire de 135\u202f\u20ac<\/strong> et surtout <strong>la perte de 3 points<\/strong> sur votre permis. Heureusement, pour ceux qui souhaitent <strong>r\u00e9cup\u00e9rer les points perdus<\/strong>, il est possible de suivre un <a href=\"\/stage-recuperation-points-lyon.html\" title=\"Stage de r\u00e9cup\u00e9ration de points \u00e0 Lyon\">stage r\u00e9cup\u00e9ration de points \u00e0 Lyon<\/a> agr\u00e9\u00e9 par la pr\u00e9fecture du Rh\u00f4ne, d&#8217;une dur\u00e9e de <strong>deux jours<\/strong>, permettant de <strong>r\u00e9cup\u00e9rer jusqu\u2019\u00e0 4 points<\/strong> sur son permis.<\/p>\n","protected":false},"excerpt":{"rendered":"<p>\nLe <strong>Park\u202fV\u00e9lo\u202fB\u00e9raudier<\/strong>, situ\u00e9 <strong>\u00e0 Lyon<\/strong>, sous la place Charles\u2011B\u00e9raudier (3\u1d49 arrondissement), a \u00e9t\u00e9 officiellement inaugur\u00e9 ce mercredi 14 mai 2025 par Gr\u00e9gory Doucet, maire \u00e9cologiste de Lyon, aux c\u00f4t\u00e9s de Bruno Bernard, pr\u00e9sident de la M\u00e9tropole, et Fabienne Buccio, pr\u00e9f\u00e8te de r\u00e9gion.<\/p>\n<p>Avec ses <strong>1\u202f500 places s\u00e9curis\u00e9es<\/strong> distribu\u00e9es sur deux niveaux, ce parking \u00e0 v\u00e9los surpasse d\u00e9sormais toutes les v\u00e9lostations fran\u00e7aises pour d\u00e9velopper la mobilit\u00e9 douce \u00e0 Lyon.<\/p>\n<p>\u00a0[&#8230;]<\/p>\n","protected":false},"author":2,"featured_media":13198,"comment_status":"open","ping_status":"closed","sticky":false,"template":"","format":"standard","meta":{"footnotes":""},"categories":[7],"tags":[97,378,195,180],"class_list":["post-13194","post","type-post","status-publish","format-standard","has-post-thumbnail","hentry","category-environnement","tag-ecologie","tag-lyon","tag-stationnement","tag-velo","post-1","odd"],"aioseo_notices":[],"_links":{"self":[{"href":"https:\/\/www.legipermis.com\/blog\/wp-json\/wp\/v2\/posts\/13194","targetHints":{"allow":["GET"]}}],"collection":[{"href":"https:\/\/www.legipermis.com\/blog\/wp-json\/wp\/v2\/posts"}],"about":[{"href":"https:\/\/www.legipermis.com\/blog\/wp-json\/wp\/v2\/types\/post"}],"author":[{"embeddable":true,"href":"https:\/\/www.legipermis.com\/blog\/wp-json\/wp\/v2\/users\/2"}],"replies":[{"embeddable":true,"href":"https:\/\/www.legipermis.com\/blog\/wp-json\/wp\/v2\/comments?post=13194"}],"version-history":[{"count":7,"href":"https:\/\/www.legipermis.com\/blog\/wp-json\/wp\/v2\/posts\/13194\/revisions"}],"predecessor-version":[{"id":13203,"href":"https:\/\/www.legipermis.com\/blog\/wp-json\/wp\/v2\/posts\/13194\/revisions\/13203"}],"wp:featuredmedia":[{"embeddable":true,"href":"https:\/\/www.legipermis.com\/blog\/wp-json\/wp\/v2\/media\/13198"}],"wp:attachment":[{"href":"https:\/\/www.legipermis.com\/blog\/wp-json\/wp\/v2\/media?parent=13194"}],"wp:term":[{"taxonomy":"category","embeddable":true,"href":"https:\/\/www.legipermis.com\/blog\/wp-json\/wp\/v2\/categories?post=13194"},{"taxonomy":"post_tag","embeddable":true,"href":"https:\/\/www.legipermis.com\/blog\/wp-json\/wp\/v2\/tags?post=13194"}],"curies":[{"name":"wp","href":"https:\/\/api.w.org\/{rel}","templated":true}]}}