{"id":12671,"date":"2024-05-23T12:18:05","date_gmt":"2024-05-23T10:18:05","guid":{"rendered":"https:\/\/www.legipermis.com\/blog\/?p=12671"},"modified":"2024-05-23T12:18:06","modified_gmt":"2024-05-23T10:18:06","slug":"exces-vitesse-5-kmh-delai-recuperation-points","status":"publish","type":"post","link":"https:\/\/www.legipermis.com\/blog\/2024\/05\/23\/exces-vitesse-5-kmh-delai-recuperation-points\/","title":{"rendered":"Exc\u00e8s de &#8211; de 5 km\/h : d\u00e9lai de r\u00e9cup\u00e9ration de points retard\u00e9 ?"},"content":{"rendered":"\n<p>La nouvelle r\u00e9glementation des <a href=\"\/infractions\/petit-exces-de-vitesse.html\" title=\"\">exc\u00e8s de vitesse de moins de 5 km\/h<\/a> implique qu&#8217;une telle infraction n&#8217;est plus soumise \u00e0 un retrait de point, n\u00e9anmoins l&#8217;amende reste appliqu\u00e9e. Qu&#8217;en est-il des d\u00e9lais de r\u00e9cup\u00e9ration de points automatiques ? Sont-ils relanc\u00e9s pour 6 mois ou 3 ans ?<\/p>\n\n\n\n<!--more-->\n\n\n\n<h2 class=\"wp-block-heading\">Une perte de point(s) implique un d\u00e9lai de r\u00e9cup\u00e9ration de points<\/h2>\n\n\n\n<p>Un retrait de point(s), rappelons-le, une sanction administrative en lien avec une infraction au Code de la route d\u00e9finitive au sens du Code P\u00e9nal implique toujours un d\u00e9lai de r\u00e9cup\u00e9ration de points qui est fonction de la nature de l&#8217;infraction : c&#8217;est-\u00e0-dire la classe de l&#8217;infraction ou encore la qualification de d\u00e9lit.<\/p>\n\n\n\n<h3 class=\"wp-block-heading\">Rappel des d\u00e9lais <\/h3>\n\n\n\n<ul class=\"wp-block-list\">\n<li>6 mois sans infraction : r\u00e9cup\u00e9ration d\u2019un point perdu pour les infractions sanctionn\u00e9es par la perte d&#8217;un point uniquement. Typiquement, l&#8217;exc\u00e8s de vitesse de moins de 20 km\/h.<\/li>\n\n\n\n<li>2 ans sans infraction : retour \u00e0 12 points apr\u00e8s une contravention de classe 1, 2 ou 3.<\/li>\n\n\n\n<li>3 ans sans infraction : retour \u00e0 12 points apr\u00e8s une contravention de classe 4, 5 ou un d\u00e9lit.<\/li>\n\n\n\n<li>10 ans avec ou sans infraction : r\u00e9cup\u00e9ration des points perdus <span style=\"text-decoration: underline;\">de l&#8217;infraction en question<\/span> pour une infraction de classe 1 \u00e0 4. Les d\u00e9lits et contravention de classe 5 ne sont pas soumis \u00e0 ce d\u00e9lai souvent m\u00e9connu.<\/li>\n<\/ul>\n\n\n\n<p>Evidemment, il faut ne pas avoir commis d&#8217;infraction &#8220;<strong><span style=\"text-decoration: underline;\">ayant donn\u00e9 lieu au retrait de points<\/span><\/strong>&#8221; au sens de l&#8217;article L223-6 du Code de la route. Pour plus de d\u00e9tails, retrouvez notre guide sur la <a href=\"\/legislation\/comment-recuperer-des-points.html\" target=\"_blank\" rel=\"noopener\" title=\"\">r\u00e9cup\u00e9ration automatique des points<\/a>.<\/p>\n\n\n\n<h2 class=\"wp-block-heading\">Pour l&#8217;exc\u00e8s de moins de 5 km\/h alors ?<\/h2>\n\n\n\n<p><strong>Non, le d\u00e9lai de r\u00e9cup\u00e9ration de point n&#8217;est pas relanc\u00e9 car cette infraction n&#8217;entra\u00eene plus de retrait de points.<\/strong> Rappelons que cela concerne les exc\u00e8s de vitesse compris entre 1 et 4 km\/h <a href=\"https:\/\/www.legipermis.com\/blog\/2021\/08\/18\/tolerance-exces-de-vitesse-marge\/\" title=\"Radar : Tol\u00e9rance exc\u00e8s de vitesse, marge d\u2019erreur et vitesse retenue\">en vitesse retenue<\/a>.<\/p>\n\n\n\n<div style=\"margin-bottom:4px;max-width:730px;text-align:center;\">\n\t<!-- responsive blog legipermis avant bl -->\n\t<ins class=\"adsbygoogle\"\n\t\t style=\"display:block\"\n\t\t data-ad-client=\"ca-pub-0319615741565724\"\n\t\t data-ad-slot=\"3542437151\"\n\t\t data-ad-format=\"auto\" id=\"top-ad-responsive-blog\"><\/ins>\n\t<script>\n\t(tarteaucitron.job = tarteaucitron.job || []).push('adsense');\n\t(adsbygoogle = window.adsbygoogle || []).push({});\n\t<\/script>\n<\/div>\n\n\n\n<h4 class=\"wp-block-heading\">Exemple<\/h4>\n\n\n\n<p>Vous deviez r\u00e9cup\u00e9rer tous vos points apr\u00e8s un exc\u00e8s de vitesse de 40km\/h il y a 2 ans et 6 mois. vous venez de commettre un petit exc\u00e8s de vitesse de 1 km\/h, par exemple en roulant \u00e0 51 km\/h au lieu de 50 en vitesse retenue.<\/p>\n\n\n\n<p>Dans cette situation, le d\u00e9lai n&#8217;est pas relanc\u00e9 et vous allez bien r\u00e9cup\u00e9rer tous vos points 3 ans apr\u00e8s la date d\u00e9finitive de l&#8217;infraction commise il y a 2 ans et 6 mois. <\/p>\n\n\n\n<p>Bien s\u00fbr dans l&#8217;intervalle de temps, il ne faut pas avoir commis une autre infraction avec un retrait de points.<\/p>\n\n\n\n<p>Pour v\u00e9rifier la date d\u00e9finitive de votre derni\u00e8re infraction, vous pouvez maintenant <a href=\"https:\/\/www.legipermis.com\/blog\/2024\/05\/17\/maintenant-possible-de-telecharger-son-rii\/\" title=\"Il est maintenant possible de t\u00e9l\u00e9charger son RII\">t\u00e9l\u00e9charger votre RII<\/a> (Relev\u00e9 d&#8217;Information Int\u00e9gral) sur internet.<\/p>\n","protected":false},"excerpt":{"rendered":"<p>\nLa nouvelle r\u00e9glementation des exc\u00e8s de vitesse de moins de 5 km\/h implique qu&#8217;une telle infraction n&#8217;est plus soumise \u00e0 un retrait de point, n\u00e9anmoins l&#8217;amende reste appliqu\u00e9e. Qu&#8217;en est-il des d\u00e9lais de r\u00e9cup\u00e9ration de points automatiques ? Sont-ils relanc\u00e9s pour 6 mois ou 3 ans ?<\/p>\n<p>\u00a0[&#8230;]<\/p>\n","protected":false},"author":3,"featured_media":12676,"comment_status":"open","ping_status":"closed","sticky":false,"template":"","format":"standard","meta":{"footnotes":""},"categories":[4],"tags":[669,534,148,466],"class_list":["post-12671","post","type-post","status-publish","format-standard","has-post-thumbnail","hentry","category-legislation","tag-darmanin","tag-delai","tag-exces-de-vitesse","tag-recuperation-de-points","post-1","odd"],"aioseo_notices":[],"_links":{"self":[{"href":"https:\/\/www.legipermis.com\/blog\/wp-json\/wp\/v2\/posts\/12671","targetHints":{"allow":["GET"]}}],"collection":[{"href":"https:\/\/www.legipermis.com\/blog\/wp-json\/wp\/v2\/posts"}],"about":[{"href":"https:\/\/www.legipermis.com\/blog\/wp-json\/wp\/v2\/types\/post"}],"author":[{"embeddable":true,"href":"https:\/\/www.legipermis.com\/blog\/wp-json\/wp\/v2\/users\/3"}],"replies":[{"embeddable":true,"href":"https:\/\/www.legipermis.com\/blog\/wp-json\/wp\/v2\/comments?post=12671"}],"version-history":[{"count":4,"href":"https:\/\/www.legipermis.com\/blog\/wp-json\/wp\/v2\/posts\/12671\/revisions"}],"predecessor-version":[{"id":12675,"href":"https:\/\/www.legipermis.com\/blog\/wp-json\/wp\/v2\/posts\/12671\/revisions\/12675"}],"wp:featuredmedia":[{"embeddable":true,"href":"https:\/\/www.legipermis.com\/blog\/wp-json\/wp\/v2\/media\/12676"}],"wp:attachment":[{"href":"https:\/\/www.legipermis.com\/blog\/wp-json\/wp\/v2\/media?parent=12671"}],"wp:term":[{"taxonomy":"category","embeddable":true,"href":"https:\/\/www.legipermis.com\/blog\/wp-json\/wp\/v2\/categories?post=12671"},{"taxonomy":"post_tag","embeddable":true,"href":"https:\/\/www.legipermis.com\/blog\/wp-json\/wp\/v2\/tags?post=12671"}],"curies":[{"name":"wp","href":"https:\/\/api.w.org\/{rel}","templated":true}]}}