{"id":12099,"date":"2023-06-14T13:02:08","date_gmt":"2023-06-14T11:02:08","guid":{"rendered":"https:\/\/www.legipermis.com\/blog\/?p=12099"},"modified":"2023-06-21T12:15:07","modified_gmt":"2023-06-21T10:15:07","slug":"gouvernement-passer-permis-17-ans","status":"publish","type":"post","link":"https:\/\/www.legipermis.com\/blog\/2023\/06\/14\/gouvernement-passer-permis-17-ans\/","title":{"rendered":"Nouvelle r\u00e9forme du gouvernement : passer le permis \u00e0 17 ans en 2023"},"content":{"rendered":"<div style=\"text-align:right;\"><em style=\"font-size:12.9px;font-weight:bold;\" class=\"last-modified\">Mis \u00e0 jour le 21\/06\/2023.<\/em><\/div>\n<p>Dans une tentative de faciliter l&#8217;acc\u00e8s \u00e0 l&#8217;emploi et aux stages pour les jeunes, le gouvernement fran\u00e7ais envisage d&#8217;<strong>abaisser l&#8217;\u00e2ge l\u00e9gal pour passer le permis de conduire de 18 \u00e0 17 ans<\/strong>. Cette mesure, qui pourrait \u00eatre annonc\u00e9e tr\u00e8s prochainement par la Premi\u00e8re ministre \u00c9lisabeth Borne, est actuellement \u00e0 l&#8217;\u00e9tude et fait l&#8217;objet de nombreuses discussions au sein de l&#8217;ex\u00e9cutif.<\/p>\n\n\n\n<!--more-->\n\n\n\n<h2 class=\"wp-block-heading\">Maj : Elisabeth Borne a annonc\u00e9 le permis \u00e0 17 ans ce 20 juin<\/h2>\n\n\n\n<p>Dans une interview au media Brut, la premi\u00e8re ministre Elisabeth Borne a annonc\u00e9 le permis \u00e0 17 ans. Cette possibilit\u00e9 sera offerte \u00e0 tous les jeunes \u00e0 partir de janvier 2024. Retrouvez <a href=\"https:\/\/www.youtube.com\/watch?v=4BgSrgVnIqY\" target=\"_blank\" rel=\"noopener\" title>le lien vers la vid\u00e9o de l&#8217;interview<\/a>.<\/p>\n\n\n<div class=\"wp-block-image\">\n<figure class=\"aligncenter size-large\"><noscript><img decoding=\"async\" width=\"1024\" height=\"526\" src=\"https:\/\/www.legipermis.com\/blog\/wp-content\/uploads\/2023\/06\/EBorne-Permis-17-ans-1024x526.webp\" alt class=\"wp-image-12137\" srcset=\"https:\/\/www.legipermis.com\/blog\/wp-content\/uploads\/2023\/06\/EBorne-Permis-17-ans-1024x526.webp 1024w, https:\/\/www.legipermis.com\/blog\/wp-content\/uploads\/2023\/06\/EBorne-Permis-17-ans-300x154.webp 300w, https:\/\/www.legipermis.com\/blog\/wp-content\/uploads\/2023\/06\/EBorne-Permis-17-ans-150x77.webp 150w, https:\/\/www.legipermis.com\/blog\/wp-content\/uploads\/2023\/06\/EBorne-Permis-17-ans-768x395.webp 768w, https:\/\/www.legipermis.com\/blog\/wp-content\/uploads\/2023\/06\/EBorne-Permis-17-ans-1536x789.webp 1536w, https:\/\/www.legipermis.com\/blog\/wp-content\/uploads\/2023\/06\/EBorne-Permis-17-ans.webp 1715w\" sizes=\"(max-width: 1024px) 100vw, 1024px\"><\/noscript><img decoding=\"async\" width=\"1024\" height=\"526\" src=\"data:image\/svg+xml,%3Csvg%20xmlns%3D%22http%3A%2F%2Fwww.w3.org%2F2000%2Fsvg%22%20viewBox%3D%220%200%201024%20526%22%3E%3C%2Fsvg%3E\" alt class=\"wp-image-12137 lazyload\" srcset=\"data:image\/svg+xml,%3Csvg%20xmlns%3D%22http%3A%2F%2Fwww.w3.org%2F2000%2Fsvg%22%20viewBox%3D%220%200%201024%20526%22%3E%3C%2Fsvg%3E 1024w\" sizes=\"(max-width: 1024px) 100vw, 1024px\" data-srcset=\"https:\/\/www.legipermis.com\/blog\/wp-content\/uploads\/2023\/06\/EBorne-Permis-17-ans-1024x526.webp 1024w, https:\/\/www.legipermis.com\/blog\/wp-content\/uploads\/2023\/06\/EBorne-Permis-17-ans-300x154.webp 300w, https:\/\/www.legipermis.com\/blog\/wp-content\/uploads\/2023\/06\/EBorne-Permis-17-ans-150x77.webp 150w, https:\/\/www.legipermis.com\/blog\/wp-content\/uploads\/2023\/06\/EBorne-Permis-17-ans-768x395.webp 768w, https:\/\/www.legipermis.com\/blog\/wp-content\/uploads\/2023\/06\/EBorne-Permis-17-ans-1536x789.webp 1536w, https:\/\/www.legipermis.com\/blog\/wp-content\/uploads\/2023\/06\/EBorne-Permis-17-ans.webp 1715w\" data-src=\"https:\/\/www.legipermis.com\/blog\/wp-content\/uploads\/2023\/06\/EBorne-Permis-17-ans-1024x526.webp\"><figcaption class=\"wp-element-caption\">Source: Brut -Chaine youtube &#8211; interview du 20 juin 2023 de la premi\u00e8re ministre Elisabeth Borne.<\/figcaption><\/figure>\n<\/div>\n\n\n<h2 class=\"wp-block-heading\">Un plan ambitieux pour la jeunesse<\/h2>\n\n\n\n<p>Selon des informations de France Info, cette mesure pourrait \u00eatre annonc\u00e9e dans le cadre de la pr\u00e9sentation du plan pour la jeunesse du gouvernement le jeudi 22 juin 2023. Ce plan vise \u00e0 faciliter l&#8217;insertion professionnelle des jeunes et \u00e0 atteindre l&#8217;objectif d&#8217;un million d&#8217;apprentis d&#8217;ici \u00e0 2027.<\/p>\n\n\n\n<h2 class=\"wp-block-heading\">Un d\u00e9bat en cours depuis 2004<\/h2>\n\n\n\n<p>La r\u00e9flexion sur l&#8217;\u00e2ge minimum pour passer le permis de conduire est en cours depuis plusieurs semaines au sein de l&#8217;ex\u00e9cutif. L&#8217;hypoth\u00e8se d&#8217;un permis \u00e0 16 an avait d\u00e9j\u00e0 \u00e9t\u00e9 \u00e9voqu\u00e9 au d\u00e9but des ann\u00e9es 2000 dans le cadre de la sensibilisation au risque routier.<\/p>\n\n\n\n<p>La proposition du gouvernement viserait \u00e0 pouvoir passer le permis \u00e0 17 ans sans passer la conduite accompagn\u00e9e (AAC).<\/p>\n\n\n\n<h2 class=\"wp-block-heading\">Une mesure controvers\u00e9e et discut\u00e9e<\/h2>\n\n\n\n<p>Cependant, cette mesure n&#8217;est pas sans susciter des controverses. En France, les 18-24 ans sont impliqu\u00e9s dans 17% des accidents de la route, alors qu&#8217;ils ne repr\u00e9sentent que 9% de la population. L&#8217;abaissement de l&#8217;\u00e2ge du permis de conduire pourrait impacter les statistiques de la s\u00e9curit\u00e9 routi\u00e8re <a href=\"https:\/\/www.legipermis.com\/blog\/2023\/06\/01\/bilan-securite-routiere-2022\/\" title=\"3267 morts sur les routes de France m\u00e9tropolitaine en 2022\">qui sont en l\u00e9g\u00e8re d\u00e9gradation en 2022<\/a> avec 3267 morts.<\/p>\n\n\n\n<div style=\"margin-bottom:4px;max-width:730px;text-align:center;\">\n\t<!-- responsive blog legipermis avant bl -->\n\t<ins class=\"adsbygoogle\" style=\"display:block\" data-ad-client=\"ca-pub-0319615741565724\" data-ad-slot=\"3542437151\" data-ad-format=\"auto\" id=\"top-ad-responsive-blog\"><\/ins>\n\t<script>\n\t(tarteaucitron.job = tarteaucitron.job || []).push('adsense');\n\t(adsbygoogle = window.adsbygoogle || []).push({});\n\t<\/script>\n<\/div>\n\n\n\n<h2 class=\"wp-block-heading\">Pourquoi cela peut \u00eatre une bonne id\u00e9e ?<\/h2>\n\n\n\n<p>Nous pensons que cela peut constituer une bonne id\u00e9e pour plusieurs raisons :<\/p>\n\n\n\n<ul class=\"wp-block-list\">\n<li>Cela permet de <strong>responsabiliser plus t\u00f4t les adolescents<\/strong> \u00e0 la gestion du risque sur l&#8217;espace partag\u00e9 que constitue la route ;<\/li>\n\n\n\n<li>Comme le souligne l&#8217;ex\u00e9cutif, cela permet de <strong>dynamiser les jobs d&#8217;\u00e9t\u00e9<\/strong>, les stages, les apprentissages ou encore les alternances, notamment pour les territoires non-urbains ;<\/li>\n\n\n\n<li>Cela permet <strong>pour les futurs bacheliers<\/strong>, de passer le permis en amont du BAC et de ne pas avoir \u00e0 se pr\u00e9occuper de trop de choses en m\u00eame temps (inscriptions post-bac etc.) ;<\/li>\n\n\n\n<li><strong>Int\u00e9grer l&#8217;apprentissage du Code de la route dans le cadre du coll\u00e8ge et du lyc\u00e9e<\/strong> permettra de sensibiliser les jeunes plus t\u00f4t aux risques et aussi de r\u00e9duire la conduite sans permis (et souvent sans assurance) ;<\/li>\n<\/ul>\n\n\n\n<h2 class=\"wp-block-heading\">Une tendance europ\u00e9enne<\/h2>\n\n\n\n<p>Si la France s&#8217;engage dans cette voie, elle rejoindrait la liste des pays autorisant des mineurs \u00e0 conduire seuls. En Europe, le Royaume-Uni, l&#8217;Irlande et la Slovaquie le permettent, \u00e0 partir de 17 ans. Aux \u00c9tats-Unis, les jeunes peuvent conduire \u00e0 partir de 16 ans.<\/p>\n\n\n\n<h2 class=\"wp-block-heading\">Vers une r\u00e9forme plus large du permis de conduire<\/h2>\n\n\n\n<p>En parall\u00e8le, le Parlement a d\u00e9finitivement adopt\u00e9 une proposition de loi sur la mise en place d&#8217;une plateforme num\u00e9rique appel\u00e9e \u00ab un jeune, un permis \u00bb. <\/p>\n\n\n\n<p>Ce service num\u00e9rique recensera l&#8217;int\u00e9gralit\u00e9 des aides de l&#8217;\u00c9tat comme des collectivit\u00e9s locales pour financer son permis de conduire. <\/p>\n","protected":false},"excerpt":{"rendered":"<p>\nDans une tentative de faciliter l&#8217;acc\u00e8s \u00e0 l&#8217;emploi et aux stages pour les jeunes, le gouvernement fran\u00e7ais envisage d&#8217;<strong>abaisser l&#8217;\u00e2ge l\u00e9gal pour passer le permis de conduire de 18 \u00e0 17 ans<\/strong>. Cette mesure, qui pourrait \u00eatre annonc\u00e9e tr\u00e8s prochainement par la Premi\u00e8re ministre \u00c9lisabeth Borne, est actuellement \u00e0 l&#8217;\u00e9tude et fait l&#8217;objet de nombreuses discussions au sein de l&#8217;ex\u00e9cutif.<\/p>\n<p>\u00a0[&#8230;]<\/p>\n","protected":false},"author":3,"featured_media":12101,"comment_status":"open","ping_status":"closed","sticky":false,"template":"","format":"standard","meta":{"footnotes":""},"categories":[170,4],"tags":[76,112],"class_list":["post-12099","post","type-post","status-publish","format-standard","has-post-thumbnail","hentry","category-autoecole","category-legislation","tag-auto-ecole","tag-permis-de-conduire","post-1","odd"],"aioseo_notices":[],"_links":{"self":[{"href":"https:\/\/www.legipermis.com\/blog\/wp-json\/wp\/v2\/posts\/12099","targetHints":{"allow":["GET"]}}],"collection":[{"href":"https:\/\/www.legipermis.com\/blog\/wp-json\/wp\/v2\/posts"}],"about":[{"href":"https:\/\/www.legipermis.com\/blog\/wp-json\/wp\/v2\/types\/post"}],"author":[{"embeddable":true,"href":"https:\/\/www.legipermis.com\/blog\/wp-json\/wp\/v2\/users\/3"}],"replies":[{"embeddable":true,"href":"https:\/\/www.legipermis.com\/blog\/wp-json\/wp\/v2\/comments?post=12099"}],"version-history":[{"count":0,"href":"https:\/\/www.legipermis.com\/blog\/wp-json\/wp\/v2\/posts\/12099\/revisions"}],"wp:featuredmedia":[{"embeddable":true,"href":"https:\/\/www.legipermis.com\/blog\/wp-json\/wp\/v2\/media\/12101"}],"wp:attachment":[{"href":"https:\/\/www.legipermis.com\/blog\/wp-json\/wp\/v2\/media?parent=12099"}],"wp:term":[{"taxonomy":"category","embeddable":true,"href":"https:\/\/www.legipermis.com\/blog\/wp-json\/wp\/v2\/categories?post=12099"},{"taxonomy":"post_tag","embeddable":true,"href":"https:\/\/www.legipermis.com\/blog\/wp-json\/wp\/v2\/tags?post=12099"}],"curies":[{"name":"wp","href":"https:\/\/api.w.org\/{rel}","templated":true}]}}