{"id":12078,"date":"2023-06-07T16:17:42","date_gmt":"2023-06-07T14:17:42","guid":{"rendered":"https:\/\/www.legipermis.com\/blog\/?p=12078"},"modified":"2023-06-07T16:44:11","modified_gmt":"2023-06-07T14:44:11","slug":"radar-tourelle","status":"publish","type":"post","link":"https:\/\/www.legipermis.com\/blog\/2023\/06\/07\/radar-tourelle\/","title":{"rendered":"Radar tourelle : quel flash ? quelle infraction et distance ?"},"content":{"rendered":"<p>Vous les avez sans doute d\u00e9j\u00e0 aper\u00e7us, ces tours imposantes au bord de la route. Les <strong>radars tourelles<\/strong> sont des dispositifs de contr\u00f4le routier de nouvelle g\u00e9n\u00e9ration d\u00e9ploy\u00e9s en France depuis 2019. Mais qu&#8217;est-ce qu&#8217;un radar tourelle exactement ? Quel est son fonctionnement ? Quelles infractions peut-il sanctionner ? Emet-il un flash visible et \u00e0 quelle distance ? C&#8217;est ce que nous allons d\u00e9couvrir ensemble.<\/p>\n\n\n\n<h2 class=\"wp-block-heading\">Les infractions sanctionn\u00e9es par les radars tourelles<\/h2>\n\n\n\n<p>Les radars tourelles sont con\u00e7us \u00e0 la base pour d\u00e9tecter plusieurs infractions. N\u00e9anmoins ils sont aujourd&#8217;hui <strong>uniquement homologu\u00e9s en France pour contr\u00f4ler les <a href=\"\/infractions\/exces-de-vitesse.html\" target=\"_blank\" rel=\"noopener\" title>exc\u00e8s de vitesse<\/a>, le <a href=\"\/infractions\/non-respect-feu-rouge.html\" target=\"_blank\" rel=\"noopener\" title>non-respect du feu rouge<\/a><\/strong> et le respect du passage \u00e0 niveau.<\/p>\n\n\n<div class=\"wp-block-image\">\n<figure class=\"aligncenter size-large is-resized\"><noscript><img decoding=\"async\" src=\"https:\/\/www.legipermis.com\/blog\/wp-content\/uploads\/2023\/06\/mesta-fusion-2-documentation-1024x550.webp\" alt class=\"wp-image-12093\" width=\"772\" height=\"414\" srcset=\"https:\/\/www.legipermis.com\/blog\/wp-content\/uploads\/2023\/06\/mesta-fusion-2-documentation-1024x550.webp 1024w, https:\/\/www.legipermis.com\/blog\/wp-content\/uploads\/2023\/06\/mesta-fusion-2-documentation-300x161.webp 300w, https:\/\/www.legipermis.com\/blog\/wp-content\/uploads\/2023\/06\/mesta-fusion-2-documentation-150x81.webp 150w, https:\/\/www.legipermis.com\/blog\/wp-content\/uploads\/2023\/06\/mesta-fusion-2-documentation-768x413.webp 768w, https:\/\/www.legipermis.com\/blog\/wp-content\/uploads\/2023\/06\/mesta-fusion-2-documentation-1536x825.webp 1536w, https:\/\/www.legipermis.com\/blog\/wp-content\/uploads\/2023\/06\/mesta-fusion-2-documentation.webp 1582w\" sizes=\"(max-width: 772px) 100vw, 772px\"><\/noscript><img decoding=\"async\" src=\"data:image\/svg+xml,%3Csvg%20xmlns%3D%22http%3A%2F%2Fwww.w3.org%2F2000%2Fsvg%22%20viewBox%3D%220%200%20772%20414%22%3E%3C%2Fsvg%3E\" alt class=\"wp-image-12093 lazyload\" width=\"772\" height=\"414\" srcset=\"data:image\/svg+xml,%3Csvg%20xmlns%3D%22http%3A%2F%2Fwww.w3.org%2F2000%2Fsvg%22%20viewBox%3D%220%200%20772%20414%22%3E%3C%2Fsvg%3E 772w\" sizes=\"(max-width: 772px) 100vw, 772px\" data-srcset=\"https:\/\/www.legipermis.com\/blog\/wp-content\/uploads\/2023\/06\/mesta-fusion-2-documentation-1024x550.webp 1024w, https:\/\/www.legipermis.com\/blog\/wp-content\/uploads\/2023\/06\/mesta-fusion-2-documentation-300x161.webp 300w, https:\/\/www.legipermis.com\/blog\/wp-content\/uploads\/2023\/06\/mesta-fusion-2-documentation-150x81.webp 150w, https:\/\/www.legipermis.com\/blog\/wp-content\/uploads\/2023\/06\/mesta-fusion-2-documentation-768x413.webp 768w, https:\/\/www.legipermis.com\/blog\/wp-content\/uploads\/2023\/06\/mesta-fusion-2-documentation-1536x825.webp 1536w, https:\/\/www.legipermis.com\/blog\/wp-content\/uploads\/2023\/06\/mesta-fusion-2-documentation.webp 1582w\" data-src=\"https:\/\/www.legipermis.com\/blog\/wp-content\/uploads\/2023\/06\/mesta-fusion-2-documentation-1024x550.webp\"><figcaption class=\"wp-element-caption\">Source: Brochure IMEDIA Mesta Fusion 2.<\/figcaption><\/figure>\n<\/div>\n\n\n<h3 class=\"wp-block-heading\">Principales fonctionnalit\u00e9s du radar tourelle<\/h3>\n\n\n\n<ul class=\"wp-block-list\">\n<li>Calcul de la vitesse dans les deux sens de circulation ;<\/li>\n\n\n\n<li>Discrimination du type de v\u00e9hicule et de la voie de circulation ;<\/li>\n\n\n\n<li>Contr\u00f4le du franchissement de feu rouge ;<\/li>\n<\/ul>\n\n\n<div class=\"wp-block-image\">\n<figure class=\"aligncenter size-full is-resized\"><noscript><img decoding=\"async\" src=\"https:\/\/www.legipermis.com\/blog\/wp-content\/uploads\/2019\/01\/radar-tourelle-mesta-fusion-2-2019-2020.jpg\" alt=\"radar tourelle mesta fusion 2\" class=\"wp-image-6941\" width=\"434\" height=\"579\" srcset=\"https:\/\/www.legipermis.com\/blog\/wp-content\/uploads\/2019\/01\/radar-tourelle-mesta-fusion-2-2019-2020.jpg 600w, https:\/\/www.legipermis.com\/blog\/wp-content\/uploads\/2019\/01\/radar-tourelle-mesta-fusion-2-2019-2020-225x300.jpg 225w, https:\/\/www.legipermis.com\/blog\/wp-content\/uploads\/2019\/01\/radar-tourelle-mesta-fusion-2-2019-2020-113x150.jpg 113w\" sizes=\"(max-width: 434px) 100vw, 434px\"><\/noscript><img decoding=\"async\" src=\"data:image\/svg+xml,%3Csvg%20xmlns%3D%22http%3A%2F%2Fwww.w3.org%2F2000%2Fsvg%22%20viewBox%3D%220%200%20434%20579%22%3E%3C%2Fsvg%3E\" alt=\"radar tourelle mesta fusion 2\" class=\"wp-image-6941 lazyload\" width=\"434\" height=\"579\" srcset=\"data:image\/svg+xml,%3Csvg%20xmlns%3D%22http%3A%2F%2Fwww.w3.org%2F2000%2Fsvg%22%20viewBox%3D%220%200%20434%20579%22%3E%3C%2Fsvg%3E 434w\" sizes=\"(max-width: 434px) 100vw, 434px\" data-srcset=\"https:\/\/www.legipermis.com\/blog\/wp-content\/uploads\/2019\/01\/radar-tourelle-mesta-fusion-2-2019-2020.jpg 600w, https:\/\/www.legipermis.com\/blog\/wp-content\/uploads\/2019\/01\/radar-tourelle-mesta-fusion-2-2019-2020-225x300.jpg 225w, https:\/\/www.legipermis.com\/blog\/wp-content\/uploads\/2019\/01\/radar-tourelle-mesta-fusion-2-2019-2020-113x150.jpg 113w\" data-src=\"https:\/\/www.legipermis.com\/blog\/wp-content\/uploads\/2019\/01\/radar-tourelle-mesta-fusion-2-2019-2020.jpg\"><figcaption class=\"wp-element-caption\">Radar Tourelle \u00e0 Civirieux d&#8217;Azergues pr\u00e8s de Lyon pr\u00e8s d&#8217;un passage \u00e0 niveau.<\/figcaption><\/figure>\n<\/div>\n\n\n<div style=\"margin-bottom:4px;max-width:730px;text-align:center;\">\n\t<!-- responsive blog legipermis avant bl -->\n\t<ins class=\"adsbygoogle\" style=\"display:block\" data-ad-client=\"ca-pub-0319615741565724\" data-ad-slot=\"3542437151\" data-ad-format=\"auto\" id=\"top-ad-responsive-blog\"><\/ins>\n\t<script>\n\t(tarteaucitron.job = tarteaucitron.job || []).push('adsense');\n\t(adsbygoogle = window.adsbygoogle || []).push({});\n\t<\/script>\n<\/div>\n\n\n\n<p>Le <strong>Mesta Fusion 2<\/strong> a \u00e9t\u00e9 homologu\u00e9 en 2018 pour contr\u00f4ler la vitesse mais \u00e9galement le franchissement des feux rouges mais loin des capacit\u00e9s multi-infractions qu&#8217;on promettait techniquement au d\u00e9part.<\/p>\n\n\n\n<p>Il contr\u00f4le soit la vitesse, soit le franchissement du feu rouge et non les deux en m\u00eame temps.<\/p>\n\n\n\n<p><strong>Ainsi, le radar tourelle n&#8217;est pas homologu\u00e9 \u00e0 date en France pour contr\u00f4ler l&#8217;usage du t\u00e9l\u00e9phone au volant, les distances de s\u00e9curit\u00e9, le non-port de la ceinture de s\u00e9curit\u00e9 ou encore les d\u00e9passements non-autoris\u00e9s.<\/strong><\/p>\n\n\n\n<p>Certains des premiers mod\u00e8les install\u00e9s en 2018, contr\u00f4lent le respect du passage \u00e0 niveau. Nous avions pu constater la mise en place de ce dispositif \u00e0 Civirieux d\u2019Azergues pr\u00e8s de Lyon.<\/p>\n\n\n<div class=\"wp-block-image\">\n<figure class=\"aligncenter size-full is-resized\"><noscript><img decoding=\"async\" src=\"https:\/\/www.legipermis.com\/blog\/wp-content\/uploads\/2019\/01\/radar-tourelle-civrieux-d-azergues-lyon.jpg\" alt=\"radar tourelle civrieux d'azergues lyon\" class=\"wp-image-6932\" width=\"480\" height=\"569\" srcset=\"https:\/\/www.legipermis.com\/blog\/wp-content\/uploads\/2019\/01\/radar-tourelle-civrieux-d-azergues-lyon.jpg 600w, https:\/\/www.legipermis.com\/blog\/wp-content\/uploads\/2019\/01\/radar-tourelle-civrieux-d-azergues-lyon-127x150.jpg 127w, https:\/\/www.legipermis.com\/blog\/wp-content\/uploads\/2019\/01\/radar-tourelle-civrieux-d-azergues-lyon-254x300.jpg 254w\" sizes=\"(max-width: 480px) 100vw, 480px\"><\/noscript><img decoding=\"async\" src=\"data:image\/svg+xml,%3Csvg%20xmlns%3D%22http%3A%2F%2Fwww.w3.org%2F2000%2Fsvg%22%20viewBox%3D%220%200%20480%20569%22%3E%3C%2Fsvg%3E\" alt=\"radar tourelle civrieux d'azergues lyon\" class=\"wp-image-6932 lazyload\" width=\"480\" height=\"569\" srcset=\"data:image\/svg+xml,%3Csvg%20xmlns%3D%22http%3A%2F%2Fwww.w3.org%2F2000%2Fsvg%22%20viewBox%3D%220%200%20480%20569%22%3E%3C%2Fsvg%3E 480w\" sizes=\"(max-width: 480px) 100vw, 480px\" data-srcset=\"https:\/\/www.legipermis.com\/blog\/wp-content\/uploads\/2019\/01\/radar-tourelle-civrieux-d-azergues-lyon.jpg 600w, https:\/\/www.legipermis.com\/blog\/wp-content\/uploads\/2019\/01\/radar-tourelle-civrieux-d-azergues-lyon-127x150.jpg 127w, https:\/\/www.legipermis.com\/blog\/wp-content\/uploads\/2019\/01\/radar-tourelle-civrieux-d-azergues-lyon-254x300.jpg 254w\" data-src=\"https:\/\/www.legipermis.com\/blog\/wp-content\/uploads\/2019\/01\/radar-tourelle-civrieux-d-azergues-lyon.jpg\"><figcaption class=\"wp-element-caption\">Radar Tourelle \u00e0 Civirieux d&#8217;Azergues pr\u00e8s de Lyon pr\u00e8s d&#8217;un passage \u00e0 niveau.<\/figcaption><\/figure>\n<\/div>\n\n\n<h2 class=\"wp-block-heading\">Fonctionnement des radars tourelles<\/h2>\n\n\n\n<p>Fabriqu\u00e9s par la soci\u00e9t\u00e9 IDEMIA, les radars tourelles sont install\u00e9s sur des m\u00e2ts pouvant atteindre 4 m\u00e8tres de haut. Ils sont capables de contr\u00f4ler jusqu&#8217;\u00e0 <strong>32 v\u00e9hicules simultan\u00e9ment sur 8 voies de circulation, dans les deux sens<\/strong>.<\/p>\n\n\n\n<p>Les radars tourelles sont \u00e9quip\u00e9s d&#8217;une antenne large champ UMRR qui sert \u00e0 d\u00e9tecter ou suivre les v\u00e9hicules ainsi qu&#8217;\u00e0 calculer leur vitesse.. <\/p>\n\n\n\n<p><strong>Le radar a une port\u00e9e de 100 m\u00e8tres<\/strong> et peut diff\u00e9rencier une voiture d\u2019un camion ou d&#8217;un deux-roues.<\/p>\n\n\n\n<h3 class=\"wp-block-heading\">Quelle est la marge d&#8217;erreur d&#8217;un radar tourelle ?<\/h3>\n\n\n\n<p>Un radar tourelle est consid\u00e9r\u00e9 comme un radar fixe avec une &#8220;tol\u00e9rance&#8221; de 5 km\/h en dessous de 100 km\/h et de 5% \u00e0 partir de 100 km\/h. Voir notre guide sur les <a href=\"https:\/\/www.legipermis.com\/blog\/2021\/08\/18\/tolerance-exces-de-vitesse-marge\/\" title=\"Radar : Tol\u00e9rance exc\u00e8s de vitesse, marge d\u2019erreur et vitesse retenue\">marges d&#8217;erreur techniques des radars fixes et mobiles<\/a>.<\/p>\n\n\n\n<h3 class=\"wp-block-heading\">Peut-on voir le flash d&#8217;un radar tourelle ?<\/h3>\n\n\n\n<p><strong>Non, le radar tourelle n&#8217;\u00e9met pas de flash visible<\/strong> contrairement aux radars automatiques avec une cabine classique.<\/p>\n\n\n<div class=\"wp-block-image\">\n<figure class=\"aligncenter size-full is-resized\"><noscript><img decoding=\"async\" src=\"https:\/\/www.legipermis.com\/blog\/wp-content\/uploads\/2019\/01\/nouveau-radar-tourelle-2019-2020-design-photo.jpg\" alt=\"radar tourelle pr\u00e8s d'un passage \u00e0 niveau\" class=\"wp-image-6940\" width=\"538\" height=\"717\" srcset=\"https:\/\/www.legipermis.com\/blog\/wp-content\/uploads\/2019\/01\/nouveau-radar-tourelle-2019-2020-design-photo.jpg 600w, https:\/\/www.legipermis.com\/blog\/wp-content\/uploads\/2019\/01\/nouveau-radar-tourelle-2019-2020-design-photo-113x150.jpg 113w, https:\/\/www.legipermis.com\/blog\/wp-content\/uploads\/2019\/01\/nouveau-radar-tourelle-2019-2020-design-photo-225x300.jpg 225w\" sizes=\"(max-width: 538px) 100vw, 538px\"><\/noscript><img decoding=\"async\" src=\"data:image\/svg+xml,%3Csvg%20xmlns%3D%22http%3A%2F%2Fwww.w3.org%2F2000%2Fsvg%22%20viewBox%3D%220%200%20538%20717%22%3E%3C%2Fsvg%3E\" alt=\"radar tourelle pr\u00e8s d'un passage \u00e0 niveau\" class=\"wp-image-6940 lazyload\" width=\"538\" height=\"717\" srcset=\"data:image\/svg+xml,%3Csvg%20xmlns%3D%22http%3A%2F%2Fwww.w3.org%2F2000%2Fsvg%22%20viewBox%3D%220%200%20538%20717%22%3E%3C%2Fsvg%3E 538w\" sizes=\"(max-width: 538px) 100vw, 538px\" data-srcset=\"https:\/\/www.legipermis.com\/blog\/wp-content\/uploads\/2019\/01\/nouveau-radar-tourelle-2019-2020-design-photo.jpg 600w, https:\/\/www.legipermis.com\/blog\/wp-content\/uploads\/2019\/01\/nouveau-radar-tourelle-2019-2020-design-photo-113x150.jpg 113w, https:\/\/www.legipermis.com\/blog\/wp-content\/uploads\/2019\/01\/nouveau-radar-tourelle-2019-2020-design-photo-225x300.jpg 225w\" data-src=\"https:\/\/www.legipermis.com\/blog\/wp-content\/uploads\/2019\/01\/nouveau-radar-tourelle-2019-2020-design-photo.jpg\"><figcaption class=\"wp-element-caption\">Radar Tourelle \u00e0 Civirieux d&#8217;Azergues pr\u00e8s de Lyon pr\u00e8s d&#8217;un passage \u00e0 niveau.<\/figcaption><\/figure>\n<\/div>\n\n\n<h2 class=\"wp-block-heading\">Les radars tourelles leurres<\/h2>\n\n\n\n<p>Il faut noter que tous les radars tourelles ne sont pas \u00e9quip\u00e9s d&#8217;un vrai radar : \u00e0 terme, 4 tourelles sur 5 seront des leurres. <\/p>\n\n\n\n<p>Les radars sont prot\u00e9g\u00e9s par un film miroir opaque pour emp\u00eacher de voir l&#8217;int\u00e9rieur de la cabine. Il est plut\u00f4t difficile de faire la diff\u00e9rence.<\/p>\n\n\n\n<p>L&#8217;objectif de ces &#8220;faux radars&#8221; est de dissuader les conducteurs de rouler trop vite, m\u00eame s&#8217;ils ne sont pas capables de sanctionner les d\u00e9passements de vitesse.<\/p>\n\n\n\n<h3 class=\"wp-block-heading\">Combien de radars tourelles en France ?<\/h3>\n\n\n\n<p><strong>On estime le nombre de radars tourelles \u00e0 pr\u00e8s de 1200 unit\u00e9s fin 2022<\/strong> (c&#8217;\u00e9tait l&#8217;objectif du minist\u00e8re de l&#8217;Int\u00e9rieur). Cela fait environ 6000 cabines en comptant les vrais radars et les leurres.<\/p>\n\n\n\n<figure class=\"wp-block-image size-full\"><noscript><img decoding=\"async\" width=\"800\" height=\"420\" src=\"https:\/\/www.legipermis.com\/blog\/wp-content\/uploads\/2019\/01\/radar-tourelle-multi-infraction.jpg\" alt=\"radar tourelle multi-infractions 2019 2020\" class=\"wp-image-6931\" srcset=\"https:\/\/www.legipermis.com\/blog\/wp-content\/uploads\/2019\/01\/radar-tourelle-multi-infraction.jpg 800w, https:\/\/www.legipermis.com\/blog\/wp-content\/uploads\/2019\/01\/radar-tourelle-multi-infraction-150x79.jpg 150w, https:\/\/www.legipermis.com\/blog\/wp-content\/uploads\/2019\/01\/radar-tourelle-multi-infraction-300x158.jpg 300w, https:\/\/www.legipermis.com\/blog\/wp-content\/uploads\/2019\/01\/radar-tourelle-multi-infraction-768x403.jpg 768w\" sizes=\"(max-width: 800px) 100vw, 800px\"><\/noscript><img decoding=\"async\" width=\"800\" height=\"420\" src=\"data:image\/svg+xml,%3Csvg%20xmlns%3D%22http%3A%2F%2Fwww.w3.org%2F2000%2Fsvg%22%20viewBox%3D%220%200%20800%20420%22%3E%3C%2Fsvg%3E\" alt=\"radar tourelle multi-infractions 2019 2020\" class=\"wp-image-6931 lazyload\" srcset=\"data:image\/svg+xml,%3Csvg%20xmlns%3D%22http%3A%2F%2Fwww.w3.org%2F2000%2Fsvg%22%20viewBox%3D%220%200%20800%20420%22%3E%3C%2Fsvg%3E 800w\" sizes=\"(max-width: 800px) 100vw, 800px\" data-srcset=\"https:\/\/www.legipermis.com\/blog\/wp-content\/uploads\/2019\/01\/radar-tourelle-multi-infraction.jpg 800w, https:\/\/www.legipermis.com\/blog\/wp-content\/uploads\/2019\/01\/radar-tourelle-multi-infraction-150x79.jpg 150w, https:\/\/www.legipermis.com\/blog\/wp-content\/uploads\/2019\/01\/radar-tourelle-multi-infraction-300x158.jpg 300w, https:\/\/www.legipermis.com\/blog\/wp-content\/uploads\/2019\/01\/radar-tourelle-multi-infraction-768x403.jpg 768w\" data-src=\"https:\/\/www.legipermis.com\/blog\/wp-content\/uploads\/2019\/01\/radar-tourelle-multi-infraction.jpg\"><\/figure>\n\n\n\n<h2 class=\"wp-block-heading\">D\u00e9tails techniques des radars tourelles<\/h2>\n\n\n\n<p>Les radars tourelles sont \u00e9quip\u00e9s de trois modules qui leur permettent de mesurer \u00e0 la fois la vitesse, la cat\u00e9gorie de v\u00e9hicule et la voie dans laquelle il se trouve. Cela leur permet de distinguer les diff\u00e9rents types de v\u00e9hicules et d&#8217;appliquer des limitations de vitesse diff\u00e9rentes pour chaque file ou sens de circulation surveill\u00e9.<\/p>\n\n\n\n<p>Le Mesta Fusion est \u00e9quip\u00e9 d&#8217;une cam\u00e9ra haute d\u00e9finition de 36 millions de pixels qui fonctionne de jour comme de nuit.<\/p>\n\n\n\n<p>Plus de d\u00e9tails <a href=\"https:\/\/www.idemia.com\/fr\/gamme-mesta\" target=\"_blank\" rel=\"noopener\" title>sur le site internet de Idemia<\/a>. <\/p>\n","protected":false},"excerpt":{"rendered":"<p>\nVous les avez sans doute d\u00e9j\u00e0 aper\u00e7us, ces tours imposantes au bord de la route. Les <strong>radars tourelles<\/strong> sont des dispositifs de contr\u00f4le routier de nouvelle g\u00e9n\u00e9ration d\u00e9ploy\u00e9s en France depuis 2019. Mais qu&#8217;est-ce qu&#8217;un radar tourelle exactement ? Quel est son fonctionnement ? Quelles infractions peut-il sanctionner ? Emet-il un flash visible et \u00e0 quelle distance ? C&#8217;est ce que nous allons d\u00e9couvrir ensemble.<\/p>\n<p>Les infractions sanctionn\u00e9es par les radars tourelles<\/p>\n<p>Les radars tourelles sont con\u00e7us \u00e0 la base pour d\u00e9tecter plusieurs infractions. N\u00e9anmoins ils sont aujourd&#8217;hui <strong>uniquement homologu\u00e9s en France pour contr\u00f4ler les exc\u00e8s de vitesse, le non-respect du feu\u00a0[&#8230;]<\/p>\n","protected":false},"author":2,"featured_media":12081,"comment_status":"open","ping_status":"closed","sticky":false,"template":"","format":"standard","meta":{"footnotes":""},"categories":[1,437],"tags":[148,281,239,528],"class_list":["post-12078","post","type-post","status-publish","format-standard","has-post-thumbnail","hentry","category-non-classe","category-radar-automatique","tag-exces-de-vitesse","tag-feu-rouge","tag-radar-automatique","tag-radar-tourelle","post-1","odd"],"aioseo_notices":[],"_links":{"self":[{"href":"https:\/\/www.legipermis.com\/blog\/wp-json\/wp\/v2\/posts\/12078","targetHints":{"allow":["GET"]}}],"collection":[{"href":"https:\/\/www.legipermis.com\/blog\/wp-json\/wp\/v2\/posts"}],"about":[{"href":"https:\/\/www.legipermis.com\/blog\/wp-json\/wp\/v2\/types\/post"}],"author":[{"embeddable":true,"href":"https:\/\/www.legipermis.com\/blog\/wp-json\/wp\/v2\/users\/2"}],"replies":[{"embeddable":true,"href":"https:\/\/www.legipermis.com\/blog\/wp-json\/wp\/v2\/comments?post=12078"}],"version-history":[{"count":0,"href":"https:\/\/www.legipermis.com\/blog\/wp-json\/wp\/v2\/posts\/12078\/revisions"}],"wp:featuredmedia":[{"embeddable":true,"href":"https:\/\/www.legipermis.com\/blog\/wp-json\/wp\/v2\/media\/12081"}],"wp:attachment":[{"href":"https:\/\/www.legipermis.com\/blog\/wp-json\/wp\/v2\/media?parent=12078"}],"wp:term":[{"taxonomy":"category","embeddable":true,"href":"https:\/\/www.legipermis.com\/blog\/wp-json\/wp\/v2\/categories?post=12078"},{"taxonomy":"post_tag","embeddable":true,"href":"https:\/\/www.legipermis.com\/blog\/wp-json\/wp\/v2\/tags?post=12078"}],"curies":[{"name":"wp","href":"https:\/\/api.w.org\/{rel}","templated":true}]}}