{"id":11995,"date":"2023-04-19T22:28:27","date_gmt":"2023-04-19T20:28:27","guid":{"rendered":"https:\/\/www.legipermis.com\/blog\/?p=11995"},"modified":"2023-04-20T10:27:44","modified_gmt":"2023-04-20T08:27:44","slug":"darmanin-petit-exces-de-vitesse-plus-de-retrait-point","status":"publish","type":"post","link":"https:\/\/www.legipermis.com\/blog\/2023\/04\/19\/darmanin-petit-exces-de-vitesse-plus-de-retrait-point\/","title":{"rendered":"Darmanin et petits exc\u00e8s de vitesse : plus de retrait de point en 2024"},"content":{"rendered":"<p>Ce 19 avril 2023, G\u00e9rald Darmanin, ministre de l&#8217;Int\u00e9rieur, a annonc\u00e9 que les <a href=\"\/infractions\/petit-exces-de-vitesse.html\" title>petits exc\u00e8s de vitesse<\/a> inf\u00e9rieurs \u00e0 5 km\/h ne seraient plus sanctionn\u00e9s par des retraits de points <strong>\u00e0 partir de la date du 1er janvier 2024<\/strong>. Cette mesure, qui avait \u00e9t\u00e9 annonc\u00e9e en 2022, visera \u00e0 instaurer une &#8220;indulgence administrative&#8221;.<\/p>\n\n\n\n<h2 class=\"wp-block-heading\">Plus de perte de point mais l&#8217;amende reste<\/h2>\n\n\n\n<p>Dans une lettre adress\u00e9e \u00e0 la s\u00e9natrice LR Fran\u00e7oise Dumont, G\u00e9rald Darmanin explique que cette mesure vise \u00e0 adapter le r\u00e9gime r\u00e9pressif administratif applicable aux petits exc\u00e8s de vitesse afin de le consid\u00e9rer plus comme un manque d&#8217;attention que d&#8217;une volont\u00e9 de ne pas respecter les r\u00e8gles. <\/p>\n\n\n\n<p><strong>Ainsi, il n&#8217;y aura plus de retrait de point pour les exc\u00e8s de vitesse inf\u00e9rieurs \u00e0 5 km\/h en vitesse retenue \u00e0 partir du 01\/01\/2024. L&#8217;amende de 68 euros (lorsque la limite est sup\u00e9rieure \u00e0 50 km\/h) ou de 135 euros (avec une limitation inf\u00e9rieure \u00e0 50 km\/h) restera en place.<\/strong> Retrouvez <a href=\"https:\/\/www.legipermis.com\/infractions\/exces-de-vitesse.html\" target=\"_blank\" rel=\"noopener\" title>notre guide des bar\u00e8mes des exc\u00e8s de vitesse<\/a>.<\/p>\n\n\n\n<blockquote class=\"twitter-tweet\"><p lang=\"fr\" dir=\"ltr\">A la demande du Pr\u00e9sident de la R\u00e9publique, \u00e0 partir du 1er janvier 2024, il n\u2019y aura plus de retrait de points pour les exc\u00e8s de vitesse inf\u00e9rieurs \u00e0 5 km\/h. L\u2019amende bien s\u00fbr sera maintenue.<br>Une mesure de bon sens pour nos concitoyens.<\/p>&mdash; G\u00e9rald DARMANIN (@GDarmanin) <a href=\"https:\/\/twitter.com\/GDarmanin\/status\/1648751787862548480?ref_src=twsrc%5Etfw\">April 19, 2023<\/a><\/blockquote> <script async src=\"https:\/\/platform.twitter.com\/widgets.js\" charset=\"utf-8\"><\/script>\n\n\n\n<div style=\"margin-bottom:4px;max-width:730px;text-align:center;\">\n\t<!-- responsive blog legipermis avant bl -->\n\t<ins class=\"adsbygoogle\" style=\"display:block\" data-ad-client=\"ca-pub-0319615741565724\" data-ad-slot=\"3542437151\" data-ad-format=\"auto\" id=\"top-ad-responsive-blog\"><\/ins>\n\t<script>\n\t(tarteaucitron.job = tarteaucitron.job || []).push('adsense');\n\t(adsbygoogle = window.adsbygoogle || []).push({});\n\t<\/script>\n<\/div>\n\n\n\n<p>Il ne s&#8217;agit pas d&#8217;une d\u00e9p\u00e9nalisation mais d&#8217;une indulgence administrative.<\/p>\n\n\n\n<p>Cette tol\u00e9rance suppl\u00e9mentaire s&#8217;ajoutera \u00e0 la marge d&#8217;erreur technique d\u00e9j\u00e0 en place pour les radars fixes et mobiles. Aucune pr\u00e9cision pour le moment pour la question des d\u00e9passements de vitesse en ville, qui n&#8217;ont pas la m\u00eame dangerosit\u00e9.<\/p>\n\n\n\n<h2 class=\"wp-block-heading\">Des r\u00e9actions divis\u00e9es<\/h2>\n\n\n\n<p>Pierre Chasseray, d\u00e9l\u00e9gu\u00e9 g\u00e9n\u00e9ral de 40 millions d&#8217;automobilistes, s&#8217;est f\u00e9licit\u00e9 de cette mesure et pense qu&#8217;elle n&#8217;aura aucun impact sur le nombre d&#8217;accidents de la route. En revanche, certaines associations de pr\u00e9vention routi\u00e8re ont critiqu\u00e9 cette proposition, estimant qu&#8217;elle inciterait les automobilistes \u00e0 rouler plus vite. <\/p>\n\n\n\n<blockquote class=\"wp-block-quote is-layout-flow wp-block-quote-is-layout-flow\">\n<p><strong>\u00ab On travaille sur cette mesure avec le minist\u00e8re de l\u2019Int\u00e9rieur depuis des ann\u00e9es, donc je ne peux que m\u2019en f\u00e9liciter \u00bb<\/strong>,<\/p>\n<cite>Pierre Chasseray \u00e0 l&#8217;Agence France Presse (AFP).<\/cite><\/blockquote>\n\n\n\n<p>En 2022, 3 260 d\u00e9c\u00e8s ont \u00e9t\u00e9 enregistr\u00e9s sur les routes de France m\u00e9tropolitaine, un chiffre stable (+0,5%) par rapport \u00e0 2019, derni\u00e8re ann\u00e9e de r\u00e9f\u00e9rence avant la p\u00e9riode de pand\u00e9mie du Covid-19.<\/p>\n\n\n\n<figure class=\"wp-block-image size-large is-resized\"><noscript><img decoding=\"async\" src=\"https:\/\/www.legipermis.com\/blog\/wp-content\/uploads\/2023\/04\/repartition-petit-eces-de-vitesse-en-France-1024x344.png\" alt=\"Nombre de petits exc\u00e8s de vitesse inf\u00e9rieurs \u00e9gaux \u00e0 5 km\/h en France de 2010 \u00e0 2020 (source : Minist\u00e8re de l'int\u00e9rieur)\" class=\"wp-image-11996\" width=\"839\" height=\"282\" srcset=\"https:\/\/www.legipermis.com\/blog\/wp-content\/uploads\/2023\/04\/repartition-petit-eces-de-vitesse-en-France-1024x344.png 1024w, https:\/\/www.legipermis.com\/blog\/wp-content\/uploads\/2023\/04\/repartition-petit-eces-de-vitesse-en-France-300x101.png 300w, https:\/\/www.legipermis.com\/blog\/wp-content\/uploads\/2023\/04\/repartition-petit-eces-de-vitesse-en-France-150x50.png 150w, https:\/\/www.legipermis.com\/blog\/wp-content\/uploads\/2023\/04\/repartition-petit-eces-de-vitesse-en-France-768x258.png 768w, https:\/\/www.legipermis.com\/blog\/wp-content\/uploads\/2023\/04\/repartition-petit-eces-de-vitesse-en-France.png 1514w\" sizes=\"(max-width: 839px) 100vw, 839px\"><\/noscript><img decoding=\"async\" src=\"data:image\/svg+xml,%3Csvg%20xmlns%3D%22http%3A%2F%2Fwww.w3.org%2F2000%2Fsvg%22%20viewBox%3D%220%200%20839%20282%22%3E%3C%2Fsvg%3E\" alt=\"Nombre de petits exc\u00e8s de vitesse inf\u00e9rieurs \u00e9gaux \u00e0 5 km\/h en France de 2010 \u00e0 2020 (source : Minist\u00e8re de l'int\u00e9rieur)\" class=\"wp-image-11996 lazyload\" width=\"839\" height=\"282\" srcset=\"data:image\/svg+xml,%3Csvg%20xmlns%3D%22http%3A%2F%2Fwww.w3.org%2F2000%2Fsvg%22%20viewBox%3D%220%200%20839%20282%22%3E%3C%2Fsvg%3E 839w\" sizes=\"(max-width: 839px) 100vw, 839px\" data-srcset=\"https:\/\/www.legipermis.com\/blog\/wp-content\/uploads\/2023\/04\/repartition-petit-eces-de-vitesse-en-France-1024x344.png 1024w, https:\/\/www.legipermis.com\/blog\/wp-content\/uploads\/2023\/04\/repartition-petit-eces-de-vitesse-en-France-300x101.png 300w, https:\/\/www.legipermis.com\/blog\/wp-content\/uploads\/2023\/04\/repartition-petit-eces-de-vitesse-en-France-150x50.png 150w, https:\/\/www.legipermis.com\/blog\/wp-content\/uploads\/2023\/04\/repartition-petit-eces-de-vitesse-en-France-768x258.png 768w, https:\/\/www.legipermis.com\/blog\/wp-content\/uploads\/2023\/04\/repartition-petit-eces-de-vitesse-en-France.png 1514w\" data-src=\"https:\/\/www.legipermis.com\/blog\/wp-content\/uploads\/2023\/04\/repartition-petit-eces-de-vitesse-en-France-1024x344.png\"><figcaption class=\"wp-element-caption\">Nombre de petits exc\u00e8s de vitesse inf\u00e9rieurs ou \u00e9gaux \u00e0 5 km\/h en France de 2010 \u00e0 2020 (source : Minist\u00e8re de l&#8217;int\u00e9rieur)<\/figcaption><\/figure>\n\n\n\n<p>Rappelons qu&#8217;en 2020, sur les 12,5 millions de contraventions envoy\u00e9es pour des exc\u00e8s de vitesse contr\u00f4l\u00e9s par des radars, 58 % concernaient des exc\u00e8s inf\u00e9rieurs \u00e0 5 km\/h, selon <a href=\"https:\/\/www.senat.fr\/basile\/visio.do?id=qSEQ210422088&amp;idtable=q410279%257Cq409547%257Cq401059%257Cq399101%257Cq398862%257Cq398237%257Cq395120%257Cq394480%257Cq389735%257Cq388784&amp;_s=20074E&amp;rch=qa&amp;de=19780101&amp;au=20220426&amp;dp=1+an&amp;radio=deau&amp;appr=text&amp;aff=ar&amp;tri=dd&amp;off=0&amp;afd=ppr&amp;afd=ppl&amp;afd=pjl&amp;afd=cvn\" target=\"_blank\" rel=\"noopener\" title>une r\u00e9ponse du minist\u00e8re de l\u2019Int\u00e9rieur en avril 2022<\/a> \u00e0 une question \u00e9crite de Fran\u00e7oise Dumont.<\/p>\n","protected":false},"excerpt":{"rendered":"<p>\nCe 19 avril 2023, G\u00e9rald Darmanin, ministre de l&#8217;Int\u00e9rieur, a annonc\u00e9 que les petits exc\u00e8s de vitesse inf\u00e9rieurs \u00e0 5 km\/h ne seraient plus sanctionn\u00e9s par des retraits de points <strong>\u00e0 partir de la date du 1er janvier 2024<\/strong>. Cette mesure, qui avait \u00e9t\u00e9 annonc\u00e9e en 2022, visera \u00e0 instaurer une &#8220;indulgence administrative&#8221;.<\/p>\n<p>Plus de perte de point mais l&#8217;amende reste<\/p>\n<p>Dans une lettre adress\u00e9e \u00e0 la s\u00e9natrice LR Fran\u00e7oise Dumont, G\u00e9rald Darmanin explique que cette mesure vise \u00e0 adapter le r\u00e9gime r\u00e9pressif administratif applicable aux petits exc\u00e8s de vitesse afin de le consid\u00e9rer plus comme un manque d&#8217;attention que d&#8217;une volont\u00e9\u00a0[&#8230;]<\/p>\n","protected":false},"author":3,"featured_media":11997,"comment_status":"open","ping_status":"closed","sticky":false,"template":"","format":"standard","meta":{"footnotes":""},"categories":[4],"tags":[669,148,55,216,239],"class_list":["post-11995","post","type-post","status-publish","format-standard","has-post-thumbnail","hentry","category-legislation","tag-darmanin","tag-exces-de-vitesse","tag-limitation-de-vitesse","tag-perte-de-points","tag-radar-automatique","post-1","odd"],"aioseo_notices":[],"_links":{"self":[{"href":"https:\/\/www.legipermis.com\/blog\/wp-json\/wp\/v2\/posts\/11995","targetHints":{"allow":["GET"]}}],"collection":[{"href":"https:\/\/www.legipermis.com\/blog\/wp-json\/wp\/v2\/posts"}],"about":[{"href":"https:\/\/www.legipermis.com\/blog\/wp-json\/wp\/v2\/types\/post"}],"author":[{"embeddable":true,"href":"https:\/\/www.legipermis.com\/blog\/wp-json\/wp\/v2\/users\/3"}],"replies":[{"embeddable":true,"href":"https:\/\/www.legipermis.com\/blog\/wp-json\/wp\/v2\/comments?post=11995"}],"version-history":[{"count":0,"href":"https:\/\/www.legipermis.com\/blog\/wp-json\/wp\/v2\/posts\/11995\/revisions"}],"wp:featuredmedia":[{"embeddable":true,"href":"https:\/\/www.legipermis.com\/blog\/wp-json\/wp\/v2\/media\/11997"}],"wp:attachment":[{"href":"https:\/\/www.legipermis.com\/blog\/wp-json\/wp\/v2\/media?parent=11995"}],"wp:term":[{"taxonomy":"category","embeddable":true,"href":"https:\/\/www.legipermis.com\/blog\/wp-json\/wp\/v2\/categories?post=11995"},{"taxonomy":"post_tag","embeddable":true,"href":"https:\/\/www.legipermis.com\/blog\/wp-json\/wp\/v2\/tags?post=11995"}],"curies":[{"name":"wp","href":"https:\/\/api.w.org\/{rel}","templated":true}]}}