{"id":11710,"date":"2022-10-31T18:05:30","date_gmt":"2022-10-31T17:05:30","guid":{"rendered":"https:\/\/www.legipermis.com\/blog\/?p=11710"},"modified":"2022-11-03T10:33:17","modified_gmt":"2022-11-03T09:33:17","slug":"controle-technique-moto-encore-retabli-par-le-conseil-detat","status":"publish","type":"post","link":"https:\/\/www.legipermis.com\/blog\/2022\/10\/31\/controle-technique-moto-encore-retabli-par-le-conseil-detat\/","title":{"rendered":"Le contr\u00f4le technique moto encore r\u00e9tabli par le conseil d&#8217;Etat"},"content":{"rendered":"<div style=\"text-align:right;\"><em style=\"font-size:12.9px;font-weight:bold;\" class=\"last-modified\">Mis \u00e0 jour le 03\/11\/2022.<\/em><\/div>\n<p>C&#8217;est un nouveau rebondissement, ce lundi 31 octobre 2022, dans la mise en place du contr\u00f4le technique moto. En effet, le conseil d&#8217;Etat a de nouveau jug\u00e9 que le <strong>contr\u00f4le technique des deux-roues devrait bien \u00eatre mis en place<\/strong> en d\u00e9pit des mesures compensatrices pr\u00e9vues par le gouvernement fran\u00e7ais.<\/p>\n\n\n\n<h2 class=\"wp-block-heading\">Deux motifs d&#8217;ill\u00e9galit\u00e9 d&#8217;apr\u00e8s le conseil d&#8217;Etat<\/h2>\n\n\n\n<p>La <a href=\"https:\/\/www.legifrance.gouv.fr\/jorf\/id\/JORFTEXT000030467032\" target=\"_blank\" rel=\"noopener\" title=\"\">directive europ\u00e9enne 2014\/45\/UE du 3 avril 2014<\/a> rend obligatoire pour les \u00c9tats membres de mettre  un contr\u00f4le technique p\u00e9riodique des v\u00e9hicules \u00e0 moteur de deux, trois ou quatre roues de cylindr\u00e9e sup\u00e9rieure \u00e0 125 cm3 \u00e0 partir du 1er janvier 2022. Les gouvernements peuvent d\u00e9roger \u00e0 l&#8217;obligation du CT moto s\u2019ils ont mis en place des mesures alternatives de s\u00e9curit\u00e9 routi\u00e8re efficaces. Deux motifs d&#8217;ill\u00e9galit\u00e9s ont \u00e9t\u00e9 retenus par la juridiction administrative du Conseil d&#8217;Etat dont la d\u00e9cision est rendue publique aujourd&#8217;hui <a href=\"https:\/\/www.conseil-etat.fr\/actualites\/le-controle-technique-des-deux-roues-doit-etre-mis-en-aeuvre\" target=\"_blank\" rel=\"noopener\" title=\"\">dans un communiqu\u00e9<\/a> :<\/p>\n\n\n\n<ul class=\"wp-block-list\"><li>La suppression du contr\u00f4le technique moto par le gouvernement fran\u00e7ais &#8220;<strong>aurait d\u00fb \u00eatre soumise \u00e0 consultation du public<\/strong>, compte tenu de son incidence directe et significative sur l\u2019environnement&#8221; conform\u00e9ment aux dispositions de la loi prises en application de la Charte de l\u2019environnement int\u00e9gr\u00e9e \u00e0 la Constitution ;<\/li><li>Une ill\u00e9galit\u00e9 sur le fond avec <strong>des mesures alternatives insuffisamment efficaces<\/strong>, &#8220;au regard des exigences de la directive, pour am\u00e9liorer la s\u00e9curit\u00e9 routi\u00e8re des motards [&#8230;] &#8220;parce qu&#8217;elles sont seulement \u00e0 l&#8217;\u00e9tat de projets ou parce qu&#8217;elles ne permettent pas d&#8217;am\u00e9liorer de fa\u00e7on suffisamment efficace et significative la s\u00e9curit\u00e9 des motards sur la route&#8221; ;<\/li><\/ul>\n\n\n\n<p><\/p>\n\n\n\n<p>Cette nouvelle d\u00e9cision du Conseil d&#8217;\u00c9tat est donc un nouveau rebondissement. Elle annule le d\u00e9cret du 25 juillet 2022 qui <a href=\"\/blog\/2022\/10\/03\/controle-technique-moto-abroge\/\" target=\"_blank\" rel=\"noopener\" title=\"\">abrogeait le contr\u00f4le technique des 2-roues<\/a>. Le <a href=\"https:\/\/www.legifrance.gouv.fr\/jorf\/id\/JORFTEXT000043927084\" target=\"_blank\" rel=\"noopener\" title=\"\">d\u00e9cret du 9 ao\u00fbt 2021<\/a> est donc de nouveau r\u00e9tabli, il pr\u00e9voyait la date de mise en place du contr\u00f4le technique au 1er janvier 2023.<\/p>\n\n\n\n<h2 class=\"wp-block-heading\">Quelle date d&#8217;application du CT moto en 2023 ?<\/h2>\n\n\n\n<p>Le gouvernement a &#8220;pris acte&#8221; ce lundi de cette d\u00e9cision de la juridiction administrative. Le minist\u00e8re des Transports a indiqu\u00e9 que <em>&#8220;cette d\u00e9cision ne conduit pas \u00e0 une entr\u00e9e en vigueur imm\u00e9diate du contr\u00f4le technique&#8221;<\/em>, puisqu&#8217;il faudra encore attendre les d\u00e9crets d&#8217;application qui devraient suivre en 2023. Le minist\u00e8re a annonc\u00e9 la mise en place d&#8217;une concertation avec les acteurs concern\u00e9s pour &#8220;d\u00e9terminer les mesures \u00e0 mettre en \u0153uvre&#8221;. On peut notamment penser aux centres de contr\u00f4les techniques qui ne sont clairement pas pr\u00eats, tout comme les <a href=\"https:\/\/www.legipermis.com\/blog\/2022\/05\/20\/prix-controle-technique-moto-obligatoire\/\" title=\"Quel est le prix d\u2019un contr\u00f4le technique moto en 2022-2023 ?\">conditions de tarifs<\/a> du CT2RM qui restent \u00e0 d\u00e9terminer.<\/p>\n\n\n\n<h2 class=\"wp-block-heading\">La r\u00e9action des associations<\/h2>\n\n\n\n<p>\u00abLe conseil d&#8217;\u00c9tat siffle la fin de la r\u00e9cr\u00e9 [&#8230;] c&#8217;est une victoire pour l&#8217;\u00e9cologie et la sant\u00e9 publique\u00bb, a d\u00e9clar\u00e9 Tony Renucci, directeur g\u00e9n\u00e9ral de l&#8217;association Respire. L&#8217;association rajoute que &#8220;S\u2019il faut des mois pour sortir le d\u00e9cret d\u2019application, nous attaquerons \u00e0 nouveau le gouvernement en justice&#8221; <a href=\"https:\/\/twitter.com\/respireasso\/status\/1587115003232010246?s=20&amp;t=K7g60Z08eErh_YDiKwfeAg\" target=\"_blank\" rel=\"noopener\" title=\"\">dans un tweet<\/a>. <\/p>\n\n\n\n<p>La r\u00e9action de la FFMC (F\u00e9d\u00e9ration fran\u00e7aise des motards en col\u00e8re) est bien diff\u00e9rente. Cette derni\u00e8re regrette une d\u00e9cision &#8220;qui vient court-circuiter le travail, men\u00e9 avec le gouvernement et la F\u00e9d\u00e9ration fran\u00e7aise de motocyclisme (FFM), pour \u00e9laborer des mesures alternatives au contr\u00f4le technique&#8221;.<\/p>\n","protected":false},"excerpt":{"rendered":"<p>\nC&#8217;est un nouveau rebondissement, ce lundi 31 octobre 2022, dans la mise en place du contr\u00f4le technique moto. En effet, le conseil d&#8217;Etat a de nouveau jug\u00e9 que le <strong>contr\u00f4le technique des deux-roues devrait bien \u00eatre mis en place<\/strong> en d\u00e9pit des mesures compensatrices pr\u00e9vues par le gouvernement fran\u00e7ais.<\/p>\n<p>Deux motifs d&#8217;ill\u00e9galit\u00e9 d&#8217;apr\u00e8s le conseil d&#8217;Etat<\/p>\n<p>La directive europ\u00e9enne 2014\/45\/UE du 3 avril 2014 rend obligatoire pour les \u00c9tats membres de mettre  un contr\u00f4le technique p\u00e9riodique des v\u00e9hicules \u00e0 moteur de deux, trois ou quatre roues de cylindr\u00e9e sup\u00e9rieure \u00e0 125 cm3 \u00e0 partir du 1er janvier 2022. Les gouvernements peuvent\u00a0[&#8230;]<\/p>\n","protected":false},"author":3,"featured_media":11712,"comment_status":"open","ping_status":"closed","sticky":false,"template":"","format":"standard","meta":{"footnotes":""},"categories":[138],"tags":[298,295,69],"class_list":["post-11710","post","type-post","status-publish","format-standard","has-post-thumbnail","hentry","category-moto-2roues","tag-controle-technique","tag-gouvernement","tag-moto","post-1","odd"],"aioseo_notices":[],"_links":{"self":[{"href":"https:\/\/www.legipermis.com\/blog\/wp-json\/wp\/v2\/posts\/11710","targetHints":{"allow":["GET"]}}],"collection":[{"href":"https:\/\/www.legipermis.com\/blog\/wp-json\/wp\/v2\/posts"}],"about":[{"href":"https:\/\/www.legipermis.com\/blog\/wp-json\/wp\/v2\/types\/post"}],"author":[{"embeddable":true,"href":"https:\/\/www.legipermis.com\/blog\/wp-json\/wp\/v2\/users\/3"}],"replies":[{"embeddable":true,"href":"https:\/\/www.legipermis.com\/blog\/wp-json\/wp\/v2\/comments?post=11710"}],"version-history":[{"count":0,"href":"https:\/\/www.legipermis.com\/blog\/wp-json\/wp\/v2\/posts\/11710\/revisions"}],"wp:featuredmedia":[{"embeddable":true,"href":"https:\/\/www.legipermis.com\/blog\/wp-json\/wp\/v2\/media\/11712"}],"wp:attachment":[{"href":"https:\/\/www.legipermis.com\/blog\/wp-json\/wp\/v2\/media?parent=11710"}],"wp:term":[{"taxonomy":"category","embeddable":true,"href":"https:\/\/www.legipermis.com\/blog\/wp-json\/wp\/v2\/categories?post=11710"},{"taxonomy":"post_tag","embeddable":true,"href":"https:\/\/www.legipermis.com\/blog\/wp-json\/wp\/v2\/tags?post=11710"}],"curies":[{"name":"wp","href":"https:\/\/api.w.org\/{rel}","templated":true}]}}