{"id":11565,"date":"2022-10-03T16:15:00","date_gmt":"2022-10-03T14:15:00","guid":{"rendered":"https:\/\/www.legipermis.com\/blog\/?p=11565"},"modified":"2023-07-28T12:17:53","modified_gmt":"2023-07-28T10:17:53","slug":"controle-technique-moto-abroge","status":"publish","type":"post","link":"https:\/\/www.legipermis.com\/blog\/2022\/10\/03\/controle-technique-moto-abroge\/","title":{"rendered":"Le Contr\u00f4le Technique moto d&#8217;octobre 2022 annul\u00e9"},"content":{"rendered":"<div style=\"text-align:right;\"><em style=\"font-size:12.9px;font-weight:bold;\" class=\"last-modified\">Mis \u00e0 jour le 28\/07\/2023.<\/em><\/div>\n<p>Nouveau rebondissement dans la mise en place du <strong>contr\u00f4le technique pour les deux-roues motoris\u00e9s<\/strong>. Le gouvernement vient d&#8217;<strong>abroger<\/strong> ce mardi 26 juillet 2022 le d\u00e9cret pr\u00e9voyant la mise en place du <a href=\"https:\/\/www.legipermis.com\/blog\/2022\/05\/20\/prix-controle-technique-moto-obligatoire\/\" title=\"Quel est le prix d\u2019un contr\u00f4le technique moto en 2022-2023 ?\">contr\u00f4le technique moto au 1er octobre 2022<\/a>, sans suivre donc l&#8217;avis du Conseil d&#8217;Etat sur l&#8217;application de la r\u00e9glementation europ\u00e9enne. <strong>MAJ du 31\/10\/2022<\/strong> : le <a href=\"\/blog\/2022\/10\/31\/controle-technique-moto-encore-retabli-par-le-conseil-detat\/\" target=\"_blank\" rel=\"noopener\" title=\"\">contr\u00f4le technique moto est de nouveau r\u00e9tabli<\/a> dans une d\u00e9cision du conseil d&#8217;Etat du 31 octobre 2022.<\/p>\n\n\n\n<h2 class=\"wp-block-heading\">Une d\u00e9cision qui r\u00e9jouit les associations de motards<\/h2>\n\n\n\n<p>Le pr\u00e9sident de la R\u00e9publique Emmanuel Macron avait d\u00e9j\u00e0 estim\u00e9 qu&#8217;il ne fallait pas &#8220;emb\u00eater les fran\u00e7ais avec cela&#8221; en 2021. Le gouvernement a donc publi\u00e9 <a href=\"https:\/\/www.legifrance.gouv.fr\/jorf\/id\/JORFTEXT000046090252\" target=\"_blank\" rel=\"noopener\">un d\u00e9cret<\/a> pour annuler l&#8217;<strong>obligation du CT moto<\/strong> en 2022 ou en 2023. L&#8217;objectif du gouvernement et du ministre des transports Cl\u00e9ment Beaune est de compenser cette annulation par des mesures de s\u00e9curit\u00e9 routi\u00e8re et d&#8217;environnement.<\/p>\n\n\n\n<p>L&#8217;association F\u00e9d\u00e9ration fran\u00e7aise des motards en col\u00e8re (FFMC) qui a \u00e9t\u00e9 re\u00e7ue par le ministre se dit satisfaite de ce recul dans un communiqu\u00e9 de presse sur son site internet :<\/p>\n\n\n\n<blockquote class=\"wp-block-quote is-layout-flow wp-block-quote-is-layout-flow\">\n<p>Nous saluons la parution du d\u00e9cret abrogeant le contr\u00f4le technique tenant ainsi les engagements pris par le Pr\u00e9sident de la R\u00e9publique. Dans la continuit\u00e9 de son pr\u00e9d\u00e9cesseur, le Ministre s\u2019est montr\u00e9 particuli\u00e8rement attentif \u00e0 nos recommandations.<\/p>\n<cite>FFMC &#8211; Communiqu\u00e9 de Presse sur l&#8217;abrogation du Contr\u00f4le technique<\/cite><\/blockquote>\n\n\n\n<h2 class=\"wp-block-heading\">Des mesures alternatives afin de se conformer \u00e0 la r\u00e9glementation europ\u00e9enne<\/h2>\n\n\n\n<p>Afin de se conformer aux r\u00e8gles europ\u00e9ennes d&#8217;environnement de s\u00e9curit\u00e9 routi\u00e8re, certaines mesures alternatives de compensation ont \u00e9t\u00e9 mises en place. Le minist\u00e8re des Transports les a d\u00e9taill\u00e9es au journal Ouest-France :<\/p>\n\n\n\n<ul class=\"wp-block-list\">\n<li>La r\u00e9forme du permis moto (Permis A) ;<\/li>\n\n\n\n<li>Le port d\u2019\u00e9quipements et la mise en \u0153uvre de dispositifs de s\u00e9curit\u00e9 ;<\/li>\n\n\n\n<li>Le renforcement des plans d\u00e9partementaux d\u2019actions de s\u00e9curit\u00e9 routi\u00e8re ;<\/li>\n\n\n\n<li>L\u2019am\u00e9lioration des infrastructures routi\u00e8res;<\/li>\n<\/ul>\n\n\n\n<p><\/p>\n\n\n\n<h2 class=\"wp-block-heading\">Les associations de d\u00e9fense de l&#8217;environnement contestent<\/h2>\n\n\n\n<p>Imm\u00e9diatement, les ONG de d\u00e9fense de l&#8217;environnement ont vertement critiqu\u00e9 cette d\u00e9cision du gouvernement et annonc\u00e9 <strong>contester le nouveau d\u00e9cret de nouveau devant le Conseil d&#8217;Etat<\/strong>. Rappelons que le juge des R\u00e9f\u00e9r\u00e9s du Conseil d&#8217;Etat avait d\u00e9j\u00e0 retoqu\u00e9 le gouvernement en avan\u00e7ant cette mesure du 1er janvier 2023 au 1er octobre 2022.<\/p>\n\n\n\n<p>Tony Renucci de l&#8217;association Respire d\u00e9nonce une d\u00e9cision gouvernementale <a href=\"https:\/\/www.respire-asso.org\/abrogation-du-decret-sur-le-controle-technique-des-deux-roues-motorises-une-decision-illegale-meprisante-et-anti-ecologique\/\" target=\"_blank\" rel=\"noopener\">&#8220;ill\u00e9gale, m\u00e9prisante et anti-\u00e9cologique&#8221;<\/a> : <\/p>\n\n\n\n<blockquote class=\"wp-block-quote is-layout-flow wp-block-quote-is-layout-flow\">\n<p>Le contr\u00f4le technique est une mesure qui serait n\u00e9cessaire pour enlever de la circulation les deux-roues qui ne sont pas aux normes et qui sont sources de pollution sonore, de pollution atmosph\u00e9rique et d&#8217;accidentalit\u00e9.<\/p>\n<cite>Tony Renucci &#8211; Association Respire<\/cite><\/blockquote>\n\n\n\n<blockquote class=\"wp-block-quote is-layout-flow wp-block-quote-is-layout-flow\">\n<p>La d\u00e9cision du gouvernement qui consiste \u00e0 faire obstacle directement \u00e0 une d\u00e9cision de justice rendue par le Conseil d\u2019Etat est d\u2019une extr\u00eame gravit\u00e9. Le gouvernement tourne \u00e0 la fois le dos \u00e0 ses engagements europ\u00e9ens et \u00e0 la plus haute juridiction fran\u00e7aise. C\u2019est un aveu de f\u00e9brilit\u00e9 et de faiblesse qui est tr\u00e8s co\u00fbteux en vies humaines. La France a une accidentalit\u00e9 des deux roues deux fois sup\u00e9rieure \u00e0 la moyenne europ\u00e9enne, car depuis des d\u00e9cennies elle ne fait rien. Cette ann\u00e9e, des centaines de p\u00e8res et de m\u00e8res, de grands-parents et de fr\u00e8res et s\u0153urs vont perdre un \u00eatre cher. Cette d\u00e9cision est irresponsable, tr\u00e8s co\u00fbteuse en hospitalisations et pensions d\u2019invalidit\u00e9, et totalement contraire \u00e0 l\u2019int\u00e9r\u00eat g\u00e9n\u00e9ral.<\/p>\n<cite>Camille Mialot, avocat des associations.<\/cite><\/blockquote>\n\n\n\n<p>Ainsi, cette l\u00e9gislation europ\u00e9enne qui impose de contr\u00f4ler les motos en vue de retirer de la circulation les plus polluantes et les plus dangereuses <strong>pourraient de nouveau \u00eatre remise en place<\/strong> si le Conseil d&#8217;Etat estimait notamment que les mesures compensatrices n&#8217;\u00e9taient pas suffisantes. Dans le cas d&#8217;un r\u00e9tablissement de la mesure, restera la question de la volont\u00e9 de l&#8217;ex\u00e9cutif \u00e0 l&#8217;appliquer et de la faisabilit\u00e9 de cette mesure dans un d\u00e9lai aussi court, les professionnels n&#8217;\u00e9tant clairement pas tous pr\u00eats.<\/p>\n","protected":false},"excerpt":{"rendered":"<p>\nNouveau rebondissement dans la mise en place du <strong>contr\u00f4le technique pour les deux-roues motoris\u00e9s<\/strong>. Le gouvernement vient d&#8217;<strong>abroger<\/strong> ce mardi 26 juillet 2022 le d\u00e9cret pr\u00e9voyant la mise en place du contr\u00f4le technique moto au 1er octobre 2022, sans suivre donc l&#8217;avis du Conseil d&#8217;Etat sur l&#8217;application de la r\u00e9glementation europ\u00e9enne. <strong>MAJ du 31\/10\/2022<\/strong> : le contr\u00f4le technique moto est de nouveau r\u00e9tabli dans une d\u00e9cision du conseil d&#8217;Etat du 31 octobre 2022.<\/p>\n<p>Une d\u00e9cision qui r\u00e9jouit les associations de motards<\/p>\n<p>Le pr\u00e9sident de la R\u00e9publique Emmanuel Macron avait d\u00e9j\u00e0 estim\u00e9 qu&#8217;il ne fallait pas &#8220;emb\u00eater les fran\u00e7ais avec cela&#8221; en 2021.\u00a0[&#8230;]<\/p>\n","protected":false},"author":3,"featured_media":11568,"comment_status":"open","ping_status":"closed","sticky":false,"template":"","format":"standard","meta":{"footnotes":""},"categories":[7,138],"tags":[132,298,69],"class_list":["post-11565","post","type-post","status-publish","format-standard","has-post-thumbnail","hentry","category-environnement","category-moto-2roues","tag-2-roues-motorises","tag-controle-technique","tag-moto","post-1","odd"],"aioseo_notices":[],"_links":{"self":[{"href":"https:\/\/www.legipermis.com\/blog\/wp-json\/wp\/v2\/posts\/11565","targetHints":{"allow":["GET"]}}],"collection":[{"href":"https:\/\/www.legipermis.com\/blog\/wp-json\/wp\/v2\/posts"}],"about":[{"href":"https:\/\/www.legipermis.com\/blog\/wp-json\/wp\/v2\/types\/post"}],"author":[{"embeddable":true,"href":"https:\/\/www.legipermis.com\/blog\/wp-json\/wp\/v2\/users\/3"}],"replies":[{"embeddable":true,"href":"https:\/\/www.legipermis.com\/blog\/wp-json\/wp\/v2\/comments?post=11565"}],"version-history":[{"count":0,"href":"https:\/\/www.legipermis.com\/blog\/wp-json\/wp\/v2\/posts\/11565\/revisions"}],"wp:featuredmedia":[{"embeddable":true,"href":"https:\/\/www.legipermis.com\/blog\/wp-json\/wp\/v2\/media\/11568"}],"wp:attachment":[{"href":"https:\/\/www.legipermis.com\/blog\/wp-json\/wp\/v2\/media?parent=11565"}],"wp:term":[{"taxonomy":"category","embeddable":true,"href":"https:\/\/www.legipermis.com\/blog\/wp-json\/wp\/v2\/categories?post=11565"},{"taxonomy":"post_tag","embeddable":true,"href":"https:\/\/www.legipermis.com\/blog\/wp-json\/wp\/v2\/tags?post=11565"}],"curies":[{"name":"wp","href":"https:\/\/api.w.org\/{rel}","templated":true}]}}