{"id":11530,"date":"2022-05-04T11:02:07","date_gmt":"2022-05-04T09:02:07","guid":{"rendered":"https:\/\/www.legipermis.com\/blog\/?p=11530"},"modified":"2022-05-04T11:02:57","modified_gmt":"2022-05-04T09:02:57","slug":"bonus-ecolo-et-prime-2022-delai-revente","status":"publish","type":"post","link":"https:\/\/www.legipermis.com\/blog\/2022\/05\/04\/bonus-ecolo-et-prime-2022-delai-revente\/","title":{"rendered":"Bonus \u00e9colo et prime 2022 : le d\u00e9lai de revente rallong\u00e9"},"content":{"rendered":"<p>Le gouvernement fran\u00e7ais a derni\u00e8rement fait \u00e9voluer le bonus \u00e9cologique et la <a href=\"\/estimation-cote-voiture\/prime-a-la-casse.html\">prime \u00e0 la casse<\/a> afin de contrecarrer les plus-value \u00e0 la revente que certains arrivaient \u00e0 toucher notamment en cas de revente apr\u00e8s 6 mois. Ainsi maintenant il faudra garder son v\u00e9hicule <strong>au moins 12 mois<\/strong> pour pouvoir le revendre apr\u00e8s avoir b\u00e9n\u00e9fici\u00e9 d&#8217;une aide \u00e0 l&#8217;achat.<\/p>\n\n\n\n<h2 class=\"wp-block-heading\">Vendre sa voiture apr\u00e8s avoir eu un bonus \u00e9cologique<\/h2>\n\n\n\n<p>Eviter les abus \u00e0 la revente d&#8217;un v\u00e9hicule \u00e9lectrique notamment dans les pays \u00e9trangers, telle est la ligne directrice de cette modification du bonus dans le <a href=\"https:\/\/www.legifrance.gouv.fr\/download\/pdf?id=cOdN1i2AI7uKqTG6sMXeUjL4_SR2qRLCYpr0VmVNiNA=\" target=\"_blank\" rel=\"noreferrer noopener\">d\u00e9cret n\u00b02022-669 du 26 avril 2022<\/a> portant sur le Code de l&#8217;Energie. <\/p>\n\n\n\n<p><strong>\u00c0 partir du 27 avril 2022<\/strong>, les conditions du bonus \u00e9voluent et il faut <strong>garder son v\u00e9hicule au moins 1 an avant de pouvoir le revendre<\/strong>, contre 6 mois auparavant. Cet allongement concerne les trois aides \u00e0 l&#8217;acquisition d&#8217;un v\u00e9hicule : le <a href=\"https:\/\/www.legipermis.com\/estimation-cote-voiture\/bonus-ecologique.html\">bonus \u00e9cologique<\/a>, la <a href=\"https:\/\/www.legipermis.com\/estimation-cote-voiture\/prime-a-la-conversion.html\">prime \u00e0 la conversion<\/a> ainsi que la <a href=\"\/estimation-cote-voiture\/retrofit-electrique.html\">prime r\u00e9trofit<\/a>.<\/p>\n\n\n\n<p>Le montant du bonus n&#8217;est pas modifi\u00e9, il reste \u00e0 6 000\u20ac pour tout achat de v\u00e9hicule inf\u00e9rieur \u00e0 45 000\u20ac TTC et de 2 000\u20ac jusqu&#8217;\u00e0 un prix d&#8217;achat de 60 000\u20ac TTC. Notons qu&#8217;il faudra toujours aussi avoir parcouru 6 000 km, afin de pouvoir le revendre m\u00eame si les 12 mois sont d\u00e9pass\u00e9s.<\/p>\n\n\n\n<p>Le nombre de km reste \u00e0 2&nbsp;000&nbsp;km pour un deux-roues, trois-roues ou quadricycle \u00e0 moteur et 40&nbsp;000&nbsp;km pour un v\u00e9hicule de cat\u00e9gorie N2, M2, N3 et M3.<\/p>\n\n\n\n<figure class=\"wp-block-image size-large\"><a href=\"https:\/\/www.legipermis.com\/estimation-cote-voiture\/prime-a-la-conversion.html\"><noscript><img decoding=\"async\" src=\"https:\/\/www.legipermis.com\/images\/estimation-voiture\/conditions-montant-prime-a-la-conversion-2022.png\" alt><\/noscript><img decoding=\"async\" src=\"data:image\/gif;base64,R0lGODlhAQABAIAAAAAAAP\/\/\/yH5BAEAAAAALAAAAAABAAEAAAIBRAA7\" alt data-src=\"https:\/\/www.legipermis.com\/images\/estimation-voiture\/conditions-montant-prime-a-la-conversion-2022.png\" class=\" lazyload\"><\/a><figcaption>Montants de la prime \u00e0 la conversion<\/figcaption><\/figure>\n\n\n\n<p><\/p>\n\n\n\n<h2 class=\"wp-block-heading\">Un bonus \u00e9cologique finalement maintenu \u00e0 6000\u20ac ?<\/h2>\n\n\n\n<p>Normalement le bonus doit diminuer de 1000\u20ac \u00e0 partir du 1er juillet 2022. N\u00e9anmoins, les derni\u00e8res d\u00e9clarations du pr\u00e9sident de la R\u00e9publique Emmanuel Macron ainsi que de son ministre de l&#8217;Economie actuel laisse penser que le bonus restera \u00e0 6 000\u20ac six mois de plus, c&#8217;est-\u00e0-dire au moins jusqu&#8217;en 2023.<\/p>\n","protected":false},"excerpt":{"rendered":"<p>\nLe gouvernement fran\u00e7ais a derni\u00e8rement fait \u00e9voluer le bonus \u00e9cologique et la prime \u00e0 la casse afin de contrecarrer les plus-value \u00e0 la revente que certains arrivaient \u00e0 toucher notamment en cas de revente apr\u00e8s 6 mois. Ainsi maintenant il faudra garder son v\u00e9hicule <strong>au moins 12 mois<\/strong> pour pouvoir le revendre apr\u00e8s avoir b\u00e9n\u00e9fici\u00e9 d&#8217;une aide \u00e0 l&#8217;achat.<\/p>\n<p>Vendre sa voiture apr\u00e8s avoir eu un bonus \u00e9cologique<\/p>\n<p>Eviter les abus \u00e0 la revente d&#8217;un v\u00e9hicule \u00e9lectrique notamment dans les pays \u00e9trangers, telle est la ligne directrice de cette modification du bonus dans le d\u00e9cret n\u00b02022-669 du 26 avril 2022 portant sur\u00a0[&#8230;]<\/p>\n","protected":false},"author":3,"featured_media":11536,"comment_status":"open","ping_status":"closed","sticky":false,"template":"","format":"standard","meta":{"footnotes":""},"categories":[2,7],"tags":[],"class_list":["post-11530","post","type-post","status-publish","format-standard","has-post-thumbnail","hentry","category-auto","category-environnement","post-1","odd"],"aioseo_notices":[],"_links":{"self":[{"href":"https:\/\/www.legipermis.com\/blog\/wp-json\/wp\/v2\/posts\/11530","targetHints":{"allow":["GET"]}}],"collection":[{"href":"https:\/\/www.legipermis.com\/blog\/wp-json\/wp\/v2\/posts"}],"about":[{"href":"https:\/\/www.legipermis.com\/blog\/wp-json\/wp\/v2\/types\/post"}],"author":[{"embeddable":true,"href":"https:\/\/www.legipermis.com\/blog\/wp-json\/wp\/v2\/users\/3"}],"replies":[{"embeddable":true,"href":"https:\/\/www.legipermis.com\/blog\/wp-json\/wp\/v2\/comments?post=11530"}],"version-history":[{"count":0,"href":"https:\/\/www.legipermis.com\/blog\/wp-json\/wp\/v2\/posts\/11530\/revisions"}],"wp:featuredmedia":[{"embeddable":true,"href":"https:\/\/www.legipermis.com\/blog\/wp-json\/wp\/v2\/media\/11536"}],"wp:attachment":[{"href":"https:\/\/www.legipermis.com\/blog\/wp-json\/wp\/v2\/media?parent=11530"}],"wp:term":[{"taxonomy":"category","embeddable":true,"href":"https:\/\/www.legipermis.com\/blog\/wp-json\/wp\/v2\/categories?post=11530"},{"taxonomy":"post_tag","embeddable":true,"href":"https:\/\/www.legipermis.com\/blog\/wp-json\/wp\/v2\/tags?post=11530"}],"curies":[{"name":"wp","href":"https:\/\/api.w.org\/{rel}","templated":true}]}}