{"id":11342,"date":"2021-10-27T14:56:19","date_gmt":"2021-10-27T12:56:19","guid":{"rendered":"https:\/\/www.legipermis.com\/blog\/?p=11342"},"modified":"2022-02-15T10:59:56","modified_gmt":"2022-02-15T09:59:56","slug":"montants-prolonges-en-2022-bonus-et-prime-a-la-conversion","status":"publish","type":"post","link":"https:\/\/www.legipermis.com\/blog\/2021\/10\/27\/montants-prolonges-en-2022-bonus-et-prime-a-la-conversion\/","title":{"rendered":"Bonus et prime \u00e0 la conversion en 2022 : les montants prolong\u00e9s"},"content":{"rendered":"<div style=\"text-align:right;\"><em style=\"font-size:12.9px;font-weight:bold;\" class=\"last-modified\">Mis \u00e0 jour le 15\/02\/2022.<\/em><\/div>\n<p>Les conditions de la <a href=\"https:\/\/www.legipermis.com\/estimation-cote-voiture\/prime-a-la-conversion.html\">prime \u00e0 la conversion<\/a> et du <a href=\"\/estimation-cote-voiture\/bonus-ecologique.html\">bonus \u00e9cologique<\/a> seront maintenus aux m\u00eames montants<strong> jusqu&#8217;au 1er juillet 2022<\/strong> et restent <strong>cumulables<\/strong> pour une aide \u00e0 l&#8217;achat de 11 000\u20ac maximum. Le gouvernement a en effet annonc\u00e9 vouloir accompagner financi\u00e8rement les m\u00e9nages fran\u00e7ais dans la transition \u00e9cologique et dans un contexte g\u00e9n\u00e9ral d&#8217;augmentation des prix notamment de l&#8217;\u00e9nergie.<\/p>\n\n\n\n<!--more-->\n\n\n\n<h2 class=\"wp-block-heading\" id=\"prime-a-la-conversion-en-2022\">Prime \u00e0 la conversion en 2022<\/h2>\n\n\n\n<p>Pour rappel, la prime \u00e0 la conversion ou sous son autre nom <a href=\"\/estimation-cote-voiture\/prime-a-la-casse.html\">prime \u00e0 la casse<\/a>, est une prime vers\u00e9e par l&#8217;Etat permettant d&#8217;acheter un v\u00e9hicule moins polluant contre la mise \u00e0 la casse dans un centre VHU d&#8217;un vieux v\u00e9hicule.<\/p>\n\n\n\n<p>Aucun durcissement n&#8217;est intervenu au 1er janvier 2022 en ce qui concerne les montants, la prime \u00e0 la conversion de 5000 euros maximum est maintenue jusqu&#8217;au 30 juin 2022 inclus. Attention n\u00e9anmoins le <a href=\"https:\/\/www.legifrance.gouv.fr\/jorf\/id\/JORFTEXT000044613558\" target=\"_blank\" rel=\"noreferrer noopener\">d\u00e9cret n\u00b0 2021-1866<\/a>&nbsp;du 29 d\u00e9cembre 2021 paru au journal officiel le 30 d\u00e9cembre 2021 modifie les taux d&#8217;\u00e9mission de CO2 maximum que peuvent \u00e9mettre les v\u00e9hicules \u00e0 l&#8217;achat \u00e9ligibles \u00e0 la prime. <strong>Donc il y a en pratique un petit ajustement<\/strong>.<\/p>\n\n\n\n<h3 class=\"wp-block-heading\" id=\"conditions-d-emission-de-co2-a-partir-du-1er-janvier-2022\">Conditions d&#8217;\u00e9mission de CO2 \u00e0 partir du 1er janvier 2022<\/h3>\n\n\n\n<ul class=\"wp-block-list\"><li>Pour un v\u00e9hicule neuf ou immatricul\u00e9 depuis moins de 6 mois : le taux d&#8217;\u00e9mission de CO2 maximum est de&nbsp;<strong>127 g\/km<\/strong>&nbsp;de CO2 en norme WLTP;<\/li><li>Pour une voiture d&#8217;occasion : le taux d&#8217;\u00e9mission de CO2 maximum reste \u00e0&nbsp;<strong>137 g\/km<\/strong>&nbsp;de CO2 en norme WLTP mais est de&nbsp;<strong>109 g\/km<\/strong>&nbsp;en norme NEDC les voitures immatricul\u00e9es avant mars 2020;<\/li><\/ul>\n\n\n\n<blockquote class=\"wp-block-quote is-layout-flow wp-block-quote-is-layout-flow\"><p>3\u00b0 Pour les v\u00e9hicules mentionn\u00e9s au premier alin\u00e9a de l&#8217;article D. 251-3 et correspondant au a du 1\u00b0 de l&#8217;article D. 251-1, dont le co\u00fbt d&#8217;acquisition est inf\u00e9rieur ou \u00e9gal \u00e0 50 000 euros toutes taxes comprises, dont les \u00e9missions de dioxyde de carbone sont inf\u00e9rieures ou \u00e9gales \u00e0 <strong>127 grammes par kilom\u00e8tre<\/strong> si le v\u00e9hicule n&#8217;a pas fait l&#8217;objet pr\u00e9c\u00e9demment d&#8217;une premi\u00e8re immatriculation en France ou \u00e0 l&#8217;\u00e9tranger ou s&#8217;il a fait l&#8217;objet d&#8217;une premi\u00e8re immatriculation depuis moins de six mois \u00e0 la date de facturation du v\u00e9hicule ou de versement du premier loyer, ou dont les \u00e9missions de dioxyde de carbone sont inf\u00e9rieures ou \u00e9gales \u00e0 <strong>137 grammes par kilom\u00e8tre<\/strong>, et class\u00e9s \u201c 1 \u201d, en application de l&#8217;arr\u00eat\u00e9 mentionn\u00e9 \u00e0 l&#8217;article R. 318-2 du code de la route ;<\/p><cite>3\u00b0 de l&#8217;<a href=\"https:\/\/www.legifrance.gouv.fr\/codes\/article_lc\/LEGIARTI000038775604\/2022-01-01\/\" target=\"_blank\" rel=\"noreferrer noopener\">Article D251-8 du Code de l&#8217;\u00e9nergie<\/a>  en vigueur au 1er janvier 2022 <\/cite><\/blockquote>\n\n\n\n<blockquote class=\"wp-block-quote is-layout-flow wp-block-quote-is-layout-flow\"><p>5\u00b0 Les \u00e9missions de dioxyde de carbone mentionn\u00e9es par le pr\u00e9sent article sont celles qui sont r\u00e9put\u00e9es r\u00e9pondre aux conditions de l&#8217;article 1007 bis du code g\u00e9n\u00e9ral des imp\u00f4ts conform\u00e9ment au second alin\u00e9a de son III, apr\u00e8s application, le cas \u00e9ch\u00e9ant, de l&#8217;abattement pr\u00e9vu au dernier alin\u00e9a du III de l&#8217;article 1011 bis du m\u00eame code. Pour l&#8217;application du 3\u00b0, le seuil de 137 grammes est remplac\u00e9 par le seuil de <strong>109 grammes<\/strong> et le seuil de 127 grammes est remplac\u00e9 par le seuil de 99 grammes pour les v\u00e9hicules suivants : <br> &#8211;<strong>ceux qui ne rel\u00e8vent pas du nouveau dispositif d&#8217;immatriculation<\/strong>, au sens du 4\u00b0 de l&#8217;article 1007 du code g\u00e9n\u00e9ral des imp\u00f4ts ; <br> -ceux qui sont accessibles en fauteuil roulant.<\/p><cite> 5\u00b0 de l&#8217;<a href=\"https:\/\/www.legifrance.gouv.fr\/codes\/article_lc\/LEGIARTI000038775604\/2022-01-01\/\" target=\"_blank\" rel=\"noreferrer noopener\">Article D251-8 du Code de l&#8217;\u00e9nergie<\/a> en vigueur au 1er janvier 2022<\/cite><\/blockquote>\n\n\n\n<p>Voici le tableau r\u00e9capitulatif des conditions applicables au 1er janvier 2022 : <\/p>\n\n\n\n<figure class=\"wp-block-image size-large\"><noscript><img decoding=\"async\" src=\"https:\/\/www.legipermis.com\/images\/estimation-voiture\/conditions-montant-prime-a-la-conversion-2022.png\" alt=\"Conditions de la prime \u00e0 la conversion jusqu'au 1er juillet 2022.\"><\/noscript><img decoding=\"async\" src=\"data:image\/gif;base64,R0lGODlhAQABAIAAAAAAAP\/\/\/yH5BAEAAAAALAAAAAABAAEAAAIBRAA7\" alt=\"Conditions de la prime \u00e0 la conversion jusqu'au 1er juillet 2022.\" data-src=\"https:\/\/www.legipermis.com\/images\/estimation-voiture\/conditions-montant-prime-a-la-conversion-2022.png\" class=\" lazyload\"><figcaption><em>Conditions de la prime \u00e0 la conversion jusqu&#8217;au 1er juillet 2022.<\/em><\/figcaption><\/figure>\n\n\n\n<h2 class=\"wp-block-heading\" id=\"bonus-ecologique-en-2022\">Bonus \u00e9cologique en 2022<\/h2>\n\n\n\n<p>Le bonus \u00e9cologique est une aide \u00e0 l&#8217;achat ou \u00e0 la location d&#8217;une voiture \u00e9lectrique ou hybride rechargeable, cumulable avec la prime \u00e0 la conversion. <\/p>\n\n\n\n<p>Le montant maximum du bonus \u00e9cologique est de 6 000\u20ac maximum pour une voiture \u00e9lectrique neuve de moins de 45 000\u20ac TTC. Les voitures \u00e9lectriques d&#8217;occasion peuvent b\u00e9n\u00e9ficier d&#8217;un bonus de 1 000\u20ac.<\/p>\n\n\n\n<p>Afin d&#8217;inciter les fran\u00e7ais \u00e0 maintenir le cap de la transition \u00e9cologique, le gouvernement fran\u00e7ais a d\u00e9cid\u00e9 de maintenant aussi les montants du bonus \u00e9cologique actuels <strong>jusqu&#8217;au 01\/07\/2022<\/strong>.<\/p>\n\n\n\n<figure class=\"wp-block-image size-large\"><noscript><img decoding=\"async\" src=\"https:\/\/www.legipermis.com\/images\/estimation-voiture\/bonus-ecologique-montant-conditions.png\" alt=\"Montant du bonus \u00e9cologique jusqu'au au 1er juillet 2022.\"><\/noscript><img decoding=\"async\" src=\"data:image\/gif;base64,R0lGODlhAQABAIAAAAAAAP\/\/\/yH5BAEAAAAALAAAAAABAAEAAAIBRAA7\" alt=\"Montant du bonus \u00e9cologique jusqu'au au 1er juillet 2022.\" data-src=\"https:\/\/www.legipermis.com\/images\/estimation-voiture\/bonus-ecologique-montant-conditions.png\" class=\" lazyload\"><figcaption><em>Montant du bonus \u00e9cologique jusqu&#8217;au au 1er juillet 2022.<\/em><\/figcaption><\/figure>\n\n\n\n<h2 class=\"wp-block-heading\" id=\"retrofit-electrique-en-2022\">R\u00e9trofit \u00e9lectrique en 2022<\/h2>\n\n\n\n<p>L&#8217;aide \u00e0 la conversion <a href=\"\/estimation-cote-voiture\/retrofit-electrique.html\">r\u00e9trofit<\/a> est une aide qui permet de transformer sa voiture essence ou diesel en voiture \u00e9lectrique. Cette derni\u00e8re est d&#8217;un montant maximum de 5 000\u20ac et est maintenue au 1er janvier 2022.<\/p>\n\n\n\n<figure class=\"wp-block-image size-large\"><noscript><img decoding=\"async\" src=\"https:\/\/www.legipermis.com\/images\/estimation-voiture\/retrofit-condition-conversion-vieux-vehicule-en-electrique-en-france.png\" alt=\"Conditions r\u00e9trofit \u00e9lectrique\"><\/noscript><img decoding=\"async\" src=\"data:image\/gif;base64,R0lGODlhAQABAIAAAAAAAP\/\/\/yH5BAEAAAAALAAAAAABAAEAAAIBRAA7\" alt=\"Conditions r\u00e9trofit \u00e9lectrique\" data-src=\"https:\/\/www.legipermis.com\/images\/estimation-voiture\/retrofit-condition-conversion-vieux-vehicule-en-electrique-en-france.png\" class=\" lazyload\"><figcaption><em>Conditions pour obtenir un r\u00e9trofit \u00e9lectrique.<\/em><\/figcaption><\/figure>\n","protected":false},"excerpt":{"rendered":"<p>\nLes conditions de la prime \u00e0 la conversion et du bonus \u00e9cologique seront maintenus aux m\u00eames montants<strong> jusqu&#8217;au 1er juillet 2022<\/strong> et restent <strong>cumulables<\/strong> pour une aide \u00e0 l&#8217;achat de 11 000\u20ac maximum. Le gouvernement a en effet annonc\u00e9 vouloir accompagner financi\u00e8rement les m\u00e9nages fran\u00e7ais dans la transition \u00e9cologique et dans un contexte g\u00e9n\u00e9ral d&#8217;augmentation des prix notamment de l&#8217;\u00e9nergie.<\/p>\n<p>\u00a0[&#8230;]<\/p>\n","protected":false},"author":3,"featured_media":11347,"comment_status":"open","ping_status":"closed","sticky":false,"template":"","format":"standard","meta":{"footnotes":""},"categories":[2,7],"tags":[526,656,494,513,514],"class_list":["post-11342","post","type-post","status-publish","format-standard","has-post-thumbnail","hentry","category-auto","category-environnement","tag-bonus-ecologique","tag-inflation","tag-plan-climat","tag-prime-a-la-casse","tag-prime-a-la-conversion","post-1","odd"],"aioseo_notices":[],"_links":{"self":[{"href":"https:\/\/www.legipermis.com\/blog\/wp-json\/wp\/v2\/posts\/11342","targetHints":{"allow":["GET"]}}],"collection":[{"href":"https:\/\/www.legipermis.com\/blog\/wp-json\/wp\/v2\/posts"}],"about":[{"href":"https:\/\/www.legipermis.com\/blog\/wp-json\/wp\/v2\/types\/post"}],"author":[{"embeddable":true,"href":"https:\/\/www.legipermis.com\/blog\/wp-json\/wp\/v2\/users\/3"}],"replies":[{"embeddable":true,"href":"https:\/\/www.legipermis.com\/blog\/wp-json\/wp\/v2\/comments?post=11342"}],"version-history":[{"count":0,"href":"https:\/\/www.legipermis.com\/blog\/wp-json\/wp\/v2\/posts\/11342\/revisions"}],"wp:featuredmedia":[{"embeddable":true,"href":"https:\/\/www.legipermis.com\/blog\/wp-json\/wp\/v2\/media\/11347"}],"wp:attachment":[{"href":"https:\/\/www.legipermis.com\/blog\/wp-json\/wp\/v2\/media?parent=11342"}],"wp:term":[{"taxonomy":"category","embeddable":true,"href":"https:\/\/www.legipermis.com\/blog\/wp-json\/wp\/v2\/categories?post=11342"},{"taxonomy":"post_tag","embeddable":true,"href":"https:\/\/www.legipermis.com\/blog\/wp-json\/wp\/v2\/tags?post=11342"}],"curies":[{"name":"wp","href":"https:\/\/api.w.org\/{rel}","templated":true}]}}