{"id":11303,"date":"2021-09-23T12:07:19","date_gmt":"2021-09-23T10:07:19","guid":{"rendered":"https:\/\/www.legipermis.com\/blog\/?p=11303"},"modified":"2021-09-23T14:06:36","modified_gmt":"2021-09-23T12:06:36","slug":"pneus-hiver-obligatoires-liste-departements","status":"publish","type":"post","link":"https:\/\/www.legipermis.com\/blog\/2021\/09\/23\/pneus-hiver-obligatoires-liste-departements\/","title":{"rendered":"Pneus hiver obligatoires : la liste des 48 d\u00e9partements"},"content":{"rendered":"<p>Afin d&#8217;am\u00e9liorer la s\u00e9curit\u00e9 et d&#8217;\u00e9viter des bouchons monstrueux, notamment pour l&#8217;acc\u00e8s aux stations de ski dans certains d\u00e9partements &#8220;montagneux&#8221;, la <a href=\"https:\/\/www.legifrance.gouv.fr\/jorf\/id\/JORFTEXT000033717812\" target=\"_blank\" rel=\"noreferrer noopener\">loi montagne II<\/a> du 28 d\u00e9cembre 2016 parue au JO le 18 octobre 2020 entrera en vigueur dans 48 d\u00e9partements \u00e0 partir de la date du <strong>1er novembre 2021<\/strong>. \u00c0 partir de cette date, tous les conducteurs devront soit avoir des pneus hiver ou avoir des cha\u00eenes dans leur v\u00e9hicule pour circuler durant la saison hivernale sur les routes de certaines communes.<\/p>\n\n\n\n<h2 class=\"wp-block-heading\">Quels sont les d\u00e9partements concern\u00e9s par les pneus hiver ?<\/h2>\n\n\n\n<p>Les d\u00e9partements concern\u00e9s par l&#8217;obligation sont ceux se situant dans les principaux massifs montagneux de France : les Alpes, les Pyr\u00e9n\u00e9es, le Massif central, le Jura, les Vosges et la Corse :<\/p>\n\n\n\n<ul class=\"wp-block-list\"><li>l&#8217;Ain (01), <\/li><li>l&#8217;Allier (03), <\/li><li>les Alpes-de-Haute-Provence (04), <\/li><li>les Hautes-Alpes (05), <\/li><li>les Alpes-Maritimes (06), <\/li><li>l&#8217;Ard\u00e8che (07), <\/li><li>l&#8217;Ari\u00e8ge (09), <\/li><li>l&#8217;Aude (11), <\/li><li>l&#8217;Aveyron (12), <\/li><li>le Cantal (15), <\/li><li>la Corr\u00e8ze(19), <\/li><li>la C\u00f4te-d&#8217;Or (21), <\/li><li>la Creuse (23), <\/li><li>le Doubs (25), <\/li><li>la Dr\u00f4me (26), <\/li><li>le Gard (30), <\/li><li>la Haute-Garonne (31), <\/li><li>l&#8217;H\u00e9rault (34), <\/li><li>l&#8217;Is\u00e8re (38), <\/li><li>le Jura (39), <\/li><li>la Loire (42), <\/li><li>la Haute-Loire (43), <\/li><li>le Lot (46), <\/li><li>la Loz\u00e8re (48), <\/li><li>la Meurthe-et-Moselle (54), <\/li><li>la Moselle (57), <\/li><li>la Ni\u00e8vre (58), <\/li><li>le Puy-de-D\u00f4me (63), <\/li><li>les Pyr\u00e9n\u00e9es-Atlantiques (64), <\/li><li>les Hautes-Pyr\u00e9n\u00e9es (65), <\/li><li>les Pyr\u00e9n\u00e9es-Orientales (66), <\/li><li>le Bas-Rhin (67), <\/li><li>le Haut-Rhin (68), <\/li><li>le Rh\u00f4ne (69), <\/li><li>la Haute-Sa\u00f4ne (70), <\/li><li>la Sa\u00f4ne-et-Loire (71), <\/li><li>la Savoie (73), <\/li><li>la Haute-Savoie (74), <\/li><li>le Tarn (81), <\/li><li>le Tarn-et-Garonne (82), <\/li><li>le Var (83), <\/li><li>le Vaucluse (84), <\/li><li>la Haute-Vienne (87), <\/li><li>les Vosges (88),<\/li><li>l&#8217;Yonne (89), <\/li><li>le Territoire de Belfort (90), <\/li><li>la Haute-Corse (2b),<\/li><li>la Corse-du-Sud (2a),<\/li><\/ul>\n\n\n\n<p>A noter que ce ne sera pas l&#8217;int\u00e9gralit\u00e9 des d\u00e9partements qui seront concern\u00e9s mais certaines communes dont la liste sera dress\u00e9e en collaboration entre les pr\u00e9fets, les maires et les \u00e9lus locaux concern\u00e9s.<\/p>\n\n\n\n<div style=\"margin-bottom:4px;max-width:730px;text-align:center;\">\n<div class=\"hidden-xs\">\n<!-- responsive blog legipermis avant bl -->\n<ins class=\"adsbygoogle\" style=\"display:block\" data-ad-client=\"ca-pub-0319615741565724\" data-ad-slot=\"3542437151\" data-ad-format=\"auto\" id=\"top-ad-responsive-blog\"><\/ins>\n<script>\n(tarteaucitron.job = tarteaucitron.job || []).push('adsense');\n(adsbygoogle = window.adsbygoogle || []).push({});\n<\/script>\n<\/div>\n<\/div>\n\n\n\n<h2 class=\"wp-block-heading\">Quelle est la p\u00e9riode durant laquelle les pneus hiver ou les cha\u00eenes seront obligatoires ?<\/h2>\n\n\n\n<p>Dans les lieux concern\u00e9s, les pneus hivers ou la d\u00e9tention de cha\u00eene dans son coffre seront obligatoires durant la p\u00e9riode <strong>du 1er novembre au 31 mars<\/strong> de chaque ann\u00e9e.<\/p>\n\n\n\n<h2 class=\"wp-block-heading\">Quels sont les panneaux qui permettront de signaliser ces zones ?<\/h2>\n\n\n\n<p>Les zones dans lesquelles les &#8220;pneus neige&#8221; seront obligatoires seront indiqu\u00e9s par deux nouveaux panneaux B58 et B59 : <\/p>\n\n\n\n<div class=\"wp-block-image\"><figure class=\"aligncenter size-full\"><noscript><img decoding=\"async\" width=\"537\" height=\"557\" src=\"https:\/\/www.legipermis.com\/blog\/wp-content\/uploads\/2021\/09\/nouveau-panneau-pneu-hiver-B58-B59.png\" alt=\"Panneaux zone pneus hiver ou cha\u00eenes obligatoires du 1er novembre au 31 mars. Panneau B58 et B59.\" class=\"wp-image-11305\" srcset=\"https:\/\/www.legipermis.com\/blog\/wp-content\/uploads\/2021\/09\/nouveau-panneau-pneu-hiver-B58-B59.png 537w, https:\/\/www.legipermis.com\/blog\/wp-content\/uploads\/2021\/09\/nouveau-panneau-pneu-hiver-B58-B59-289x300.png 289w, https:\/\/www.legipermis.com\/blog\/wp-content\/uploads\/2021\/09\/nouveau-panneau-pneu-hiver-B58-B59-145x150.png 145w\" sizes=\"(max-width: 537px) 100vw, 537px\"><\/noscript><img decoding=\"async\" width=\"537\" height=\"557\" src=\"data:image\/svg+xml,%3Csvg%20xmlns%3D%22http%3A%2F%2Fwww.w3.org%2F2000%2Fsvg%22%20viewBox%3D%220%200%20537%20557%22%3E%3C%2Fsvg%3E\" alt=\"Panneaux zone pneus hiver ou cha\u00eenes obligatoires du 1er novembre au 31 mars. Panneau B58 et B59.\" class=\"wp-image-11305 lazyload\" srcset=\"data:image\/svg+xml,%3Csvg%20xmlns%3D%22http%3A%2F%2Fwww.w3.org%2F2000%2Fsvg%22%20viewBox%3D%220%200%20537%20557%22%3E%3C%2Fsvg%3E 537w\" sizes=\"(max-width: 537px) 100vw, 537px\" data-srcset=\"https:\/\/www.legipermis.com\/blog\/wp-content\/uploads\/2021\/09\/nouveau-panneau-pneu-hiver-B58-B59.png 537w, https:\/\/www.legipermis.com\/blog\/wp-content\/uploads\/2021\/09\/nouveau-panneau-pneu-hiver-B58-B59-289x300.png 289w, https:\/\/www.legipermis.com\/blog\/wp-content\/uploads\/2021\/09\/nouveau-panneau-pneu-hiver-B58-B59-145x150.png 145w\" data-src=\"https:\/\/www.legipermis.com\/blog\/wp-content\/uploads\/2021\/09\/nouveau-panneau-pneu-hiver-B58-B59.png\"><figcaption>Nouveaux panneaux B58 et B59<\/figcaption><\/figure><\/div>\n\n\n\n<h2 class=\"wp-block-heading\">Quels sont les v\u00e9hicules concern\u00e9s ?<\/h2>\n\n\n\n<p>Le <a href=\"https:\/\/www.legifrance.gouv.fr\/jorf\/id\/JORFTEXT000042434406\" target=\"_blank\" rel=\"noreferrer noopener\">d\u00e9cret d&#8217;application du 16 octobre 2020<\/a> d\u00e9crit les \u00e9quipements obligatoires en fonction des cat\u00e9gories des v\u00e9hicules concern\u00e9s :<\/p>\n\n\n\n<p>\u2022 pour les v\u00e9hicules l\u00e9gers, les utilitaires et les camping-cars devront avoir des dispositifs antid\u00e9rapants amovibles (<strong>cha\u00eenes<\/strong> ou chaussettes \u00e0 neige)<strong> sur au moins 2 roues motrices<\/strong> <strong>ou<\/strong> \u00eatre \u00e9quip\u00e9s de <strong>4 pneus hiver<\/strong>.<\/p>\n\n\n\n<p>\u2022 les cars, autobus et poids lourds sans remorque, ni semi-remorque devront \u00eatre \u00e9quip\u00e9s des dispositifs antid\u00e9rapants amovibles sur <strong>au moins 2 roues motrices<\/strong> <strong>et<\/strong> avoir des <strong>pneus hiver sur au moins 2 roues directrices<\/strong> du syst\u00e8me de direction principal et au moins deux roues motrices.<\/p>\n\n\n\n<p>\u2022 les v\u00e9hicules lourds avec une remorque ou un semi-remorque devront poss\u00e9der des dispositifs antid\u00e9rapants amovibles afin d&#8217;\u00e9quiper au moins 2 roues motrices.<\/p>\n\n\n\n<blockquote class=\"wp-block-quote is-layout-flow wp-block-quote-is-layout-flow\"><p>\u00ab II. &#8211; Les obligations d&#8217;\u00e9quipement en p\u00e9riode hivernale sont les suivantes :<\/p><p>\u00ab 1\u00b0 Pour les v\u00e9hicules de cat\u00e9gorie M1 et N1 : la d\u00e9tention de dispositifs antid\u00e9rapants amovibles permettant d&#8217;\u00e9quiper au moins deux roues motrices ou le port, sur au moins deux roues de chaque essieu, de pneumatiques \u201chiver\u201d ;<\/p><p>\u00ab 2\u00b0 Pour les v\u00e9hicules de cat\u00e9gorie M2 et M3 : la d\u00e9tention de dispositifs antid\u00e9rapants amovibles permettant d&#8217;\u00e9quiper au moins deux roues motrices ou le port, sur au moins deux roues directrices du syst\u00e8me de direction principal et au moins deux roues motrices, de pneumatiques \u201chiver\u201d ;<\/p><p>\u00ab 3\u00b0 Pour les v\u00e9hicules de cat\u00e9gorie N2 et N3, sans remorque ni semi-remorque : la d\u00e9tention de dispositifs antid\u00e9rapants amovibles permettant d&#8217;\u00e9quiper au moins deux roues motrices ou le port, sur au moins deux roues directrices du syst\u00e8me de direction principal et au moins deux roues motrices, de pneumatiques \u201chiver\u201d ;<\/p><p>\u00ab 4\u00b0 Pour les v\u00e9hicules de cat\u00e9gorie N2 et N3, avec remorque ou semi-remorque : la d\u00e9tention de dispositifs antid\u00e9rapants amovibles permettant d&#8217;\u00e9quiper au moins deux roues motrices.<\/p><cite> <a href=\"https:\/\/www.legifrance.gouv.fr\/jorf\/id\/JORFTEXT000042434406\" target=\"_blank\" rel=\"noreferrer noopener\">D\u00e9cret d&#8217;application du 16 octobre 2020<\/a> <\/cite><\/blockquote>\n\n\n\n<h2 class=\"wp-block-heading\">Quels sont les pneus hivers concern\u00e9s ?<\/h2>\n\n\n\n<p>Les pneus hivers sont les pneumatiques \u201chiver\u201d identifi\u00e9s par les marquages suivants :<\/p>\n\n\n\n<ul class=\"wp-block-list\"><li>M+S, <\/li><li>M.S,<\/li><li>M&amp;S,<\/li><\/ul>\n\n\n\n<p>A partir du 1er novembre de 2024 ces inscriptions devront \u00eatre compl\u00e9t\u00e9es obligatoirement du &#8220;symbole Alpin&#8221;.<\/p>\n\n\n\n<div class=\"wp-block-image\"><figure class=\"aligncenter size-full is-resized\"><noscript><img decoding=\"async\" src=\"https:\/\/www.legipermis.com\/blog\/wp-content\/uploads\/2021\/09\/pneu-symbole-alpin.png\" alt=\"Pneu Symbole alpin 3PMSF\" class=\"wp-image-11308\" width=\"264\" height=\"264\" srcset=\"https:\/\/www.legipermis.com\/blog\/wp-content\/uploads\/2021\/09\/pneu-symbole-alpin.png 600w, https:\/\/www.legipermis.com\/blog\/wp-content\/uploads\/2021\/09\/pneu-symbole-alpin-300x300.png 300w, https:\/\/www.legipermis.com\/blog\/wp-content\/uploads\/2021\/09\/pneu-symbole-alpin-150x150.png 150w\" sizes=\"(max-width: 264px) 100vw, 264px\"><\/noscript><img decoding=\"async\" src=\"data:image\/svg+xml,%3Csvg%20xmlns%3D%22http%3A%2F%2Fwww.w3.org%2F2000%2Fsvg%22%20viewBox%3D%220%200%20264%20264%22%3E%3C%2Fsvg%3E\" alt=\"Pneu Symbole alpin 3PMSF\" class=\"wp-image-11308 lazyload\" width=\"264\" height=\"264\" srcset=\"data:image\/svg+xml,%3Csvg%20xmlns%3D%22http%3A%2F%2Fwww.w3.org%2F2000%2Fsvg%22%20viewBox%3D%220%200%20264%20264%22%3E%3C%2Fsvg%3E 264w\" sizes=\"(max-width: 264px) 100vw, 264px\" data-srcset=\"https:\/\/www.legipermis.com\/blog\/wp-content\/uploads\/2021\/09\/pneu-symbole-alpin.png 600w, https:\/\/www.legipermis.com\/blog\/wp-content\/uploads\/2021\/09\/pneu-symbole-alpin-300x300.png 300w, https:\/\/www.legipermis.com\/blog\/wp-content\/uploads\/2021\/09\/pneu-symbole-alpin-150x150.png 150w\" data-src=\"https:\/\/www.legipermis.com\/blog\/wp-content\/uploads\/2021\/09\/pneu-symbole-alpin.png\"><figcaption>Pneu &#8220;Symbole Alpin&#8221;<\/figcaption><\/figure><\/div>\n\n\n\n<p>Jusqu&#8217;\u00e0 maintenant et jusqu&#8217;au 1er&nbsp;novembre&nbsp;2021, les cha\u00eenes sont obligatoires seulement sur les routes o\u00f9 est implant\u00e9 le panneau&nbsp;<em>B26 \u00e9quipements sp\u00e9ciaux obligatoires<\/em>.<\/p>\n","protected":false},"excerpt":{"rendered":"<p>\nAfin d&#8217;am\u00e9liorer la s\u00e9curit\u00e9 et d&#8217;\u00e9viter des bouchons monstrueux, notamment pour l&#8217;acc\u00e8s aux stations de ski dans certains d\u00e9partements &#8220;montagneux&#8221;, la loi montagne II du 28 d\u00e9cembre 2016 parue au JO le 18 octobre 2020 entrera en vigueur dans 48 d\u00e9partements \u00e0 partir de la date du <strong>1er novembre 2021<\/strong>. \u00c0 partir de cette date, tous les conducteurs devront soit avoir des pneus hiver ou avoir des cha\u00eenes dans leur v\u00e9hicule pour circuler durant la saison hivernale sur les routes de certaines communes.<\/p>\n<p>Quels sont les d\u00e9partements concern\u00e9s par les pneus hiver ?<\/p>\n<p>Les d\u00e9partements concern\u00e9s par l&#8217;obligation sont ceux se situant\u00a0[&#8230;]<\/p>\n","protected":false},"author":3,"featured_media":11310,"comment_status":"open","ping_status":"closed","sticky":false,"template":"","format":"standard","meta":{"footnotes":""},"categories":[2,4],"tags":[116,286,247,243,64],"class_list":["post-11303","post","type-post","status-publish","format-standard","has-post-thumbnail","hentry","category-auto","category-legislation","tag-equipements","tag-hiver","tag-montagne","tag-neige","tag-pneu","post-1","odd"],"aioseo_notices":[],"_links":{"self":[{"href":"https:\/\/www.legipermis.com\/blog\/wp-json\/wp\/v2\/posts\/11303","targetHints":{"allow":["GET"]}}],"collection":[{"href":"https:\/\/www.legipermis.com\/blog\/wp-json\/wp\/v2\/posts"}],"about":[{"href":"https:\/\/www.legipermis.com\/blog\/wp-json\/wp\/v2\/types\/post"}],"author":[{"embeddable":true,"href":"https:\/\/www.legipermis.com\/blog\/wp-json\/wp\/v2\/users\/3"}],"replies":[{"embeddable":true,"href":"https:\/\/www.legipermis.com\/blog\/wp-json\/wp\/v2\/comments?post=11303"}],"version-history":[{"count":0,"href":"https:\/\/www.legipermis.com\/blog\/wp-json\/wp\/v2\/posts\/11303\/revisions"}],"wp:featuredmedia":[{"embeddable":true,"href":"https:\/\/www.legipermis.com\/blog\/wp-json\/wp\/v2\/media\/11310"}],"wp:attachment":[{"href":"https:\/\/www.legipermis.com\/blog\/wp-json\/wp\/v2\/media?parent=11303"}],"wp:term":[{"taxonomy":"category","embeddable":true,"href":"https:\/\/www.legipermis.com\/blog\/wp-json\/wp\/v2\/categories?post=11303"},{"taxonomy":"post_tag","embeddable":true,"href":"https:\/\/www.legipermis.com\/blog\/wp-json\/wp\/v2\/tags?post=11303"}],"curies":[{"name":"wp","href":"https:\/\/api.w.org\/{rel}","templated":true}]}}